{"id":1814997,"date":"2025-11-21T17:38:45","date_gmt":"2025-11-21T16:38:45","guid":{"rendered":"https:\/\/europeannewsroom.com\/?p=1814997"},"modified":"2025-11-21T17:38:50","modified_gmt":"2025-11-21T16:38:50","slug":"lue-nexclut-pas-que-la-cop30-se-finisse-sans-accord-commissaire-europeen","status":"publish","type":"post","link":"https:\/\/europeannewsroom.com\/fr\/lue-nexclut-pas-que-la-cop30-se-finisse-sans-accord-commissaire-europeen\/","title":{"rendered":"L&rsquo;UE n&rsquo;exclut pas que la COP30 se finisse \u00ab\u00a0sans accord\u00a0\u00bb (commissaire europ\u00e9en)"},"content":{"rendered":"\n<p class=\"wp-block-paragraph\">Bel\u00e9m (Br\u00e9sil) \u2013 \u00ab&nbsp;Ce qui est actuellement sur la table est inacceptable. Et vu que nous sommes tellement loin de l\u00e0 o\u00f9 nous devrions \u00eatre, c&rsquo;est malheureux \u00e0 dire, mais nous sommes vraiment face \u00e0 un sc\u00e9nario sans accord&nbsp;\u00bb, a dit Wopke Hoekstra \u00e0 des journalistes au dernier jour th\u00e9orique de la grande conf\u00e9rence de l&rsquo;ONU.<\/p>\n\n\n\n<p class=\"wp-block-paragraph\">La pr\u00e9sidence br\u00e9silienne du sommet, qui se tient \u00e0 Belem depuis la semaine derni\u00e8re, a mis un projet de texte sur la table avec une grande omission : il ne contient ni le mot \u00ab&nbsp;fossiles&nbsp;\u00bb, ni la cr\u00e9ation de la \u00ab&nbsp;feuille de route&nbsp;\u00bb r\u00e9clam\u00e9e par au moins 80 pays europ\u00e9ens, latino-am\u00e9ricains ou insulaires.<\/p>\n\n\n\n<p class=\"wp-block-paragraph\">Protestation imm\u00e9diate des Europ\u00e9ens et de leurs alli\u00e9s, dont la Colombie, qui m\u00e8ne la bataille contre la \u00ab\u00a0prolif\u00e9ration\u00a0\u00bb du p\u00e9trole.<\/p>\n\n\n\n<p class=\"wp-block-paragraph\">\u00ab&nbsp;Le texte ne peut pas rester tel qu&rsquo;il est&nbsp;\u00bb, a relev\u00e9 le ministre allemand de l&rsquo;Environnement, Carsten Schneider.<\/p>\n\n\n\n<p class=\"wp-block-paragraph\">Qui s\u2019oppose \u00e0 tout progr\u00e8s vers la sortie des \u00e9nergies fossiles ? L&rsquo;Inde, l&rsquo;Arabie saoudite et la Russie, rejoints par des pays \u00e9mergents, a d\u00e9clar\u00e9 Monique Barbut, ministre fran\u00e7aise de la Transition \u00e9cologique, \u00e0 des journalistes. (21 novembre 2025)<\/p>\n","protected":false},"excerpt":{"rendered":"<p>L&rsquo;Union europ\u00e9enne n&rsquo;exclut pas que la COP30 se termine \u00ab\u00a0sans accord\u00a0\u00bb, le projet de texte de la pr\u00e9sidence br\u00e9silienne n&rsquo;\u00e9tant pas assez ambitieux sur la r\u00e9duction des \u00e9missions de gaz \u00e0 effet de serre, a averti vendredi le commissaire europ\u00e9en au Climat.<\/p>\n","protected":false},"author":21,"featured_media":1814999,"comment_status":"closed","ping_status":"closed","sticky":false,"template":"","format":"standard","meta":{"_acf_changed":false,"_et_pb_use_builder":"","_et_pb_old_content":"","_et_gb_content_width":"","footnotes":""},"categories":[45],"tags":[1903,22433],"class_list":["post-1814997","post","type-post","status-publish","format-standard","has-post-thumbnail","hentry","category-europe-in-brief","tag-climat","tag-cop30-7"],"acf":[],"_links":{"self":[{"href":"https:\/\/europeannewsroom.com\/fr\/wp-json\/wp\/v2\/posts\/1814997","targetHints":{"allow":["GET"]}}],"collection":[{"href":"https:\/\/europeannewsroom.com\/fr\/wp-json\/wp\/v2\/posts"}],"about":[{"href":"https:\/\/europeannewsroom.com\/fr\/wp-json\/wp\/v2\/types\/post"}],"author":[{"embeddable":true,"href":"https:\/\/europeannewsroom.com\/fr\/wp-json\/wp\/v2\/users\/21"}],"replies":[{"embeddable":true,"href":"https:\/\/europeannewsroom.com\/fr\/wp-json\/wp\/v2\/comments?post=1814997"}],"version-history":[{"count":0,"href":"https:\/\/europeannewsroom.com\/fr\/wp-json\/wp\/v2\/posts\/1814997\/revisions"}],"wp:featuredmedia":[{"embeddable":true,"href":"https:\/\/europeannewsroom.com\/fr\/wp-json\/wp\/v2\/media\/1814999"}],"wp:attachment":[{"href":"https:\/\/europeannewsroom.com\/fr\/wp-json\/wp\/v2\/media?parent=1814997"}],"wp:term":[{"taxonomy":"category","embeddable":true,"href":"https:\/\/europeannewsroom.com\/fr\/wp-json\/wp\/v2\/categories?post=1814997"},{"taxonomy":"post_tag","embeddable":true,"href":"https:\/\/europeannewsroom.com\/fr\/wp-json\/wp\/v2\/tags?post=1814997"}],"curies":[{"name":"wp","href":"https:\/\/api.w.org\/{rel}","templated":true}]}}