{"id":19037,"date":"2022-07-25T10:01:10","date_gmt":"2022-07-25T09:01:10","guid":{"rendered":"https:\/\/enr.today\/?p=19037"},"modified":"2022-07-25T11:47:40","modified_gmt":"2022-07-25T10:47:40","slug":"la-demission-de-draghi-fait-trembler-leurope-et-les-marches","status":"publish","type":"post","link":"https:\/\/europeannewsroom.com\/fr\/la-demission-de-draghi-fait-trembler-leurope-et-les-marches\/","title":{"rendered":"La d\u00e9mission de Draghi fait trembler l&rsquo;Europe et les march\u00e9s"},"content":{"rendered":"\n<p class=\"wp-block-paragraph\">Rome &#8211; Fait rare, le commissaire europ\u00e9en \u00e0 l\u2019\u00c9conomie Paolo Gentiloni est sorti de sa r\u00e9serve d\u00e8s mercredi, fustigeant les partis \u00ab\u00a0irresponsables\u00a0\u00bb qui ont l\u00e2ch\u00e9 l&rsquo;ancien patron de la BCE, au risque de plonger le pays dans une \u00ab\u00a0temp\u00eate parfaite\u00a0\u00bb.<\/p>\n\n\n\n<p class=\"wp-block-paragraph\">La sortie de sc\u00e8ne de Mario Draghi\u00a0arrive au pire moment pour l&rsquo;Italie qui doit faire face \u00e0 l&rsquo;impact de la guerre en Ukraine, r\u00e9duire sa d\u00e9pendance au gaz russe et mettre en route des r\u00e9formes difficiles en vue de l&rsquo;octroi des fonds du plan de relance europ\u00e9en.<\/p>\n\n\n\n<p class=\"wp-block-paragraph\">Premi\u00e8re b\u00e9n\u00e9ficiaire du plan de relance europ\u00e9en, l&rsquo;Italie compte sur une manne de pr\u00e8s de 200 milliards d&rsquo;euros pour stimuler sa croissance, longtemps \u00e0 la tra\u00eene par rapport \u00e0 ses voisins.<\/p>\n\n\n\n<p class=\"wp-block-paragraph\">Mais le d\u00e9boursement des fonds est li\u00e9 \u00e0 une s\u00e9rie de r\u00e9formes, qui semblent compromises avec le d\u00e9part de M.&nbsp;Draghi, m\u00eame si ce dernier continue \u00e0 exp\u00e9dier les affaires courantes. (21 juillet 2022)<\/p>\n\n\n\n<h2 class=\"wp-block-heading\"><strong>La BCE, plus hardie que pr\u00e9vu, met fin \u00e0 l&rsquo;\u00e8re des taux n\u00e9gatifs<\/strong><\/h2>\n\n\n\n<p class=\"wp-block-paragraph\">Francfort &#8211; La Banque centrale europ\u00e9enne (BCE) a d\u00e9cid\u00e9 jeudi d&rsquo;augmenter ses taux d&rsquo;int\u00e9r\u00eat pour la premi\u00e8re fois en plus de dix ans, surprenant par une hausse plus importante que pr\u00e9vu pour combattre l&rsquo;inflation et malgr\u00e9 la crise politique italienne.<\/p>\n\n\n\n<p class=\"wp-block-paragraph\">Prise dans un arbitrage complexe entre hausse des prix et craintes de r\u00e9cession, l&rsquo;institution de Francfort a choisi l&rsquo;audace:&nbsp;elle rel\u00e8ve ses trois taux directeurs de 50 points de base apr\u00e8s avoir pr\u00e9par\u00e9 les esprits \u00e0 une hausse de 25 points seulement.<\/p>\n\n\n\n<p class=\"wp-block-paragraph\">Le principal taux d&rsquo;int\u00e9r\u00eat passe ainsi de z\u00e9ro, niveau o\u00f9 il campait depuis 2016, \u00e0 0,50%, tandis que celui taxant une partie des liquidit\u00e9s bancaires non distribu\u00e9es en cr\u00e9dit, remonte de -0,50% \u00e0 z\u00e9ro.<\/p>\n\n\n\n<p class=\"wp-block-paragraph\">La d\u00e9cision sur ce tour de vis a \u00e9t\u00e9 \u00ab\u00a0unanime\u00a0\u00bb face \u00e0 une inflation qui \u00ab\u00a0restera \u00e0 un niveau \u00e9lev\u00e9 ind\u00e9sirable pendant un certain temps\u00a0\u00bb, selon la pr\u00e9sidente de l&rsquo;institution Christine Lagarde.<\/p>\n\n\n\n<p class=\"wp-block-paragraph\">La hausse des prix en zone euro -8,6% en juin- ne cesse de s&rsquo;accentuer sous l&rsquo;effet conjugu\u00e9 de la reprise post-Covid, des tensions sur les cha\u00eenes d&rsquo;approvisionnement et de la crise \u00e9nerg\u00e9tique li\u00e9e \u00e0 l&rsquo;offensive russe en Ukraine. (21 juillet 2022)<\/p>\n\n\n\n<h2 class=\"wp-block-heading\"><strong>Incendies: d\u00e9j\u00e0 plus de surface br\u00fbl\u00e9e dans l&rsquo;UE qu&rsquo;en 2021<\/strong><\/h2>\n\n\n\n<p class=\"wp-block-paragraph\">Paris &#8211; Les feux de for\u00eat qui ont fait rage ces derni\u00e8res semaines en Europe, notamment dans l&rsquo;ouest du continent frapp\u00e9 par des vagues de chaleur, ont d\u00e9j\u00e0 touch\u00e9 plus de surface que pendant toute l&rsquo;ann\u00e9e 2021, selon le service de surveillance sp\u00e9cialis\u00e9 europ\u00e9en.<\/p>\n\n\n\n<p class=\"wp-block-paragraph\">Dans les 27 pays de l&rsquo;Union europ\u00e9enne, les incendies ont ravag\u00e9 au total 517.881 hectares depuis le d\u00e9but de l&rsquo;ann\u00e9e (chiffres du 16 juillet), soit un peu plus de 5.000 km2, \u00e9quivalent \u00e0 la surface d&rsquo;un d\u00e9partement fran\u00e7ais comme la Mayenne, ou des \u00eeles de Trinit\u00e9-et-Tobago dans les Cara\u00efbes.<\/p>\n\n\n\n<p class=\"wp-block-paragraph\">Pour toute l&rsquo;ann\u00e9e 2021, pourtant marqu\u00e9e par de nombreux incendies en Italie et en Gr\u00e8ce, 470.359 hectares (4.700 km2) avaient br\u00fbl\u00e9 dans les pays de<strong> <\/strong>l&rsquo;UE, selon les donn\u00e9es compil\u00e9es par le Syst\u00e8me europ\u00e9en d&rsquo;information sur les feux de for\u00eat&nbsp;(EFFIS). (21 juillet 2022)<\/p>\n\n\n\n<h2 class=\"wp-block-heading\"><strong>Crise alimentaire: feu vert de Bruxelles pour prolonger en 2023 les d\u00e9rogations sur les jach\u00e8res<\/strong><\/h2>\n\n\n\n<p class=\"wp-block-paragraph\">Bruxelles &#8211; La Commission europ\u00e9enne a accord\u00e9 vendredi son feu vert pour prolonger en 2023 des d\u00e9rogations sur les r\u00e8gles environnementales pour les jach\u00e8res et la rotation des cultures afin de permettre aux Vingt-Sept de renforcer leur production c\u00e9r\u00e9ali\u00e8re face \u00e0 l&rsquo;impact de la guerre en Ukraine.<\/p>\n\n\n\n<p class=\"wp-block-paragraph\">Ces d\u00e9rogations aux r\u00e8gles de la Politique agricole commune (PAC), r\u00e9clam\u00e9es avec insistance par les Etats membres, \u00ab\u00a0maximisera la capacit\u00e9 de production de l&rsquo;UE pour les c\u00e9r\u00e9ales\u00a0\u00bb destin\u00e9es \u00e0 l&rsquo;alimentation humaine, a expliqu\u00e9 l&rsquo;ex\u00e9cutif europ\u00e9en dans un communiqu\u00e9.<\/p>\n\n\n\n<p class=\"wp-block-paragraph\">\u00ab\u00a0On estime qu&rsquo;elle permettra de remettre en cultures 1,5 million d&rsquo;hectares par rapport \u00e0 aujourd&rsquo;hui\u00a0\u00bb, a soulign\u00e9 la Commission.<\/p>\n\n\n\n<p class=\"wp-block-paragraph\">Pour compenser le manque de c\u00e9r\u00e9ales russes et ukrainiennes, la Commission avait d\u00e9j\u00e0 valid\u00e9 en mars une d\u00e9rogation \u00ab\u00a0temporaire\u00a0\u00bb pour l&rsquo;ann\u00e9e 2022 \u00e0 ses r\u00e8gles sur les&nbsp;jach\u00e8res&nbsp;avec l&rsquo;autorisation de \u00ab\u00a0toute culture destin\u00e9e \u00e0 l&rsquo;alimentation\u00a0\u00bb sur ces terres non cultiv\u00e9es. (22 juillet 2022)<\/p>\n\n\n\n<h2 class=\"wp-block-heading\"><strong>Irlande du Nord: l&rsquo;UE lance de nouvelles proc\u00e9dures d&rsquo;infraction contre Londres<\/strong><\/h2>\n\n\n\n<p class=\"wp-block-paragraph\">Bruxelles &#8211; La Commission europ\u00e9enne a annonc\u00e9 vendredi avoir lanc\u00e9 contre le Royaume-Uni quatre nouvelles proc\u00e9dures d&rsquo;infraction, pouvant mener \u00e0 une saisine de la justice europ\u00e9enne, pour non-respect des dispositions pr\u00e9vues dans le protocole post-Brexit sur l&rsquo;Irlande du Nord.<\/p>\n\n\n\n<p class=\"wp-block-paragraph\">Au total, l&rsquo;ex\u00e9cutif europ\u00e9en a d\u00e9clench\u00e9 sept proc\u00e9dures de ce type contre Londres \u00e0 propos de ce protocole nord-irlandais, source de tensions entre Londres et Bruxelles.<\/p>\n\n\n\n<p class=\"wp-block-paragraph\">La Commission \u00e9pingle \u00ab\u00a0le refus du Royaume-Uni d&rsquo;engager une discussion s\u00e9rieuse depuis f\u00e9vrier dernier\u00a0\u00bb, ainsi que \u00ab\u00a0le passage du projet de loi sur (la r\u00e9vision unilat\u00e9rale du) protocole de l&rsquo;Irlande du Nord au Parlement britannique\u00a0\u00bb. Les d\u00e9put\u00e9s britanniques ont adopt\u00e9 fin juin en premi\u00e8re lecture cette r\u00e9vision unilat\u00e9rale, jug\u00e9e ill\u00e9gale par l&rsquo;Union europ\u00e9enne. <\/p>\n\n\n\n<p class=\"wp-block-paragraph\">Les nouvelles proc\u00e9dures portent sur le non-respect des obligations douani\u00e8res et le contr\u00f4le des marchandises allant&nbsp;d&rsquo;Irlande&nbsp;du Nord vers la Grande-Bretagne (ce qui augmente, selon Bruxelles, le risque de contrebande via la fronti\u00e8re nord-irlandaise), le non-respect de la l\u00e9gislation europ\u00e9enne notamment sur les taxes sur l&rsquo;alcool et sur la TVA pour l&rsquo;e-commerce. (22 juillet 2022)<\/p>\n\n\n\n<p class=\"wp-block-paragraph\"><em>Cette compilation est une s\u00e9lection \u00e9ditoriale bas\u00e9e sur la couverture Europe de l\u2019AFP. La responsabilit\u00e9 \u00e9ditoriale de cette publication incombe \u00e0 l\u2019AFP. Elle est publi\u00e9e le lundi et le jeudi.<\/em><\/p>\n","protected":false},"excerpt":{"rendered":"<p>La d\u00e9mission du Premier ministre italien Mario Draghi, gage de s\u00e9rieux dans un pays traditionnellement instable, a provoqu\u00e9 jeudi une onde de choc en Europe et sur les march\u00e9s, inquiets de la brusque hausse du co\u00fbt de son \u00e9norme dette.<\/p>\n","protected":false},"author":89,"featured_media":19155,"comment_status":"closed","ping_status":"closed","sticky":false,"template":"","format":"standard","meta":{"_acf_changed":false,"_et_pb_use_builder":"","_et_pb_old_content":"","_et_gb_content_width":"","footnotes":""},"categories":[45],"tags":[1601,1337,1599,521],"class_list":["post-19037","post","type-post","status-publish","format-standard","has-post-thumbnail","hentry","category-europe-in-brief","tag-incendies","tag-inflation-2","tag-italie","tag-ue-2"],"acf":[],"_links":{"self":[{"href":"https:\/\/europeannewsroom.com\/fr\/wp-json\/wp\/v2\/posts\/19037","targetHints":{"allow":["GET"]}}],"collection":[{"href":"https:\/\/europeannewsroom.com\/fr\/wp-json\/wp\/v2\/posts"}],"about":[{"href":"https:\/\/europeannewsroom.com\/fr\/wp-json\/wp\/v2\/types\/post"}],"author":[{"embeddable":true,"href":"https:\/\/europeannewsroom.com\/fr\/wp-json\/wp\/v2\/users\/89"}],"replies":[{"embeddable":true,"href":"https:\/\/europeannewsroom.com\/fr\/wp-json\/wp\/v2\/comments?post=19037"}],"version-history":[{"count":0,"href":"https:\/\/europeannewsroom.com\/fr\/wp-json\/wp\/v2\/posts\/19037\/revisions"}],"wp:featuredmedia":[{"embeddable":true,"href":"https:\/\/europeannewsroom.com\/fr\/wp-json\/wp\/v2\/media\/19155"}],"wp:attachment":[{"href":"https:\/\/europeannewsroom.com\/fr\/wp-json\/wp\/v2\/media?parent=19037"}],"wp:term":[{"taxonomy":"category","embeddable":true,"href":"https:\/\/europeannewsroom.com\/fr\/wp-json\/wp\/v2\/categories?post=19037"},{"taxonomy":"post_tag","embeddable":true,"href":"https:\/\/europeannewsroom.com\/fr\/wp-json\/wp\/v2\/tags?post=19037"}],"curies":[{"name":"wp","href":"https:\/\/api.w.org\/{rel}","templated":true}]}}