{"id":199168,"date":"2024-02-02T13:34:27","date_gmt":"2024-02-02T12:34:27","guid":{"rendered":"https:\/\/europeannewsroom.dpa.com\/?p=199168"},"modified":"2024-02-02T13:34:35","modified_gmt":"2024-02-02T12:34:35","slug":"lue-divisee-sur-les-coupes-dans-laide-a-lunrwa","status":"publish","type":"post","link":"https:\/\/europeannewsroom.com\/fr\/lue-divisee-sur-les-coupes-dans-laide-a-lunrwa\/","title":{"rendered":"L\u2019UE divis\u00e9e sur les coupes dans l\u2019aide \u00e0 l\u2019UNRWA"},"content":{"rendered":"\n<p class=\"wp-block-paragraph\">Lundi, l\u2019UE a annonc\u00e9 une r\u00e9vision de son financement de l\u2019Office de secours et de travaux des Nations unies pour les r\u00e9fugi\u00e9s de Palestine dans le Proche-Orient (UNRWA) ainsi que la suspension des paiements \u00e0 l\u2019organisation jusqu\u2019\u00e0 fin f\u00e9vrier. L\u2019UE demande un \u00ab\u00a0examen urgent\u00a0\u00bb apr\u00e8s que les autorit\u00e9s isra\u00e9liennes ont insinu\u00e9 l\u2019implication de certains membres du personnel de l\u2019UNRWA dans dans les attaques du Hamas du 7\u00a0octobre.<\/p>\n\n\n\n<blockquote class=\"wp-block-quote is-layout-flow wp-block-quote-is-layout-flow\">\n<p class=\"wp-block-paragraph\">\u00ab&nbsp;Il est tout \u00e0 fait clair que ces mesures sont urgentes. Elles sont importantes et devraient \u00eatre lanc\u00e9es sans d\u00e9lai&nbsp;\u00bb, <\/p>\n<cite>a d\u00e9clar\u00e9 le porte-parole en chef de la Commission europ\u00e9enne, Eric Mamer, aux journalistes.<\/cite><\/blockquote>\n\n\n\n<p class=\"wp-block-paragraph\">Il a \u00e9t\u00e9 pr\u00e9cis\u00e9 que l\u2019examen devait \u00eatre dirig\u00e9 par des experts nomm\u00e9s par la Commission et men\u00e9 parall\u00e8lement \u00e0 une enqu\u00eate de l\u2019ONU sur ces all\u00e9gations. La d\u00e9claration de la Commission indique \u00e9galement que l\u2019aide humanitaire aux Palestiniens de la bande de Gaza et de Cisjordanie \u00ab&nbsp;se poursuivra sans rel\u00e2che par le biais d\u2019organisations partenaires&nbsp;\u00bb.<\/p>\n\n\n\n<h2 class=\"wp-block-heading\"><strong>L\u2019UNRWA met en garde contre une catastrophe humanitaire<\/strong><\/h2>\n\n\n\n<p class=\"wp-block-paragraph\">Le <em>Wall Street Journal<\/em>, se r\u00e9f\u00e9rant \u00e0 un dossier isra\u00e9lien, a rapport\u00e9 que 10\u00a0% des employ\u00e9s palestiniens de l\u2019UNRWA avaient des \u00ab\u00a0liens \u00e9troits\u00a0\u00bb avec des organisations terroristes actives dans la bande de Gaza. Le <em>New York Times<\/em> avait pr\u00e9c\u00e9demment affirm\u00e9, en se r\u00e9f\u00e9rant \u00e0 ce m\u00eame dossier, qu\u2019un employ\u00e9 de l\u2019UNRWA avait \u00e9t\u00e9 impliqu\u00e9 dans l\u2019enl\u00e8vement d\u2019une femme en Isra\u00ebl, qu\u2019un autre avait distribu\u00e9 des munitions, et qu\u2019un troisi\u00e8me avait particip\u00e9 \u00e0 un massacre dans un kibboutz ayant fait 97\u00a0morts. Le dossier contient des accusations contre un total de douze employ\u00e9s de l\u2019UNRWA. Washington les consid\u00e8re comme cr\u00e9dibles.<\/p>\n\n\n\n<p class=\"wp-block-paragraph\">En r\u00e9ponse aux accusations isra\u00e9liennes, l\u2019UNRWA a licenci\u00e9 plusieurs membres de son personnel, sur quoi de nombreux pays, dont les \u00c9tats-Unis, la France, le Royaume-Uni, l\u2019Allemagne et le Japon, ont annonc\u00e9 la suspension de tout financement ult\u00e9rieur de l\u2019agence humanitaire des Nations unies. Le commissaire g\u00e9n\u00e9ral de l\u2019agence onusienne, <strong>Philippe Lazzarini,<\/strong> a qualifi\u00e9 ces d\u00e9cisions de \u00ab\u00a0choquantes\u00a0\u00bb et a soulign\u00e9 que plus de 2\u00a0millions de personnes dans la bande de Gaza \u00ab\u00a0d\u00e9pendaient de l\u2019UNRWA pour leur survie pure et simple\u00a0\u00bb. Il a appel\u00e9 ces pays \u00e0 \u00ab\u00a0reconsid\u00e9rer leurs d\u00e9cisions\u00a0\u00bb. L\u2019UNRWA a d\u00e9clar\u00e9 qu\u2019elle devrait cesser ses activit\u00e9s dans un d\u00e9lai d\u2019un mois si le financement n\u2019\u00e9tait pas maintenu.<\/p>\n\n\n\n<p class=\"wp-block-paragraph\">Le coordinateur des secours d\u2019urgence des Nations unies, <strong>Martin Griffiths<\/strong>, a qualifi\u00e9 l\u2019UNRWA de \u00ab&nbsp;pi\u00e8ce ma\u00eetresse&nbsp;\u00bb de l\u2019aide humanitaire apport\u00e9e aux habitants de la bande de Gaza. Le travail de l\u2019UNRWA, qui sauve des vies pendant la guerre, \u00ab&nbsp;ne devrait pas \u00eatre mis en danger par des accusations sur les actions pr\u00e9sum\u00e9es de quelques individus&nbsp;\u00bb, a d\u00e9clar\u00e9 Griffiths mercredi lors d\u2019une r\u00e9union du Conseil de s\u00e9curit\u00e9 de l\u2019ONU \u00e0 New York. Griffiths s\u2019est dit horrifi\u00e9 par les accusations et a d\u00e9clar\u00e9 que tout serait fait pour garantir les exigences du monde quant \u00e0 la neutralit\u00e9 politique de l\u2019organisation.<\/p>\n\n\n\n<h2 class=\"wp-block-heading\"><strong>Guterres appelle les pays \u00e0 poursuivre leur soutien<\/strong><\/h2>\n\n\n\n<p class=\"wp-block-paragraph\">Le secr\u00e9taire g\u00e9n\u00e9ral de l\u2019ONU, <strong>Antonio Guterres<\/strong>, a promis un examen ind\u00e9pendant urgent de l\u2019UNRWA, tout en appelant les pays donateurs \u00e0 garantir la p\u00e9rennit\u00e9 de l\u2019agence humanitaire, dans l\u2019int\u00e9r\u00eat de la population d\u00e9sesp\u00e9r\u00e9e qu\u2019elle sert.<\/p>\n\n\n\n<p class=\"wp-block-paragraph\">La Slov\u00e9nie s\u2019est jointe \u00e0 l\u2019appel de Guterres \u00e0 ces pays pour qu\u2019ils continuent \u00e0 financer l\u2019UNRWA, a d\u00e9clar\u00e9 mardi le minist\u00e8re des Affaires \u00e9trang\u00e8res slov\u00e8ne dans une d\u00e9claration \u00e0 l\u2019agence de presse STA. Un gel des fonds compromettrait l\u2019UNRWA et mettrait en p\u00e9ril la vie des Palestiniens au Proche-Orient. L\u2019ann\u00e9e derni\u00e8re, la Slov\u00e9nie a allou\u00e9 1,2&nbsp;million d\u2019euros \u00e0 l\u2019organisation humanitaire, un montant record. Aucune d\u00e9cision n\u2019a encore \u00e9t\u00e9 prise quant \u00e0 la contribution du pays pour l\u2019ann\u00e9e en cours.<\/p>\n\n\n\n<h2 class=\"wp-block-heading\"><strong>Borrell&nbsp;: \u00ab&nbsp;Il n\u2019y a pas d\u2019alternative \u00e0 l\u2019UNRWA.&nbsp;\u00bb<\/strong><\/h2>\n\n\n\n<p class=\"wp-block-paragraph\">Le 1<sup>er<\/sup>&nbsp;f\u00e9vrier, en marge du sommet de l\u2019UE, le haut repr\u00e9sentant de l\u2019UE pour les Affaires \u00e9trang\u00e8res <strong>Josep Borrell <\/strong>a d\u00e9clar\u00e9 que des centaines de milliers de personnes mourraient si le financement \u00e9tait interrompu. \u00ab&nbsp;Si vous r\u00e9duisez le financement de l\u2019UNRWA, vous punissez l\u2019ensemble du peuple palestinien. Il n\u2019y a pas d\u2019alternative \u00e0 l\u2019UNRWA (\u2026) si on veut maintenir ces gens en vie. Donc, pas de punition collective du peuple palestinien&nbsp;\u00bb, a-t-il soulign\u00e9.<\/p>\n\n\n\n<h2 class=\"wp-block-heading\"><strong>L\u2019Espagne ne retirera pas son soutien<\/strong><\/h2>\n\n\n\n<p class=\"wp-block-paragraph\">L\u2019Espagne, qui a toujours soutenu la proposition de reconna\u00eetre un \u00c9tat palestinien, continuera \u00e0 le faire, a assur\u00e9 lundi le ministre des Affaires \u00e9trang\u00e8res<strong> Jos\u00e9 Manuel Albares<\/strong>. Madrid suivra toutefois l\u2019enqu\u00eate de pr\u00e8s. Albares a soulign\u00e9 que seule une douzaine des quelque 30&nbsp;000 employ\u00e9s de l\u2019agence, dont 13&nbsp;000 travaillent \u00e0 Gaza et effectuent un travail \u00ab&nbsp;essentiel&nbsp;\u00bb pour aider la population locale, font l\u2019objet d\u2019une enqu\u00eate.<\/p>\n\n\n\n<p class=\"wp-block-paragraph\">Cela a conduit le ministre isra\u00e9lien des Affaires de la Diaspora, <strong>Amichai Chikli<\/strong>, \u00e0 r\u00e9affirmer que l\u2019UNRWA \u00ab&nbsp;\u00e9tait le Hamas&nbsp;\u00bb et qu\u2019Isra\u00ebl \u00e9tait \u00ab&nbsp;extr\u00eamement d\u00e9\u00e7u&nbsp;\u00bb que l\u2019Espagne n\u2019ait pas retir\u00e9 sa contribution financi\u00e8re \u00e0 l\u2019organisation humanitaire.<\/p>\n\n\n\n<h2 class=\"wp-block-heading\"><strong>La Belgique poursuit son soutien en raison de \u00ab&nbsp;besoins humanitaires \u00e9lev\u00e9s&nbsp;\u00bb.<\/strong><\/h2>\n\n\n\n<p class=\"wp-block-paragraph\">Mercredi, apr\u00e8s que les Nations unies ont inform\u00e9 les pays donateurs de leur enqu\u00eate, la Belgique a annonc\u00e9 qu\u2019elle poursuivrait pour l\u2019instant son financement en raison des \u00ab&nbsp;besoins humanitaires \u00e9lev\u00e9s et du risque de famine&nbsp;\u00bb dans la bande de Gaza, a d\u00e9clar\u00e9 la ministre de la Coop\u00e9ration au d\u00e9veloppement, <strong>Caroline Gennez<\/strong> (du parti social-d\u00e9mocrate Vooruit). Il ressort des briefings de l\u2019ONU que les forces de s\u00e9curit\u00e9 isra\u00e9liennes n\u2019ont pas encore fourni de preuves, ni \u00e0 la Belgique ni aux autres pays donateurs.<\/p>\n\n\n\n<p class=\"wp-block-paragraph\">La Belgique attend les r\u00e9sultats d\u2019une enqu\u00eate sur les liens \u00e9ventuels entre le personnel de l\u2019UNRWA et l\u2019organisation extr\u00e9miste palestinienne Hamas. \u00ab&nbsp;Si les all\u00e9gations sont confirm\u00e9es, des mesures tr\u00e8s strictes doivent \u00eatre prises. Il est absolument inacceptable que des collaborateurs aient \u00e9t\u00e9 impliqu\u00e9s dans les attentats terroristes barbares du 7&nbsp;octobre ou qu\u2019ils en fassent l\u2019apologie&nbsp;\u00bb, a d\u00e9clar\u00e9 Gennez.<\/p>\n\n\n\n<h2 class=\"wp-block-heading\"><strong>L\u2019Autriche, la Croatie, l\u2019Allemagne, la Roumanie et la Su\u00e8de suspendent leurs paiements<\/strong><\/h2>\n\n\n\n<p class=\"wp-block-paragraph\">Le minist\u00e8re roumain des Affaires \u00e9trang\u00e8res a annonc\u00e9 lundi qu\u2019il avait suspendu ses paiements volontaires \u00e0 l\u2019UNRWA. \u00ab&nbsp;Jusqu\u2019\u00e0 la fin de l\u2019enqu\u00eate, le minist\u00e8re ne versera pas de nouvelles contributions volontaires \u00e0 l\u2019UNRWA&nbsp;\u00bb, a indiqu\u00e9 le minist\u00e8re.<\/p>\n\n\n\n<p class=\"wp-block-paragraph\">La Croatie n\u2019a pas pr\u00e9vu de faire de dons \u00e0 l\u2019UNRWA pour l\u2019ann\u00e9e 2024. Dans le pass\u00e9, elle n\u2019a fait de dons \u00ab&nbsp;qu\u2019\u00e0 titre exceptionnel et sur demande&nbsp;\u00bb, a d\u00e9clar\u00e9 le minist\u00e8re des Affaires \u00e9trang\u00e8res \u00e0 l\u2019agence de presse croate Hina. Depuis le d\u00e9but de la guerre, la Croatie a fait don d\u2019un total de 1,25&nbsp;million d\u2019euros d\u2019aide humanitaire d\u2019urgence \u00e0 la population civile de Gaza. L\u2019UNRWA a re\u00e7u 250&nbsp;000&nbsp;euros d\u2019aide humanitaire d\u2019urgence pour la population civile de Gaza, selon le minist\u00e8re.<\/p>\n\n\n\n<p class=\"wp-block-paragraph\">La Su\u00e8de, traditionnellement un alli\u00e9 solide de l\u2019UNRWA, a d\u00e9cid\u00e9 de suspendre son financement le temps que l\u2019Agence su\u00e9doise de d\u00e9veloppement international (SIDA) enqu\u00eate sur la situation. \u00ab&nbsp;Je partage l\u2019avis selon lequel la situation humanitaire \u00e0 Gaza est terrible. La Su\u00e8de veut aider la population civile, mais nous devons nous assurer que l\u2019aide n\u2019est pas d\u00e9tourn\u00e9e dans des buts n\u00e9fastes&nbsp;\u00bb, a d\u00e9clar\u00e9 le Premier ministre conservateur <strong>Ulf Kristersson<\/strong> lors d\u2019une conf\u00e9rence de presse. Les sociaux-d\u00e9mocrates su\u00e9dois ont critiqu\u00e9 cette d\u00e9cision&nbsp;: \u00ab&nbsp;Cela pourrait ruiner la principale organisation d\u2019aide aux Palestiniens dans une situation o\u00f9 des millions de civils sont affect\u00e9s par la guerre et menac\u00e9s de famine&nbsp;\u00bb, a d\u00e9clar\u00e9 <strong>Morgan Johansson<\/strong>, ancien ministre de la Justice, sur X.<\/p>\n\n\n\n<p class=\"wp-block-paragraph\">Lundi, le minist\u00e8re autrichien des Affaires \u00e9trang\u00e8res a d\u00e9clar\u00e9 que \u00ab&nbsp;les accusations (\u2026) \u00e9taient profond\u00e9ment choquantes et extr\u00eamement inqui\u00e9tantes&nbsp;\u00bb. Toutes les contributions \u00e0 l\u2019UNRWA ont \u00e9t\u00e9 suspendues \u00ab&nbsp;jusqu\u2019\u00e0 ce que ces all\u00e9gations soient enti\u00e8rement clarifi\u00e9es&nbsp;\u00bb. La contribution autrichienne \u00e0 l\u2019UNRWA se divise en une contribution annuelle d\u2019environ 400&nbsp;000&nbsp;euros et des contributions cibl\u00e9es de 3&nbsp;millions d\u2019euros par an pour un projet de sant\u00e9. Comme l\u2019a constat\u00e9 le minist\u00e8re des Affaires \u00e9trang\u00e8res, l\u2019Autriche continue toutefois d\u2019aider par d\u2019autres moyens la population civile en d\u00e9tresse dans la bande de Gaza. Depuis le 7&nbsp;octobre, un total de 13&nbsp;millions d\u2019euros d\u2019aide humanitaire a \u00e9t\u00e9 mis \u00e0 disposition \u00e0 cet effet.<\/p>\n\n\n\n<p class=\"wp-block-paragraph\">La ministre allemande des Affaires \u00e9trang\u00e8res <strong>Annalena Baerbock<\/strong>, qui a suspendu l\u2019aide pour le moment, a appel\u00e9 \u00e0 des enqu\u00eates rapides. \u00ab&nbsp;La situation \u00e0 Gaza est tout simplement un enfer&nbsp;\u00bb, a d\u00e9clar\u00e9 la politicienne des Verts mercredi \u00e0 Berlin. L\u2019UNRWA est pratiquement le seul fournisseur d\u2019aide dans la bande de Gaza, toutes les autres organisations d\u2019aide \u00ab&nbsp;ne pouvant quasiment pas agir en ce moment&nbsp;\u00bb. L\u2019ann\u00e9e derni\u00e8re, l\u2019Allemagne a vers\u00e9 206,5&nbsp;millions d\u2019euros \u00e0 l\u2019UNRWA. Selon le minist\u00e8re des Affaires \u00e9trang\u00e8res, l\u2019Allemagne n\u2019accordera pas de nouveaux fonds \u00e0 l\u2019UNRWA avant la conclusion de l\u2019enqu\u00eate. De toute fa\u00e7on, aucune nouvelle promesse de don n\u2019est actuellement \u00e0 l\u2019ordre du jour.<\/p>\n\n\n\n<h2 class=\"wp-block-heading\"><strong>Le PPE demande un d\u00e9bat sur l\u2019UNRWA lors de la session pl\u00e9ni\u00e8re du PE \u00e0 Strasbourg<\/strong><\/h2>\n\n\n\n<p class=\"wp-block-paragraph\">Le Parti populaire europ\u00e9en (PPE) demande un d\u00e9bat sur l\u2019implication pr\u00e9sum\u00e9e de l\u2019UNRWA dans les attentats du Hamas lors de la session pl\u00e9ni\u00e8re du Parlement europ\u00e9en, la semaine prochaine \u00e0 Strasbourg. C\u2019est ce qu\u2019a annonc\u00e9 sur X l\u2019eurod\u00e9put\u00e9 su\u00e9dois <strong>David Leg<\/strong>a, membre des commissions des Affaires \u00e9trang\u00e8res et des Droits de l\u2019homme.<\/p>\n\n\n\n<h2 class=\"wp-block-heading\"><strong>Un accord possible&nbsp;?<\/strong><\/h2>\n\n\n\n<figure class=\"wp-block-image size-full\"><img loading=\"lazy\" decoding=\"async\" width=\"1920\" height=\"1281\" src=\"https:\/\/europeannewsroom.com\/wp-content\/uploads\/2024\/02\/urnnewsmldpa.com20090101240120-911-015114-v2-s2048.jpeg\" alt=\"\" class=\"wp-image-199108\"\/><figcaption class=\"wp-element-caption\">Des manifestants bloquent la route lors d&rsquo;une manifestation demandant la lib\u00e9ration imm\u00e9diate de tous les otages isra\u00e9liens \u00e0 Gaza. Foto : Ilia Yefimovich\/dpa<\/figcaption><\/figure>\n\n\n\n<p class=\"wp-block-paragraph\">Selon le <em>Times of Israel<\/em>, les services secrets isra\u00e9liens, le Mossad, ont inform\u00e9 lundi les ministres du cabinet de guerre des grandes lignes d\u2019un \u00e9ventuel accord. Celui-ci pr\u00e9voirait la lib\u00e9ration de 35&nbsp;otages f\u00e9minins, malades, bless\u00e9s et \u00e2g\u00e9s dans une premi\u00e8re phase au cours de laquelle les combats seraient suspendus pendant 35&nbsp;jours. Cette p\u00e9riode serait suivie d\u2019une autre tr\u00eave d\u2019une semaine, au cours de laquelle les n\u00e9gociateurs tenteraient \u00e9galement de faire lib\u00e9rer les jeunes hommes et les otages que le Hamas consid\u00e8re comme des soldats.<\/p>\n\n\n\n<p class=\"wp-block-paragraph\">Un point central encore \u00e0 clarifier est l\u2019exigence du Hamas que l\u2019accord pr\u00e9voie un cessez-le-feu permanent, exclu par Isra\u00ebl. Le Premier ministre isra\u00e9lien <strong>Benjamin Netanyahu<\/strong> a soulign\u00e9 \u00e0 plusieurs reprises qu\u2019Isra\u00ebl s\u2019en tiendrait \u00e0 son objectif de d\u00e9truire le Hamas et de faire en sorte que la bande de Gaza ne constitue plus une menace pour Isra\u00ebl. Un accord sur la lib\u00e9ration des otages pourrait \u00eatre conclu prochainement, mais Isra\u00ebl a de nouveau soulign\u00e9 mercredi soir que ce ne serait \u00ab\u00a0pas \u00e0 n\u2019importe quel prix\u00a0\u00bb, selon Netanyahu.<\/p>\n\n\n\n<p class=\"wp-block-paragraph\"><\/p>\n\n\n\n<p class=\"wp-block-paragraph\"><em>Cette publication est hebdomadaire. Le contenu est bas\u00e9 sur des nouvelles des agences participantes au sein de la enr.<\/em><\/p>\n","protected":false},"excerpt":{"rendered":"<p>L\u2019UE est l\u2019un des principaux donateurs de l\u2019UNRWA. Suite aux accusations isra\u00e9liennes selon lesquelles plusieurs membres du personnel de l\u2019UNRWA auraient \u00e9t\u00e9 impliqu\u00e9s dans l\u2019attaque du Hamas du 7\u00a0octobre, l\u2019UE a annonc\u00e9 qu\u2019elle allait revoir son soutien. Certains \u00c9tats estiment qu\u2019il s\u2019agit d\u2019une mesure urgente, d\u2019autres signalent le risque d\u2019une punition collective du peuple palestinien.<\/p>\n","protected":false},"author":119,"featured_media":198445,"comment_status":"closed","ping_status":"closed","sticky":false,"template":"","format":"standard","meta":{"_acf_changed":false,"_et_pb_use_builder":"","_et_pb_old_content":"","_et_gb_content_width":"","footnotes":""},"categories":[39],"tags":[11704,11597,521],"class_list":["post-199168","post","type-post","status-publish","format-standard","has-post-thumbnail","hentry","category-key-story","tag-gaza-4","tag-israel-3","tag-ue-2"],"acf":[],"_links":{"self":[{"href":"https:\/\/europeannewsroom.com\/fr\/wp-json\/wp\/v2\/posts\/199168","targetHints":{"allow":["GET"]}}],"collection":[{"href":"https:\/\/europeannewsroom.com\/fr\/wp-json\/wp\/v2\/posts"}],"about":[{"href":"https:\/\/europeannewsroom.com\/fr\/wp-json\/wp\/v2\/types\/post"}],"author":[{"embeddable":true,"href":"https:\/\/europeannewsroom.com\/fr\/wp-json\/wp\/v2\/users\/119"}],"replies":[{"embeddable":true,"href":"https:\/\/europeannewsroom.com\/fr\/wp-json\/wp\/v2\/comments?post=199168"}],"version-history":[{"count":0,"href":"https:\/\/europeannewsroom.com\/fr\/wp-json\/wp\/v2\/posts\/199168\/revisions"}],"wp:featuredmedia":[{"embeddable":true,"href":"https:\/\/europeannewsroom.com\/fr\/wp-json\/wp\/v2\/media\/198445"}],"wp:attachment":[{"href":"https:\/\/europeannewsroom.com\/fr\/wp-json\/wp\/v2\/media?parent=199168"}],"wp:term":[{"taxonomy":"category","embeddable":true,"href":"https:\/\/europeannewsroom.com\/fr\/wp-json\/wp\/v2\/categories?post=199168"},{"taxonomy":"post_tag","embeddable":true,"href":"https:\/\/europeannewsroom.com\/fr\/wp-json\/wp\/v2\/tags?post=199168"}],"curies":[{"name":"wp","href":"https:\/\/api.w.org\/{rel}","templated":true}]}}