{"id":201838,"date":"2024-02-07T18:20:55","date_gmt":"2024-02-07T17:20:55","guid":{"rendered":"https:\/\/europeannewsroom.dpa.com\/?p=201838"},"modified":"2024-02-07T18:20:59","modified_gmt":"2024-02-07T17:20:59","slug":"ministres-des-affaires-etrangeres-de-lue-les-relations-avec-les-partenaires-africains-sont-une-priorite-geopolitique","status":"publish","type":"post","link":"https:\/\/europeannewsroom.com\/fr\/ministres-des-affaires-etrangeres-de-lue-les-relations-avec-les-partenaires-africains-sont-une-priorite-geopolitique\/","title":{"rendered":"Ministres des Affaires \u00e9trang\u00e8res de l\u2019UE\u00a0: les relations avec les partenaires africains sont une priorit\u00e9 g\u00e9opolitique"},"content":{"rendered":"\n<p class=\"wp-block-paragraph\">Lors d\u2019une r\u00e9union informelle des ministres des Affaires \u00e9trang\u00e8res de l\u2019UE \u00e0 Bruxelles, : le chef de la diplomatie europ\u00e9ene, <strong>Josep Borrell<\/strong>, s\u2019est engag\u00e9 \u00e0 soutenir au nom de l\u2019UE les requ\u00eates des pays africains visant \u00e0 obtenir davantage d\u2019importance et de pr\u00e9sence dans les discussions multilat\u00e9rales.<\/p>\n\n\n\n<p class=\"wp-block-paragraph\">\u00ab&nbsp;En ce qui concerne l\u2019Afrique (\u2026), nous avons parl\u00e9 du continent comme d\u2019une priorit\u00e9 g\u00e9opolitique et de notre d\u00e9termination absolue \u00e0 renforcer notre dialogue et notre coop\u00e9ration&nbsp;\u00bb, a d\u00e9clar\u00e9 le haut repr\u00e9sentant de l\u2019UE pour les Affaires \u00e9trang\u00e8res et la Politique de s\u00e9curit\u00e9. \u00ab&nbsp;Nous soutiendrons les aspirations de l\u2019Afrique \u00e0 obtenir une plus grande repr\u00e9sentation dans les forums multilat\u00e9raux&nbsp;\u00bb, a-t-il ajout\u00e9.<\/p>\n\n\n\n<p class=\"wp-block-paragraph\">Depuis la guerre de la Russie contre l\u2019Ukraine, l\u2019Afrique est devenue un front diplomatique. Plusieurs pays du continent sont agressivement courtis\u00e9s par la Russie, la Chine et l\u2019Occident. La force mercenaire russe Wagner entretient une forte pr\u00e9sence militaire en Afrique. Elle y a conclu des partenariats avec plusieurs \u00c9tats, dont le Mali et la R\u00e9publique centrafricaine.<\/p>\n\n\n\n<p class=\"wp-block-paragraph\">Les derni\u00e8res troupes fran\u00e7aises se sont retir\u00e9es du Niger en d\u00e9cembre 2023, dernier revers en date apr\u00e8s plus d\u2019une d\u00e9cennie d\u2019op\u00e9rations fran\u00e7aises contre le djihadisme dans la r\u00e9gion du Sahel, en Afrique de l\u2019Ouest. C\u2019\u00e9tait la troisi\u00e8me fois en moins de 18&nbsp;mois que les troupes fran\u00e7aises se retiraient d\u2019un pays du Sahel, apr\u00e8s la prise du pouvoir par les militaires dans les anciennes colonies du Mali puis du Burkina Faso. Ces trois pays luttent contre une insurrection djihadiste qui a \u00e9clat\u00e9 en 2012 dans le Nord du Mali.<\/p>\n\n\n\n<p class=\"wp-block-paragraph\">Selon Borrell, \u00ab&nbsp;nous devons repenser notre approche de l\u2019Afrique afin de permettre une plus grande coop\u00e9ration et de comprendre que la stabilit\u00e9 des \u00c9tats africains fait partie de notre s\u00e9curit\u00e9&nbsp;\u00bb. Il a pr\u00e9cis\u00e9 qu\u2019il ne parlait pas seulement de la r\u00e9gion du Sahel, qui traverse le continent comme une zone de transition entre le Sahara et les pays plus humides du Sud. Borrell a d\u00e9clar\u00e9 qu\u2019il s\u2019agissait aussi d\u2019autres parties de l\u2019Afrique, comme le Soudan, la Corne de l\u2019Afrique comme grande r\u00e9gion g\u00e9opolitique d\u2019Afrique de l\u2019Est, et la Somalie.<\/p>\n\n\n\n<h2 class=\"wp-block-heading\"><strong>L\u2019Espagne, lien terrestre entre l\u2019UE et l\u2019Afrique<\/strong><\/h2>\n\n\n\n<p class=\"wp-block-paragraph\">L\u2019Espagne est le seul pays de l\u2019UE \u00e0 avoir une fronti\u00e8re terrestre avec l\u2019Afrique via Ceuta et Melilla, deux villes espagnoles situ\u00e9es en Afrique du Nord et entour\u00e9es par le territoire marocain. Pour l\u2019Espagne, les relations avec le Maroc sont cruciales pour la stabilit\u00e9 de ces deux enclaves, mais aussi pour le contr\u00f4le des routes migratoires menant de l\u2019Afrique subsaharienne \u00e0 la p\u00e9ninsule ib\u00e9rique et aux autres pays de l\u2019UE.<\/p>\n\n\n\n<p class=\"wp-block-paragraph\">Le ministre espagnol des Affaires \u00e9trang\u00e8res, <strong>Jos\u00e9 Manuel Albares<\/strong>, a notamment \u00e9voqu\u00e9 le Sahel comme \u00ab&nbsp;zone prioritaire pour l\u2019Espagne&nbsp;\u00bb et demand\u00e9 que la \u00ab&nbsp;pr\u00e9sence importante de l\u2019UE&nbsp;\u00bb soit maintenue dans cette zone.<\/p>\n\n\n\n<p class=\"wp-block-paragraph\">\u00ab&nbsp;Je demanderai que nous poursuivions notre soutien \u00e0 la CEDEAO, une organisation r\u00e9gionale indispensable, et que nous maintenions notre aide humanitaire et notre soutien aux processus d\u00e9mocratiques de pays importants tels que la Mauritanie et le S\u00e9n\u00e9gal, qui sont des partenaires strat\u00e9giques pour l\u2019Europe et pour l\u2019Espagne&nbsp;\u00bb, a d\u00e9clar\u00e9 Albares. La CEDEAO est la Communaut\u00e9 \u00e9conomique des \u00c9tats de l\u2019Afrique de l\u2019Ouest.<\/p>\n\n\n\n<h2 class=\"wp-block-heading\"><strong>Maintenir les relations \u00e9conomiques<\/strong><\/h2>\n\n\n\n<p class=\"wp-block-paragraph\">La ministre allemande de la Coop\u00e9ration \u00e9conomique et du D\u00e9veloppement, <strong>Svenja Schulze<\/strong>, rend visite ces jours-ci \u00e0 des dirigeants politiques d\u2019Afrique de l\u2019Ouest. Son voyage intervient environ une semaine apr\u00e8s que les juntes au pouvoir au Burkina Faso, au Mali et au Niger ont retir\u00e9 leurs pays de la CEDEAO. Le 26&nbsp;juillet dernier, un coup d\u2019\u00c9tat de l\u2019arm\u00e9e a eu lieu au Niger, \u00e0 la suite duquel la CEDEAO a impos\u00e9 des sanctions et menac\u00e9 de prendre des mesures militaires.<\/p>\n\n\n\n<p class=\"wp-block-paragraph\">La Communaut\u00e9 \u00e9conomique des \u00c9tats de l\u2019Afrique de l\u2019Ouest est compos\u00e9e de 15 Etats membres (y compris le Niger, le Mali et le Burkina Faso), ce qui en fait l\u2019une des plus grandes communaut\u00e9s \u00e9conomiques r\u00e9gionales du continent.<\/p>\n\n\n\n<p class=\"wp-block-paragraph\">Avant son d\u00e9part, Mme\u00a0Schulze a d\u00e9clar\u00e9 que \u00ab\u00a0le libre-\u00e9change et les voyages sans visa ont \u00e9norm\u00e9ment facilit\u00e9 la vie et l\u2019\u00e9conomie en Afrique de l\u2019Ouest\u00a0\u00bb. Elle a regrett\u00e9 la d\u00e9cision de ces trois pays mais a ajout\u00e9 que \u00ab\u00a0cette d\u00e9cision d\u2019\u00c9tats souverains doit \u00eatre respect\u00e9e, m\u00eame si elle entra\u00eene de nombreux inconv\u00e9nients \u00e9conomiques\u00a0\u00bb, ajoutant que l\u2019int\u00e9gration \u00e9conomique \u00e9tait un moteur essentiel du d\u00e9veloppement. Selon elle, la communaut\u00e9 internationale des donateurs est pr\u00eate \u00e0 continuer \u00e0 soutenir l\u2019Afrique de l\u2019Ouest sur cette voie.<\/p>\n\n\n\n<p class=\"wp-block-paragraph\">Face aux tensions avec la CEDEAO, le Mali, le Burkina Faso et le Niger se tournent de plus en plus vers la Russie.<\/p>\n\n\n\n<p class=\"wp-block-paragraph\"><\/p>\n\n\n\n<figure class=\"wp-block-image size-full\"><img loading=\"lazy\" decoding=\"async\" width=\"1920\" height=\"1280\" src=\"https:\/\/europeannewsroom.com\/wp-content\/uploads\/2024\/02\/urnnewsmldpa.com20090101240129-99-793822-v1-s2048.jpeg\" alt=\"\" class=\"wp-image-201592\"\/><figcaption class=\"wp-element-caption\">Giorgia Meloni (g), Premi\u00e8re ministre italienne, accueille Ursula von der Leyen, pr\u00e9sidente de la Commission europ\u00e9enne (d), avant un sommet italo-africain. La Premi\u00e8re ministre Meloni a ouvert a ouvert un sommet des chefs d&rsquo;\u00c9tat et de gouvernement africains afin de pr\u00e9senter le plan de d\u00e9veloppement de l&rsquo;Italie pour le continent. Photo : Roberto Monaldo\/LaPresse\/AP\/dpa<\/figcaption><\/figure>\n\n\n\n<h2 class=\"wp-block-heading\"><strong>Influence russe, \u00e9nergie et migration en ligne de mire<\/strong><\/h2>\n\n\n\n<p class=\"wp-block-paragraph\">\u00ab&nbsp;Nous devons nous demander dans quelle mesure nous pouvons aborder la coop\u00e9ration avec certains pays africains de mani\u00e8re plus pragmatique, car la r\u00e9alit\u00e9 est qu\u2019au cours des deux derni\u00e8res ann\u00e9es, des coups d\u2019\u00c9tat militaires ont eu lieu dans plusieurs pays africains, que la Russie gagne en force dans ces pays, et que l\u2019Europe clarifie ses positions&nbsp;\u00bb, a d\u00e9clar\u00e9 le ministre tch\u00e8que des Affaires \u00e9trang\u00e8res, <strong>Jan Lipavsk\u00fd<\/strong>, lors de la r\u00e9union informelle des ministres des Affaires \u00e9trang\u00e8res de l\u2019UE.<\/p>\n\n\n\n<p class=\"wp-block-paragraph\">L\u2019Italie, qui pr\u00e9side cette ann\u00e9e le groupe des pays du G7, a promis de faire du d\u00e9veloppement de l\u2019Afrique une question centrale, notamment pour accro\u00eetre son influence sur le continent, o\u00f9 des puissances comme la Chine, la Russie, l\u2019Inde, le Japon et la Turquie renforcent leur rayonnement politique.<\/p>\n\n\n\n<p class=\"wp-block-paragraph\">Lors d\u2019un sommet de chefs d\u2019\u00c9tat et de gouvernement africains en Italie fin janvier, la Premi\u00e8re ministre italienne <strong>Giorgia Meloni<\/strong> avait appel\u00e9 \u00e0 ouvrir une \u00ab&nbsp;nouvelle page&nbsp;\u00bb dans les relations avec le continent, ax\u00e9e sur l\u2019\u00e9nergie et la fin de l\u2019immigration via la M\u00e9diterran\u00e9e. Cette rencontre a eu lieu quelques mois seulement apr\u00e8s que la Russie eut organis\u00e9 son propre sommet avec des dirigeants africains. D\u2019autres pays, dont la Chine et la France, ont pris des initiatives similaires.<\/p>\n\n\n\n<p class=\"wp-block-paragraph\">Des repr\u00e9sentants de plus de 25 pays ont particip\u00e9 au sommet organis\u00e9 au S\u00e9nat italien, qui avait pour th\u00e8me \u00ab&nbsp;Un pont pour une croissance commune&nbsp;\u00bb. La pr\u00e9sidente de la Commission europ\u00e9enne, Ursula von der Leyen, ainsi que des repr\u00e9sentants d\u2019organisations des Nations unies et de la Banque mondiale, \u00e9taient \u00e9galement sur place.<\/p>\n\n\n\n<p class=\"wp-block-paragraph\">Meloni souhaite faire de l\u2019Italie une porte d\u2019entr\u00e9e pour l\u2019\u00e9nergie et profiter de la demande des pays europ\u00e9ens qui veulent r\u00e9duire leur d\u00e9pendance au gaz russe apr\u00e8s l\u2019invasion de l\u2019Ukraine par Moscou en f\u00e9vrier&nbsp;2022.<\/p>\n\n\n\n<p class=\"wp-block-paragraph\">Le plan dit \u00ab&nbsp;Mattei&nbsp;\u00bb vise \u00e0 positionner l\u2019Italie comme un pont important entre l\u2019Afrique et l\u2019Europe. L\u2019objectif est d\u2019orienter l\u2019\u00e9nergie vers le Nord et d\u2019\u00e9changer des investissements dans le Sud contre des accords visant \u00e0 endiguer la migration. Le plan veut s\u2019attaquer aux facteurs dits d\u2019incitation (\u00ab&nbsp;push&nbsp;\u00bb) et convaincre les pays d\u2019origine de signer des accords de retour pour les migrants qui n\u2019obtiennent pas l\u2019autorisation de s\u00e9journer en Italie.<\/p>\n\n\n\n<h2 class=\"wp-block-heading\"><strong>Nouvelles demandes d\u2019un engagement accru envers l\u2019Afrique<\/strong><\/h2>\n\n\n\n<p class=\"wp-block-paragraph\">La ministre slov\u00e8ne des Affaires \u00e9trang\u00e8res, <strong>Tanja Fajon<\/strong>, a appel\u00e9 \u00e0 une coop\u00e9ration \u00e9troite avec l\u2019Afrique, qui a accord\u00e9 une grande confiance \u00e0 la Slov\u00e9nie lors du vote sur son statut de membre non permanent du Conseil de s\u00e9curit\u00e9 des Nations unies. \u00ab&nbsp;Ce continent est confront\u00e9 \u00e0 des d\u00e9fis allant de la pauvret\u00e9 au changement climatique en passant par l\u2019augmentation des tensions, incluant la violence. Nous devons donc travailler avec le continent africain, qui est notre partenaire strat\u00e9gique&nbsp;\u00bb, a d\u00e9clar\u00e9 la ministre en amont de la r\u00e9union de Bruxelles.<\/p>\n\n\n\n<p class=\"wp-block-paragraph\">La vice-Premi\u00e8re ministre et ministre des Affaires \u00e9trang\u00e8res bulgare <strong>Mariya Gabriel<\/strong> a d\u00e9clar\u00e9 que l\u2019Afrique \u00e9tait un partenaire strat\u00e9gique pour la Bulgarie. \u00ab&nbsp;Nous devons engager un dialogue avec les pays de ce continent. Je soutiens l\u2019id\u00e9e d\u2019y donner plus de visibilit\u00e9 aux projets europ\u00e9ens&nbsp;\u00bb, a-t-elle d\u00e9clar\u00e9. Gabriel a fait remarquer que des efforts suppl\u00e9mentaires \u00e9taient n\u00e9cessaires \u00e0 cet \u00e9gard.<\/p>\n\n\n\n<p class=\"wp-block-paragraph\">D\u00e9but janvier, Mme&nbsp;Gabriel a rencontr\u00e9 son homologue \u00e9gyptien, <strong>Sameh Choukri<\/strong>. Ils ont discut\u00e9 de la coop\u00e9ration dans les domaines de l\u2019innovation, des \u00e9nergies renouvelables, de l\u2019hydrog\u00e8ne, de la s\u00e9curit\u00e9 alimentaire, des transports et du tourisme. \u00ab&nbsp;L\u2019\u00c9gypte est le premier pays arabe avec lequel la Bulgarie a \u00e9tabli des relations diplomatiques, et le plus grand partenaire \u00e9conomique et commercial de notre pays dans la r\u00e9gion du Moyen-Orient et de l\u2019Afrique. En 2026, nous c\u00e9l\u00e9brerons un anniversaire important&nbsp;: le centenaire de l\u2019\u00e9tablissement de nos relations diplomatiques&nbsp;\u00bb, a \u00e9crit Gabriel sur Facebook.<\/p>\n\n\n\n<p class=\"wp-block-paragraph\">La Roumanie a r\u00e9cemment adopt\u00e9 sa premi\u00e8re strat\u00e9gie nationale pour l\u2019Afrique, qui vise \u00e0 relancer les relations avec le continent africain. Cette d\u00e9marche s\u2019inscrit dans le cadre des efforts communs d\u00e9ploy\u00e9s au niveau europ\u00e9en et dans le contexte plus large de la n\u00e9cessit\u00e9 de revitaliser les relations entre l\u2019UE et l\u2019Afrique dans l\u2019esprit d\u2019un nouveau partenariat. En 2024, la Roumanie entend intensifier la coop\u00e9ration et poursuivre les programmes destin\u00e9s aux partenaires africains, en mettant l\u2019accent sur l\u2019\u00e9ducation et le transfert de savoir-faire.<\/p>\n\n\n\n<p class=\"wp-block-paragraph\"><\/p>\n\n\n\n<p class=\"wp-block-paragraph\"><em>Cette publication est hebdomadaire. Le contenu est bas\u00e9 sur des nouvelles des agences participantes au sein de la enr.<\/em><\/p>\n","protected":false},"excerpt":{"rendered":"<p>Certains d\u00e9veloppements g\u00e9opolitiques r\u00e9cents tels que la guerre de la Russie contre l\u2019Ukraine commencent \u00e0 faire \u00e9voluer les int\u00e9r\u00eats de l\u2019UE vis-\u00e0-vis du continent africain. Les ministres des Affaires \u00e9trang\u00e8res du bloc s\u2019efforcent de repenser leur approche et leurs int\u00e9r\u00eats \u00e0 l\u2019\u00e9gard de leurs partenaires africains.<\/p>\n","protected":false},"author":119,"featured_media":200155,"comment_status":"closed","ping_status":"closed","sticky":false,"template":"","format":"standard","meta":{"_acf_changed":false,"_et_pb_use_builder":"","_et_pb_old_content":"","_et_gb_content_width":"","footnotes":""},"categories":[39],"tags":[11270,12961,10179,521],"class_list":["post-201838","post","type-post","status-publish","format-standard","has-post-thumbnail","hentry","category-key-story","tag-afrique","tag-geopolitique","tag-securite","tag-ue-2"],"acf":[],"_links":{"self":[{"href":"https:\/\/europeannewsroom.com\/fr\/wp-json\/wp\/v2\/posts\/201838","targetHints":{"allow":["GET"]}}],"collection":[{"href":"https:\/\/europeannewsroom.com\/fr\/wp-json\/wp\/v2\/posts"}],"about":[{"href":"https:\/\/europeannewsroom.com\/fr\/wp-json\/wp\/v2\/types\/post"}],"author":[{"embeddable":true,"href":"https:\/\/europeannewsroom.com\/fr\/wp-json\/wp\/v2\/users\/119"}],"replies":[{"embeddable":true,"href":"https:\/\/europeannewsroom.com\/fr\/wp-json\/wp\/v2\/comments?post=201838"}],"version-history":[{"count":0,"href":"https:\/\/europeannewsroom.com\/fr\/wp-json\/wp\/v2\/posts\/201838\/revisions"}],"wp:featuredmedia":[{"embeddable":true,"href":"https:\/\/europeannewsroom.com\/fr\/wp-json\/wp\/v2\/media\/200155"}],"wp:attachment":[{"href":"https:\/\/europeannewsroom.com\/fr\/wp-json\/wp\/v2\/media?parent=201838"}],"wp:term":[{"taxonomy":"category","embeddable":true,"href":"https:\/\/europeannewsroom.com\/fr\/wp-json\/wp\/v2\/categories?post=201838"},{"taxonomy":"post_tag","embeddable":true,"href":"https:\/\/europeannewsroom.com\/fr\/wp-json\/wp\/v2\/tags?post=201838"}],"curies":[{"name":"wp","href":"https:\/\/api.w.org\/{rel}","templated":true}]}}