{"id":2020370,"date":"2026-01-14T17:14:59","date_gmt":"2026-01-14T16:14:59","guid":{"rendered":"https:\/\/europeannewsroom.com\/?p=2020370"},"modified":"2026-01-14T17:15:03","modified_gmt":"2026-01-14T16:15:03","slug":"mercosur-les-eurodeputes-voteront-le-21-janvier-sur-une-eventuelle-saisine-de-la-justice","status":"publish","type":"post","link":"https:\/\/europeannewsroom.com\/fr\/mercosur-les-eurodeputes-voteront-le-21-janvier-sur-une-eventuelle-saisine-de-la-justice\/","title":{"rendered":"Mercosur : les eurod\u00e9put\u00e9s voteront le 21 janvier sur une \u00e9ventuelle saisine de la justice"},"content":{"rendered":"\n<p class=\"wp-block-paragraph\">Bruxelles &#8211; Hostiles \u00e0 ce trait\u00e9 de libre-\u00e9change, environ 150 eurod\u00e9put\u00e9s ont initi\u00e9 une d\u00e9marche de saisine de la Cour de justice de l&rsquo;Union europ\u00e9enne (CJUE). Ce scrutin, pr\u00e9vu le 21 janvier, n\u00e9cessaire pour la poursuivre, est distinct du vote final du Parlement sur l&rsquo;ensemble de l&rsquo;accord, qui n&rsquo;est pas attendu avant le mois de f\u00e9vrier au plus t\u00f4t.<\/p>\n\n\n\n<p class=\"wp-block-paragraph\">Dans un h\u00e9micycle de 720 eurod\u00e9put\u00e9s, si une majorit\u00e9 soutient la saisine de la CJUE, \u00ab&nbsp;cela aurait pour cons\u00e9quence de geler le processus de ratification&nbsp;\u00bb au Parlement \u00ab&nbsp;au minimum six mois jusqu&rsquo;\u00e0 l&rsquo;avis de la Cour&nbsp;\u00bb, a assur\u00e9 en novembre l\u2019eurod\u00e9put\u00e9 centriste fran\u00e7ais Pascal Canfin. L&rsquo;issue du vote semble cependant incertaine.<\/p>\n\n\n\n<p class=\"wp-block-paragraph\">Une application provisoire de l&rsquo;accord est \u00ab&nbsp;possible&nbsp;\u00bb l\u00e9galement, avant m\u00eame la ratification du Parlement europ\u00e9en, a indiqu\u00e9 Bruxelles lundi, mais la d\u00e9cision n&rsquo;est pas tranch\u00e9e \u00e0 ce stade.<\/p>\n\n\n\n<p class=\"wp-block-paragraph\">\u00ab&nbsp;Le trait\u00e9 autorise cette possibilit\u00e9&nbsp;\u00bb d&rsquo;une application provisoire, a mentionn\u00e9 Olof Gill, un porte-parole de la Commission europ\u00e9enne. (14 janvier 2026)<\/p>\n","protected":false},"excerpt":{"rendered":"<p>Le Parlement europ\u00e9en se prononcera mercredi prochain sur l&rsquo;\u00e9ventuelle saisine de la justice contre l&rsquo;accord commercial entre l\u2019UE et les pays latino-am\u00e9ricains du Mercosur, qui doit \u00eatre sign\u00e9 samedi au Paraguay, ont indiqu\u00e9 des sources parlementaires \u00e0 l&rsquo;AFP.<\/p>\n","protected":false},"author":21,"featured_media":2020416,"comment_status":"closed","ping_status":"closed","sticky":false,"template":"","format":"standard","meta":{"_acf_changed":false,"_et_pb_use_builder":"","_et_pb_old_content":"","_et_gb_content_width":"","footnotes":""},"categories":[45],"tags":[2187,2667,10726],"class_list":["post-2020370","post","type-post","status-publish","format-standard","has-post-thumbnail","hentry","category-europe-in-brief","tag-agriculture-3","tag-justice-3","tag-mercosur-4"],"acf":[],"_links":{"self":[{"href":"https:\/\/europeannewsroom.com\/fr\/wp-json\/wp\/v2\/posts\/2020370","targetHints":{"allow":["GET"]}}],"collection":[{"href":"https:\/\/europeannewsroom.com\/fr\/wp-json\/wp\/v2\/posts"}],"about":[{"href":"https:\/\/europeannewsroom.com\/fr\/wp-json\/wp\/v2\/types\/post"}],"author":[{"embeddable":true,"href":"https:\/\/europeannewsroom.com\/fr\/wp-json\/wp\/v2\/users\/21"}],"replies":[{"embeddable":true,"href":"https:\/\/europeannewsroom.com\/fr\/wp-json\/wp\/v2\/comments?post=2020370"}],"version-history":[{"count":0,"href":"https:\/\/europeannewsroom.com\/fr\/wp-json\/wp\/v2\/posts\/2020370\/revisions"}],"wp:featuredmedia":[{"embeddable":true,"href":"https:\/\/europeannewsroom.com\/fr\/wp-json\/wp\/v2\/media\/2020416"}],"wp:attachment":[{"href":"https:\/\/europeannewsroom.com\/fr\/wp-json\/wp\/v2\/media?parent=2020370"}],"wp:term":[{"taxonomy":"category","embeddable":true,"href":"https:\/\/europeannewsroom.com\/fr\/wp-json\/wp\/v2\/categories?post=2020370"},{"taxonomy":"post_tag","embeddable":true,"href":"https:\/\/europeannewsroom.com\/fr\/wp-json\/wp\/v2\/tags?post=2020370"}],"curies":[{"name":"wp","href":"https:\/\/api.w.org\/{rel}","templated":true}]}}