{"id":2025083,"date":"2026-01-15T21:13:53","date_gmt":"2026-01-15T20:13:53","guid":{"rendered":"https:\/\/europeannewsroom.com\/?p=2025083"},"modified":"2026-01-15T21:13:57","modified_gmt":"2026-01-15T20:13:57","slug":"france-au-proces-de-marine-le-pen-le-parlement-europeen-dement-tout-manque-de-clarte-dans-ses-regles","status":"publish","type":"post","link":"https:\/\/europeannewsroom.com\/fr\/france-au-proces-de-marine-le-pen-le-parlement-europeen-dement-tout-manque-de-clarte-dans-ses-regles\/","title":{"rendered":"France : au proc\u00e8s de Marine Le Pen, le Parlement europ\u00e9en d\u00e9ment tout \u00ab\u00a0manque de clart\u00e9\u00a0\u00bb dans ses r\u00e8gles"},"content":{"rendered":"\n<p class=\"wp-block-paragraph\">Paris &#8211; \u00ab&nbsp;Le Parlement est la victime d&rsquo;un syst\u00e8me selon lequel certains assistants de d\u00e9put\u00e9s europ\u00e9ens du FN (Front National devenu ensuite RN, ndlr) ont en fait travaill\u00e9 au profit du parti&nbsp;\u00bb, a d\u00e9clar\u00e9 le directeur g\u00e9n\u00e9ral des finances du PE, Didier Klethi, devant la cour d\u2019appel de Paris.<\/p>\n\n\n\n<p class=\"wp-block-paragraph\">D\u00e8s l&rsquo;ouverture de l&rsquo;audience mardi, Marine Le Pen a ax\u00e9 sa d\u00e9fense sur une pr\u00e9sum\u00e9e d\u00e9faillance de l&rsquo;administration du Parlement europ\u00e9en, qui n&rsquo;aurait pas jou\u00e9 son \u00ab&nbsp;r\u00f4le d&rsquo;alerte&nbsp;\u00bb sur les contrats litigieux.<\/p>\n\n\n\n<p class=\"wp-block-paragraph\">\u00ab&nbsp;Nous n&rsquo;avions aucun sentiment d&rsquo;avoir commis le moindre d\u00e9lit&nbsp;\u00bb, a-t-elle soutenu.<\/p>\n\n\n\n<p class=\"wp-block-paragraph\">Les diff\u00e9rents avocats de la d\u00e9fense s&rsquo;interrogent sur le manque de contr\u00f4les de la part de l&rsquo;administration du PE et la complexit\u00e9 de ses r\u00e8gles.<\/p>\n\n\n\n<p class=\"wp-block-paragraph\">\u00ab&nbsp;Il ne faut pas se r\u00e9fugier derri\u00e8re un manque de clart\u00e9. La m\u00eame chose a \u00e9t\u00e9 plaid\u00e9e \u00e0 maintes reprises et la Cour de justice (de l&rsquo;Union europ\u00e9enne) a r\u00e9p\u00e9t\u00e9 et r\u00e9p\u00e9t\u00e9 dans ses arr\u00eats que la r\u00e8gle est assez claire&nbsp;\u00bb, a ripost\u00e9 Didier Klethi. (15 janvier 2026)<\/p>\n","protected":false},"excerpt":{"rendered":"<p>Sous le feu des avocats de Marine Le Pen et du Rassemblement national (RN), le Parlement europ\u00e9en s&rsquo;est longuement d\u00e9fendu jeudi de tout \u00ab manque de clart\u00e9 \u00bb dans ses r\u00e8gles, au proc\u00e8s en appel, d\u00e9cisif pour l&rsquo;\u00e9lection pr\u00e9sidentielle de 2027, pour laquelle la cheffe de l&rsquo;extr\u00eame-droite fran\u00e7aise est actuellement in\u00e9ligible.<\/p>\n","protected":false},"author":21,"featured_media":2025084,"comment_status":"closed","ping_status":"closed","sticky":false,"template":"","format":"standard","meta":{"_acf_changed":false,"_et_pb_use_builder":"","_et_pb_old_content":"","_et_gb_content_width":"","footnotes":""},"categories":[45],"tags":[2667,22658,4111],"class_list":["post-2025083","post","type-post","status-publish","format-standard","has-post-thumbnail","hentry","category-europe-in-brief","tag-justice-3","tag-parlement-europeen","tag-politique"],"acf":[],"_links":{"self":[{"href":"https:\/\/europeannewsroom.com\/fr\/wp-json\/wp\/v2\/posts\/2025083","targetHints":{"allow":["GET"]}}],"collection":[{"href":"https:\/\/europeannewsroom.com\/fr\/wp-json\/wp\/v2\/posts"}],"about":[{"href":"https:\/\/europeannewsroom.com\/fr\/wp-json\/wp\/v2\/types\/post"}],"author":[{"embeddable":true,"href":"https:\/\/europeannewsroom.com\/fr\/wp-json\/wp\/v2\/users\/21"}],"replies":[{"embeddable":true,"href":"https:\/\/europeannewsroom.com\/fr\/wp-json\/wp\/v2\/comments?post=2025083"}],"version-history":[{"count":0,"href":"https:\/\/europeannewsroom.com\/fr\/wp-json\/wp\/v2\/posts\/2025083\/revisions"}],"wp:featuredmedia":[{"embeddable":true,"href":"https:\/\/europeannewsroom.com\/fr\/wp-json\/wp\/v2\/media\/2025084"}],"wp:attachment":[{"href":"https:\/\/europeannewsroom.com\/fr\/wp-json\/wp\/v2\/media?parent=2025083"}],"wp:term":[{"taxonomy":"category","embeddable":true,"href":"https:\/\/europeannewsroom.com\/fr\/wp-json\/wp\/v2\/categories?post=2025083"},{"taxonomy":"post_tag","embeddable":true,"href":"https:\/\/europeannewsroom.com\/fr\/wp-json\/wp\/v2\/tags?post=2025083"}],"curies":[{"name":"wp","href":"https:\/\/api.w.org\/{rel}","templated":true}]}}