{"id":202709,"date":"2024-02-09T16:20:27","date_gmt":"2024-02-09T15:20:27","guid":{"rendered":"https:\/\/europeannewsroom.dpa.com\/?p=202709"},"modified":"2024-02-09T16:20:31","modified_gmt":"2024-02-09T15:20:31","slug":"les-enjeux-de-lobjectif-climatique-de-lue-pour-2040","status":"publish","type":"post","link":"https:\/\/europeannewsroom.com\/fr\/les-enjeux-de-lobjectif-climatique-de-lue-pour-2040\/","title":{"rendered":"Les enjeux de l\u2019objectif climatique de l\u2019UE pour 2040"},"content":{"rendered":"\n<p class=\"wp-block-paragraph\">L\u2019Union europ\u00e9enne et ses 27 \u00c9tats membres se sont engag\u00e9s \u00e0 atteindre la neutralit\u00e9 carbone d\u2019ici 2050. L\u2019UE a d\u00e9sormais fix\u00e9 un premier objectif interm\u00e9diaire pour 2030&nbsp;: une r\u00e9duction de 55&nbsp;% des \u00e9missions de gaz \u00e0 effet de serre par rapport \u00e0 1990.<\/p>\n\n\n\n<p class=\"wp-block-paragraph\">Pour la prochaine \u00e9tape (2040), la Commission europ\u00e9enne vise une r\u00e9duction nette de 90&nbsp;%. Cette annonce est survenue alors que de vastes manifestations d\u2019agriculteurs \u00e9clipsaient la transition de l\u2019UE vers un avenir plus vert. Les agriculteurs ont manifest\u00e9 devant le b\u00e2timent du Parlement europ\u00e9en pour protester contre la baisse des revenus, l\u2019augmentation des co\u00fbts, et ce qu\u2019ils consid\u00e8rent comme des r\u00e8gles environnementales de plus en plus strictes.<\/p>\n\n\n\n<p class=\"wp-block-paragraph\">Le commissaire europ\u00e9en au Climat, <strong>Wopke Hoekstra<\/strong>, a d\u00e9clar\u00e9 que l\u2019UE s\u2019efforcerait d\u2019assurer une \u00ab&nbsp;transition \u00e9quitable&nbsp;\u00bb qui permettrait aux entreprises de prosp\u00e9rer et qui garantirait en outre que \u00ab&nbsp;personne ne soit laiss\u00e9 de c\u00f4t\u00e9&nbsp;\u00bb.<\/p>\n\n\n\n<p class=\"wp-block-paragraph\">La pr\u00e9sidente de la Commission europ\u00e9enne, <strong>Ursula von der Leyen<\/strong>, a rejet\u00e9 mardi un plan visant \u00e0 r\u00e9duire de moiti\u00e9 d\u2019ici la fin de la d\u00e9cennie l\u2019emploi de pesticides chimiques, d\u00e9montrant ainsi \u00e0 quel point le th\u00e8me de l\u2019environnement est d\u00e9sormais politiquement explosif. Elle a admis que la proposition \u00e9tait devenue \u00ab&nbsp;un symbole de polarisation&nbsp;\u00bb. Selon elle, la l\u00e9gislation s\u2019est enlis\u00e9e en raison de d\u00e9saccords entre les l\u00e9gislateurs de l\u2019UE et les pays membres. Le m\u00e9contentement croissant pourrait entraver les efforts visant \u00e0 faire adopter le plan 2040 d\u2019une r\u00e9duction de 90&nbsp;% des \u00e9missions.<\/p>\n\n\n\n<p class=\"wp-block-paragraph\">La Commission a d\u00e9clar\u00e9 que le nouvel objectif pourrait faire passer le nombre annuel de d\u00e9c\u00e8s pr\u00e9matur\u00e9s caus\u00e9s par la mauvaise qualit\u00e9 de l\u2019air de 466&nbsp;000 en 2015 \u00e0 196&nbsp;000 (en 2040). Elle estime \u00e9galement que la proposition envoie des \u00ab&nbsp;signaux clairs&nbsp;\u00bb et que le march\u00e9 des technologies propres devrait atteindre environ 600&nbsp;milliards d\u2019euros d\u2019ici 2030.<\/p>\n\n\n\n<p class=\"wp-block-paragraph\">Selon Bruxelles, l\u2019UE consacre actuellement 4&nbsp;% de son PIB \u00e0 l\u2019importation d\u2019hydrocarbures et devra, entre&nbsp;2030 et&nbsp;2050, investir chaque ann\u00e9e 1,5&nbsp;% suppl\u00e9mentaire de son produit int\u00e9rieur brut dans la transition \u00e9nerg\u00e9tique. L\u2019UE propose donc de lib\u00e9rer des ressources en les d\u00e9tournant \u00ab&nbsp;des utilisations moins durables, comme le subventionnement des combustibles fossiles&nbsp;\u00bb.<\/p>\n\n\n\n<p class=\"wp-block-paragraph\">Cette proposition, qui alimentera le d\u00e9bat avant les \u00e9lections, doit \u00eatre adopt\u00e9e par les \u00c9tats membres et le Parlement europ\u00e9en. Par rapport aux formulations pr\u00e9c\u00e9dentes, les objectifs ambitieux sont l\u00e9g\u00e8rement revus \u00e0 la baisse et les r\u00e9f\u00e9rences directes aux efforts \u00e0 fournir par le secteur agricole sont supprim\u00e9es.<\/p>\n\n\n\n<p class=\"wp-block-paragraph\">Les partis de droite et oppos\u00e9s \u00e0 l\u2019establishment se sont appropri\u00e9 le mouvement des agriculteurs et devraient r\u00e9aliser des scores importants lors des \u00e9lections europ\u00e9ennes de juin. <strong>Matteo Salvini<\/strong>, le chef du parti italien de droite et europhobe la Ligue, a profit\u00e9 des protestations des agriculteurs \u00e0 travers l\u2019Europe pour lancer une pique \u00e0 l\u2019UE. \u00ab&nbsp;Vive les agriculteurs dont les tracteurs obligent l\u2019Europe \u00e0 surmonter la folie impos\u00e9e par les multinationales et la gauche&nbsp;\u00bb, a-t-il d\u00e9clar\u00e9.<\/p>\n\n\n\n<h2 class=\"wp-block-heading\"><strong>Vents contraires<\/strong><\/h2>\n\n\n\n<p class=\"wp-block-paragraph\">Certains secteurs industriels s\u2019opposent de plus en plus \u00e0 la politique climatique de l\u2019UE, et plusieurs chefs d\u2019\u00c9tat et de gouvernement demandent d\u00e9sormais une \u00ab&nbsp;pause&nbsp;\u00bb dans les nouvelles r\u00e9glementations environnementales.<\/p>\n\n\n\n<p class=\"wp-block-paragraph\">\u00c0 l\u2019initiative du Danemark, onze pays de l\u2019UE, dont la France, l\u2019Allemagne, l\u2019Espagne et la Slov\u00e9nie, ont adress\u00e9 une lettre commune \u00e0 Bruxelles dans laquelle ils indiquaient que la transition vers un objectif \u00ab&nbsp;ambitieux&nbsp;\u00bb pour 2040 devait \u00eatre \u00ab&nbsp;juste et \u00e9quitable&nbsp;\u00bb et ne \u00ab&nbsp;laisser personne de c\u00f4t\u00e9, et surtout pas les citoyens les plus vuln\u00e9rables&nbsp;\u00bb.<\/p>\n\n\n\n<h2 class=\"wp-block-heading\"><strong>Pour les \u00e9cologistes, les plans de la Commission manquent d\u2019ambition<\/strong><\/h2>\n\n\n\n<p class=\"wp-block-paragraph\">Selon les groupes de protection de l\u2019environnement, l\u2019ambition de la Commission est rest\u00e9e bien en de\u00e7\u00e0 de ce qui aurait \u00e9t\u00e9 n\u00e9cessaire, par exemple en ne donnant pas de date cible pour la sortie des combustibles fossiles et la fin des subventions en rapport. \u00ab&nbsp;C\u2019est \u00e0 peu pr\u00e8s aussi efficace qu\u2019un objectif de pr\u00e9vention du cancer du poumon sans plan d\u2019arr\u00eat du tabagisme&nbsp;\u00bb, a d\u00e9clar\u00e9 <strong>Silvia Pastorelli<\/strong> de Greenpeace.<\/p>\n\n\n\n<p class=\"wp-block-paragraph\">Compte tenu des efforts de l\u2019agence des Nations unies pour le climat visant \u00e0 limiter le r\u00e9chauffement climatique \u00e0 1,5&nbsp;\u00b0C au-dessus des niveaux pr\u00e9industriels, et \u00ab&nbsp;vu la responsabilit\u00e9 de l\u2019UE dans les \u00e9missions historiques, il serait plus juste de viser des \u00e9missions nettes nulles d\u2019ici 2040&nbsp;\u00bb, a d\u00e9clar\u00e9 le World Wildlife Fund (WWF).<\/p>\n\n\n\n<p class=\"wp-block-paragraph\">Il est regrettable que la Commission ait abandonn\u00e9 l\u2019objectif de r\u00e9duire les \u00e9missions agricoles de 30&nbsp;%, objectif qu\u2019elle avait \u00e9voqu\u00e9 dans un document de travail pr\u00e9c\u00e9dent. Ces \u00e9missions repr\u00e9sentent 11&nbsp;% du total de celles de l\u2019UE.<\/p>\n\n\n\n<p class=\"wp-block-paragraph\">Le Bureau europ\u00e9en des unions de consommateurs (BEUC) a d\u00e9clar\u00e9 que m\u00eame si la Commission prend des gants avec les agriculteurs, les faits sont l\u00e0&nbsp;: nos syst\u00e8mes alimentaires et agricoles contribuent largement \u00e0 l\u2019impact climatique de l\u2019UE.<\/p>\n\n\n\n<h2 class=\"wp-block-heading\"><strong>Les agriculteurs bulgares protestent<\/strong><\/h2>\n\n\n\n<p class=\"wp-block-paragraph\">Le gouvernement bulgare a n\u00e9goci\u00e9 avec la F\u00e9d\u00e9ration bulgare des producteurs de c\u00e9r\u00e9ales et, selon le Premier ministre <strong>Nikola\u00ef Denkov<\/strong>, un consensus a d\u00e9j\u00e0 \u00e9t\u00e9 trouv\u00e9 avec les agriculteurs sur les principaux points. Cependant, apr\u00e8s la r\u00e9union du 4&nbsp;f\u00e9vrier, les agriculteurs ont commenc\u00e9 mardi \u00e0 bloquer des routes dans tout le pays, affirmant \u00eatre en d\u00e9saccord sur certains points.<\/p>\n\n\n\n<p class=\"wp-block-paragraph\">Les principales demandes des producteurs de c\u00e9r\u00e9ales sont des modifications de la l\u00e9gislation afin de garantir la s\u00e9curit\u00e9 \u00e9conomique du secteur, des efforts pour modifier les conditions du Green Deal europ\u00e9en, et une aide de 200&nbsp;leva (environ 100&nbsp;euros) par hectare pour att\u00e9nuer les effets de la guerre en Ukraine. Les agriculteurs bulgares demandent \u00e0 leur gouvernement de s\u2019efforcer d\u2019harmoniser les subventions et le soutien aux producteurs de c\u00e9r\u00e9ales dans l\u2019ensemble de l\u2019UE. Ils exigent en outre des modifications et un assouplissement des r\u00e8gles du Green Deal de l\u2019UE, qui imposent la rotation et la diversification des cultures ainsi qu\u2019une minimisation de la part des terres arables destin\u00e9es \u00e0 des fins non productives.<\/p>\n\n\n\n<p class=\"wp-block-paragraph\">Denkov a d\u00e9clar\u00e9 s\u2019\u00eatre mis d\u2019accord avec la Commission europ\u00e9enne pour n\u00e9gocier un assouplissement des nouvelles exigences environnementales.<\/p>\n\n\n\n<h2 class=\"wp-block-heading\"><strong>Le ministre danois du Climat, M.&nbsp;Aagaard, salue le nouvel objectif 2040 de l\u2019UE<\/strong><\/h2>\n\n\n\n<p class=\"wp-block-paragraph\">Le ministre danois du Climat, <strong>Lars Aagaard<\/strong>, a d\u00e9clar\u00e9 que l\u2019annonce de la Commission arrivait \u00e0 un moment o\u00f9 l\u2019UE luttait pour le climat&nbsp;: \u00ab&nbsp;Nous voyons des manifestations dans les capitales europ\u00e9ennes et des gouvernements qui r\u00e9examinent leurs ambitions \u00e0 la baisse&nbsp;\u00bb, a-t-il dit. Il a ajout\u00e9 que cela se produisait dans des pays traditionnellement dot\u00e9s de plans climatiques ambitieux. \u00ab&nbsp;Mais nous ne devons pas perdre cette bataille, et je suis donc heureux que la Commission suive la recommandation du Danemark de fixer un objectif ambitieux.&nbsp;\u00bb<\/p>\n\n\n\n<p class=\"wp-block-paragraph\">Il a rejet\u00e9 l\u2019id\u00e9e que l\u2019annonce pourrait nuire \u00e0 la cr\u00e9dibilit\u00e9 du nouvel objectif climatique, \u00e9tant donn\u00e9 que le premier objectif climatique n\u2019avait pas encore \u00e9t\u00e9 fix\u00e9. \u00ab&nbsp;Cr\u00e9er la confiance dans le fait que la politique climatique se poursuivra apr\u00e8s 2030 donnera de la cr\u00e9dibilit\u00e9 \u00e0 l\u2019objectif 2030&nbsp;\u00bb, a-t-il d\u00e9clar\u00e9. Le nouvel objectif \u00e9lev\u00e9 arrive \u00e0 un moment o\u00f9 plusieurs pays ont d\u00e9j\u00e0 du mal \u00e0 atteindre le but de 2030 d\u2019une r\u00e9duction de 55&nbsp;%. Le Danemark doit lui aussi encore montrer la voie vers une r\u00e9duction importante des \u00e9missions de CO<sub>2<\/sub>.<\/p>\n\n\n\n<p class=\"wp-block-paragraph\"><\/p>\n\n\n\n<figure class=\"wp-block-image size-full\"><img loading=\"lazy\" decoding=\"async\" width=\"1920\" height=\"1052\" src=\"https:\/\/europeannewsroom.com\/wp-content\/uploads\/2024\/02\/urnnewsmldpa.com20090101240206-935-43344-v1-s2048.jpeg\" alt=\"\" class=\"wp-image-202501\"\/><figcaption class=\"wp-element-caption\">Un agriculteur conduit un tracteur dans un champ d&rsquo;orge et pulv\u00e9rise des pesticides. Photo : Julian Stratenschulte\/dpa : Julian Stratenschulte\/dpa<\/figcaption><\/figure>\n\n\n\n<h2 class=\"wp-block-heading\"><strong>La Slov\u00e9nie et l\u2019Italie saluent le retrait du r\u00e8glement sur les pesticides par l\u2019UE<\/strong><\/h2>\n\n\n\n<p class=\"wp-block-paragraph\">Le ministre italien de l\u2019Agriculture, <strong>Francesco Lollobrigida<\/strong>, a salu\u00e9 l\u2019annonce d\u2019Ursula von der Leyen du retrait de la proposition de r\u00e8glement sur les pesticides. \u00ab&nbsp;Nous ne devrions continuer \u00e0 restreindre les produits agrochimiques que si nous sommes en mesure de prot\u00e9ger la production avec des m\u00e9thodes alternatives, a-t-il d\u00e9clar\u00e9. Nous nous sommes oppos\u00e9s d\u00e8s le d\u00e9but \u00e0 une approche id\u00e9ologique de la question [de la transition \u00e9cologique], qui aurait eu des effets d\u00e9vastateurs sur la production et un impact tr\u00e8s limit\u00e9 sur l\u2019environnement.&nbsp;\u00bb La Premi\u00e8re ministre italienne <strong>Giorgia Meloni<\/strong> a qualifi\u00e9 ce retrait de \u00ab&nbsp;victoire aussi italienne&nbsp;\u00bb.<\/p>\n\n\n\n<p class=\"wp-block-paragraph\">Suite \u00e0 l\u2019annonce de la pr\u00e9sidente de la Commission, la Slov\u00e9nie s\u2019engagera \u00e9galement en faveur d\u2019un traitement individuel de l\u2019utilisation des pesticides, a d\u00e9clar\u00e9 la ministre de l\u2019Agriculture nouvellement nomm\u00e9e, <strong>Mateja \u010calu\u0161i\u0107<\/strong>. Elle a aussi soulign\u00e9 que les terres agricoles de Slov\u00e9nie \u00e9taient fragment\u00e9es et qu\u2019avant d\u2019adopter un r\u00e8glement, il fallait conna\u00eetre les alternatives existantes de protection des cultures.<\/p>\n\n\n\n<p class=\"wp-block-paragraph\">La Slov\u00e9nie devra intensifier ses efforts pour se conformer \u00e0 la recommandation de la Commission, a d\u00e9clar\u00e9 mardi le secr\u00e9taire d\u2019\u00c9tat au minist\u00e8re de l\u2019Environnement, <strong>Uro\u0161 Vajgl<\/strong>. Il estime que le nouvel objectif pour 2040 est r\u00e9alisable, mais qu\u2019un d\u00e9bat devra avoir lieu sur la mani\u00e8re de l\u2019atteindre.<\/p>\n\n\n\n<p class=\"wp-block-paragraph\">Des repr\u00e9sentants des agriculteurs slov\u00e8nes ont rencontr\u00e9 mardi la ministre \u010calu\u0161i\u0107, qui a apport\u00e9 plusieurs solutions quant aux paiements directs. Elle a d\u00e9clar\u00e9 qu\u2019elle soutiendrait la proposition de la Commission pr\u00e9voyant qu\u2019en 2024, les agriculteurs seraient exempt\u00e9s de l\u2019obligation de laisser certaines terres en friche tout en continuant \u00e0 b\u00e9n\u00e9ficier d\u2019un soutien financier.<\/p>\n\n\n\n<h2 class=\"wp-block-heading\"><strong>Et maintenant&nbsp;?<\/strong><\/h2>\n\n\n\n<p class=\"wp-block-paragraph\">La Commission a soulign\u00e9 que l\u2019objectif \u00e9tait de r\u00e9duire d\u2019ici 2040 les \u00e9missions de gaz \u00e0 effet de serre d\u2019au moins 90&nbsp;% par rapport \u00e0 1990. Il faut toutefois \u00e9galement garantir la comp\u00e9titivit\u00e9 de l\u2019industrie europ\u00e9enne et mener un dialogue strat\u00e9gique avec l\u2019industrie et les agriculteurs. L\u2019objectif pour 2040 n\u2019est pas une proposition de loi mais d\u2019abord une recommandation.<\/p>\n\n\n\n<p class=\"wp-block-paragraph\">En fin de compte, le nouvel objectif servira \u00e9galement de feuille de route pour la prochaine Commission et d\u00e9terminera les investissements \u00e0 long terme dans la course aux technologies vertes, \u00e0 laquelle les \u00c9tats-Unis, la Chine, l\u2019Union europ\u00e9enne et d\u2019autres pays industrialis\u00e9s s\u2019int\u00e9ressent de pr\u00e8s.<\/p>\n\n\n\n<p class=\"wp-block-paragraph\">Pendant ce temps, les agriculteurs de toute l\u2019Union poursuivent leurs protestations.<\/p>\n\n\n\n<p class=\"wp-block-paragraph\"><\/p>\n\n\n\n<hr class=\"wp-block-separator has-alpha-channel-opacity is-style-wide\"\/>\n\n\n\n<p class=\"wp-block-paragraph\"><\/p>\n\n\n\n<p class=\"wp-block-paragraph\"><strong>V\u00e9rification de faits&nbsp;: des informations erron\u00e9es sur Internet \u00e0 propos des plans climatiques<\/strong><\/p>\n\n\n\n<p class=\"wp-block-paragraph\">La protection du climat et la transition \u00e9nerg\u00e9tique ne touchent pas seulement les agriculteurs, elles suscitent \u00e9galement un vaste d\u00e9bat public. En ligne, des informations trompeuses ou de v\u00e9ritables fake news cr\u00e9ent un climat de d\u00e9fiance. Par exemple, la Commission europ\u00e9enne veut aussi de nouvelles r\u00e8gles pour le recyclage et l\u2019exportation des voitures en fin de vie \u2013 en ligne, cette proposition s\u2019est transform\u00e9e en son contraire.<\/p>\n\n\n\n<p class=\"wp-block-paragraph\">L\u2019agence de presse allemande dpa a publi\u00e9 une s\u00e9rie de v\u00e9rifications de faits sur des sujets li\u00e9s aux mesures de l\u2019UE pour r\u00e9duire les \u00e9missions de carbone. En voici un sur les v\u00e9hicules hors d\u2019usage&nbsp;: <a href=\"https:\/\/dpa-factchecking.com\/germany\/240205-99-881649\/\">https:\/\/dpa-factchecking.com\/germany\/240205-99-881649\/<\/a><\/p>\n\n\n\n<p class=\"wp-block-paragraph\"><\/p>\n\n\n\n<p class=\"wp-block-paragraph\"><em>Cette publication est hebdomadaire. Le contenu est bas\u00e9 sur des nouvelles des agences participantes au sein de la enr.<\/em><\/p>\n","protected":false},"excerpt":{"rendered":"<p>\u00c9branl\u00e9e par les manifestations d\u2019agriculteurs contre les r\u00e9formes vertes et \u00e0 seulement quatre mois des \u00e9lections europ\u00e9ennes, l\u2019UE a pr\u00e9sent\u00e9 cette semaine ses objectifs climatiques pour 2040. Elle a \u00e9galement publi\u00e9 une feuille de route pour la prochaine phase de la transition \u00e9nerg\u00e9tique.<\/p>\n","protected":false},"author":119,"featured_media":79891,"comment_status":"closed","ping_status":"closed","sticky":false,"template":"","format":"standard","meta":{"_acf_changed":false,"_et_pb_use_builder":"","_et_pb_old_content":"","_et_gb_content_width":"","footnotes":""},"categories":[39],"tags":[13006,13007,1903,9678,521],"class_list":["post-202709","post","type-post","status-publish","format-standard","has-post-thumbnail","hentry","category-key-story","tag-2040-2","tag-agriculteurs","tag-climat","tag-pesticides-2","tag-ue-2"],"acf":[],"_links":{"self":[{"href":"https:\/\/europeannewsroom.com\/fr\/wp-json\/wp\/v2\/posts\/202709","targetHints":{"allow":["GET"]}}],"collection":[{"href":"https:\/\/europeannewsroom.com\/fr\/wp-json\/wp\/v2\/posts"}],"about":[{"href":"https:\/\/europeannewsroom.com\/fr\/wp-json\/wp\/v2\/types\/post"}],"author":[{"embeddable":true,"href":"https:\/\/europeannewsroom.com\/fr\/wp-json\/wp\/v2\/users\/119"}],"replies":[{"embeddable":true,"href":"https:\/\/europeannewsroom.com\/fr\/wp-json\/wp\/v2\/comments?post=202709"}],"version-history":[{"count":0,"href":"https:\/\/europeannewsroom.com\/fr\/wp-json\/wp\/v2\/posts\/202709\/revisions"}],"wp:featuredmedia":[{"embeddable":true,"href":"https:\/\/europeannewsroom.com\/fr\/wp-json\/wp\/v2\/media\/79891"}],"wp:attachment":[{"href":"https:\/\/europeannewsroom.com\/fr\/wp-json\/wp\/v2\/media?parent=202709"}],"wp:term":[{"taxonomy":"category","embeddable":true,"href":"https:\/\/europeannewsroom.com\/fr\/wp-json\/wp\/v2\/categories?post=202709"},{"taxonomy":"post_tag","embeddable":true,"href":"https:\/\/europeannewsroom.com\/fr\/wp-json\/wp\/v2\/tags?post=202709"}],"curies":[{"name":"wp","href":"https:\/\/api.w.org\/{rel}","templated":true}]}}