{"id":20459,"date":"2022-07-26T08:03:57","date_gmt":"2022-07-26T07:03:57","guid":{"rendered":"https:\/\/enr.today\/?p=20459"},"modified":"2022-08-02T11:01:11","modified_gmt":"2022-08-02T10:01:11","slug":"non-ces-hommes-couverts-de-tatouages-nazis-en-croatie-ne-sont-pas-des-ukrainiens","status":"publish","type":"post","link":"https:\/\/europeannewsroom.com\/fr\/non-ces-hommes-couverts-de-tatouages-nazis-en-croatie-ne-sont-pas-des-ukrainiens\/","title":{"rendered":"Non, ces hommes couverts de tatouages nazis en Croatie ne sont pas des Ukrainiens"},"content":{"rendered":"\n<p class=\"wp-block-paragraph\">Des photos montrant deux hommes couverts de tatouages nazis, comme des croix gamm\u00e9es ou un portrait d&rsquo;Hitler, et qui posent de face puis de dos, ont \u00e9t\u00e9 partag\u00e9es au total plus de 1.500 fois sur Twitter depuis la mi-juillet (<a rel=\"noreferrer noopener\" href=\"https:\/\/archive.ph\/AmOva\" target=\"_blank\">1<\/a>, <a rel=\"noreferrer noopener\" href=\"https:\/\/archive.ph\/B9psc\" target=\"_blank\">2<\/a>, <a rel=\"noreferrer noopener\" href=\"https:\/\/archive.ph\/z35qO\" target=\"_blank\">3<\/a>) par des internautes assurant qu&rsquo;il s&rsquo;agirait de <em>\u00ab\u00a0r\u00e9fugi\u00e9s ukrainiens en Croatie\u00a0\u00bb.<\/em><\/p>\n\n\n\n<figure class=\"wp-block-image aligncenter size-full\"><img loading=\"lazy\" decoding=\"async\" width=\"756\" height=\"517\" src=\"https:\/\/europeannewsroom.com\/wp-content\/uploads\/2022\/08\/capture-ecran-pour-ENR.jpg\" alt=\"\" class=\"wp-image-24133\" srcset=\"https:\/\/europeannewsroom.com\/wp-content\/uploads\/2022\/08\/capture-ecran-pour-ENR.jpg 756w, https:\/\/europeannewsroom.com\/wp-content\/uploads\/2022\/08\/capture-ecran-pour-ENR-480x328.jpg 480w\" sizes=\"(min-width: 0px) and (max-width: 480px) 480px, (min-width: 481px) 756px, 100vw\" \/><figcaption><em>Captures d&rsquo;\u00e9cran r\u00e9alis\u00e9es le 23\/07\/2022 sur Twitter<\/em><\/figcaption><\/figure>\n\n\n\n<p class=\"wp-block-paragraph\">Des accusations de ce type pullulent ces derniers mois sur les r\u00e9seaux, en \u00e9cho aux prises de position du Kremlin et de son chef Vladimir Poutine, qui n&rsquo;a eu de cesse de\u00a0<a rel=\"noreferrer noopener\" href=\"http:\/\/u.afp.com\/wVh9\" target=\"_blank\">r\u00e9p\u00e9ter<\/a>\u00a0que l&rsquo;invasion de la guerre en Ukraine \u00e9tait une \u00ab\u00a0<em>op\u00e9ration<\/em>\u00a0\u00bb pour \u00ab\u00a0<em>d\u00e9nazifier<\/em>\u00a0\u00bb le pays voisin.<\/p>\n\n\n\n<p class=\"wp-block-paragraph\">L&rsquo;AFP a re\u00e7u cette photo d&rsquo;un lecteur, qui doutait du contexte de ces clich\u00e9s, ainsi que de&nbsp;<a href=\"https:\/\/www.bellingcat.com\/author\/michaelccolborne\/\" rel=\"noreferrer noopener\" target=\"_blank\">Michael Colborne<\/a>, enqu\u00eateur pour le site d&rsquo;investigation Bellingcat et sp\u00e9cialiste du mouvement d&rsquo;extr\u00eame droite ukrainien Azov. Il a signal\u00e9 ces&nbsp;<a href=\"https:\/\/twitter.com\/AntifaVjesnik\/status\/1547882509702029314\" rel=\"noreferrer noopener\" target=\"_blank\">tweets<\/a>&nbsp;et un post publi\u00e9s le 16 juillet 2022 par&nbsp;<a href=\"https:\/\/www.antifasisticki-vjesnik.org\/hr\/vijesti\/3\/Odakle_su_se_pojavile_nacistic\/473\/\" rel=\"noreferrer noopener\" target=\"_blank\">le compte<\/a>&nbsp;croate antifasciste Antifa\u0161isti\u010dki Vjesnik. Celui-ci affirmait que les deux hommes seraient en r\u00e9alit\u00e9 originaires de Hongrie.<\/p>\n\n\n\n<p class=\"wp-block-paragraph\">Les recherches de l&rsquo;AFP ont abond\u00e9 dans ce sens, en montrant que le plus grand des deux hommes est un musicien hongrois qui joue depuis des ann\u00e9es pour le groupe d&rsquo;extr\u00eame droite Feh\u00e9r T\u00f6rv\u00e9ny. Or, selon des messages publi\u00e9s sur le r\u00e9seau social Telegram, le groupe jouait bien en Croatie le 2 juillet 2022. L&rsquo;autre homme est \u00e9galement li\u00e9 \u00e0 des groupes de musique n\u00e9onazis hongrois, comme le montrent ses photos sur Facebook.<\/p>\n\n\n\n<h3 class=\"has-text-align-center wp-block-heading\">Des clich\u00e9s pris \u00e0 Rijeka, en Croatie<\/h3>\n\n\n\n<p class=\"wp-block-paragraph\">Comme l&rsquo;\u00e9crit Antifa\u0161isti\u010dki Vjesnik, les deux hommes ont bien \u00e9t\u00e9 photographi\u00e9s dans le bar Morski Prasac \u00e0 Rijeka, en Croatie. L&rsquo;AFP a pu le v\u00e9rifier en comparant les photos du bar publi\u00e9es sur\u00a0<a rel=\"noreferrer noopener\" href=\"https:\/\/www.google.com\/maps\/uv?pb=!1s0x4764a6e3d319a909%3A0x9535414ebc847e77!3m1!7e115!4shttps%3A%2F%2Flh5.googleusercontent.com%2Fp%2FAF1QipOaciSRJ_y_EX9MT8XeSc5ruOnwPsWw1k1WnNYb%3Dw213-h160-k-no!5sgoogle%20maps%20morski%20prasac%20-%20Recherche%20Google!15sCgIgAQ&amp;imagekey=!1e10!2sAF1QipOaciSRJ_y_EX9MT8XeSc5ruOnwPsWw1k1WnNYb&amp;hl=fr&amp;sa=X&amp;ved=2ahUKEwjzhoXzzpP5AhXF0YUKHS9TBbEQoip6BAg8EAM\" target=\"_blank\">Google Maps<\/a>\u00a0\u00e0 celles des deux hommes relay\u00e9es sur les r\u00e9seaux sociaux. Comme le montre la comparaison ci-dessous, les m\u00eames tables et parasols sont visibles.<\/p>\n\n\n\n<figure class=\"wp-block-image aligncenter size-large\"><img loading=\"lazy\" decoding=\"async\" width=\"1024\" height=\"507\" src=\"https:\/\/europeannewsroom.com\/wp-content\/uploads\/2022\/08\/capture-4-1024x507.jpeg\" alt=\"\" class=\"wp-image-24167\" srcset=\"https:\/\/europeannewsroom.com\/wp-content\/uploads\/2022\/08\/capture-4-1024x507.jpeg 1024w, https:\/\/europeannewsroom.com\/wp-content\/uploads\/2022\/08\/capture-4-980x485.jpeg 980w, https:\/\/europeannewsroom.com\/wp-content\/uploads\/2022\/08\/capture-4-480x237.jpeg 480w\" sizes=\"(min-width: 0px) and (max-width: 480px) 480px, (min-width: 481px) and (max-width: 980px) 980px, (min-width: 981px) 1024px, 100vw\" \/><\/figure>\n\n\n\n<p class=\"wp-block-paragraph\">Apr\u00e8s la publication des photos, la police croate a d\u00e9clar\u00e9 au m\u00e9dia <a href=\"https:\/\/dnevnik.hr\/vijesti\/hrvatska\/dvojica-muskaraca-u-rijeci-prekrivena-tetovazama-nacistickih-obiljezja---733332.html\" target=\"_blank\" rel=\"noreferrer noopener\">Dnevnik <\/a>qu&rsquo;elle avait re\u00e7u un signalement en ligne \u00e0 propos des deux hommes le 13 juillet 2022, et qu&rsquo;elle s&rsquo;\u00e9tait rendue dans le bar pour effectuer un contr\u00f4le. Cela a \u00e9t\u00e9 confirm\u00e9 \u00e0 l&rsquo;AFP le 20 juillet.<\/p>\n\n\n\n<p class=\"wp-block-paragraph\">Apr\u00e8s la publication des photos, la police croate a d\u00e9clar\u00e9 au m\u00e9dia&nbsp;<a href=\"https:\/\/dnevnik.hr\/vijesti\/hrvatska\/dvojica-muskaraca-u-rijeci-prekrivena-tetovazama-nacistickih-obiljezja---733332.html\" rel=\"noreferrer noopener\" target=\"_blank\">Dnevnik&nbsp;<\/a>qu&rsquo;elle avait re\u00e7u un signalement en ligne \u00e0 propos des deux hommes le 13 juillet 2022, et qu&rsquo;elle s&rsquo;\u00e9tait rendue dans le bar pour effectuer un contr\u00f4le. Cela a \u00e9t\u00e9 confirm\u00e9 \u00e0 l&rsquo;AFP le 20 juillet.<\/p>\n\n\n\n<p class=\"wp-block-paragraph\"><em>\u00ab\u00a0Imm\u00e9diatement apr\u00e8s le signalement, des policiers ont \u00e9t\u00e9 envoy\u00e9s sur la plage, ils ont appris en parlant avec le personnel du restaurant que les hommes mentionn\u00e9s avaient bien \u00e9t\u00e9 sur cette plage, mais dix jours plus t\u00f4t\u00a0\u00bb<\/em>, a indiqu\u00e9 un porte-parole de l&rsquo;administration de la police du comt\u00e9 croate de Primorsko-goranska, ajoutant que<em>&nbsp;\u00ab\u00a0la police n&rsquo;a(vait) aucune information sur leur identit\u00e9 pour le moment.\u00a0\u00bb<\/em><\/p>\n\n\n\n<p class=\"wp-block-paragraph\">Le compte Antifa\u0161isti\u010dki vjesnik a n\u00e9anmoins r\u00e9ussi \u00e0 retrouver des photos de l&rsquo;homme le plus grand sur le&nbsp;<a href=\"https:\/\/web.archive.org\/web\/20220720093833\/https:\/\/28h.hu\/tag\/feher-vihar\/\" rel=\"noreferrer noopener\" target=\"_blank\">site<\/a>&nbsp;de la branche hongroise du groupe n\u00e9onazi Blood and Honour. Une photo datant au moins de 2018 le montre avec moins de tatouages sur le visage, jouant de la guitare basse. Il porte une chemise avec le slogan \u00ab\u00a0<em>Blood and Honour<\/em>\u00ab\u00a0.<\/p>\n\n\n\n<p class=\"wp-block-paragraph\">Blood and Honour est un groupe n\u00e9onazi d&rsquo;extr\u00eame droite qui a vu le jour en Grande-Bretagne en 1987, et compte des groupes affili\u00e9s dans divers pays, dont la Hongrie et la&nbsp;<a href=\"https:\/\/web.archive.org\/web\/20220720093833\/https:\/\/28h.hu\/tag\/feher-vihar\/\" rel=\"noreferrer noopener\" target=\"_blank\">Croatie<\/a>, avec une<em>&nbsp;\u00ab\u00a0division\u00a0\u00bb&nbsp;<\/em>\u00e0 Rijeka, o\u00f9 les deux hommes ont \u00e9t\u00e9 photographi\u00e9s.<\/p>\n\n\n\n<p class=\"wp-block-paragraph\">Le Southern Poverty Law Center, bas\u00e9 aux \u00c9tats-Unis, qui surveille les groupes extr\u00e9mistes,&nbsp;<a href=\"https:\/\/www.splcenter.org\/fighting-hate\/extremist-files\/group\/blood-honour\" rel=\"noreferrer noopener\" target=\"_blank\">le d\u00e9finit<\/a>&nbsp;comme<em>&nbsp;\u00ab\u00a0une obscure coalition internationale de gangs skinheads racistes\u00a0\u00bb.<\/em>&nbsp;Selon le&nbsp;<a href=\"https:\/\/www.counterextremism.com\/supremacy\/blood-honour-bh\" rel=\"noreferrer noopener\" target=\"_blank\">Counter Extremism Project<\/a>,<em>&nbsp;\u00ab\u00a0le groupe promeut l&rsquo;id\u00e9ologie du pouvoir blanc par la prolif\u00e9ration de festivals de musique et d&rsquo;enregistrements.\u00a0\u00bb<\/em><\/p>\n\n\n\n<p class=\"wp-block-paragraph\">D&rsquo;apr\u00e8s un&nbsp;<a href=\"https:\/\/perma.cc\/2WKS-3CG7?view-mode=server-side&amp;type=image\" rel=\"noreferrer noopener\" target=\"_blank\">message<\/a>&nbsp;publi\u00e9 sur le groupe Telegram \u00ab\u00a0Blood and Honour Hungary\u00a0\u00bb le 3 juillet 2022,&nbsp;<strong>un concert avait \u00e9t\u00e9 organis\u00e9 la veille en Croatie avec trois groupes,&nbsp;<\/strong>dont l&rsquo;un portait un nom hongrois : Feh\u00e9r T\u00f6rv\u00e9ny (<em>\u00ab\u00a0Loi blanche\u00a0\u00bb<\/em>). Cela correspond aux informations de la police selon lesquelles les deux hommes n&rsquo;ont pas \u00e9t\u00e9 vus sur la plage le 15 juillet, mais<em>&nbsp;\u00ab\u00a0dix jours plus t\u00f4t\u00a0\u00bb.<\/em><\/p>\n\n\n\n<p class=\"wp-block-paragraph\">Des&nbsp;<a href=\"https:\/\/perma.cc\/5NTK-89LJ?view-mode=server-side&amp;type=image\" rel=\"noreferrer noopener\" target=\"_blank\">messages ant\u00e9rieurs<\/a>&nbsp;publi\u00e9s sur le groupe Telegram montrent que l&rsquo;\u00e9v\u00e9nement a lieu annuellement en Croatie.<\/p>\n\n\n\n<p class=\"wp-block-paragraph\">L&rsquo;AFP a trouv\u00e9 de nombreuses vid\u00e9os du groupe de musique montrant parmi ses membres l&rsquo;homme arborant un tatouage d&rsquo;Hitler, comme&nbsp;<a href=\"https:\/\/perma.cc\/T59S-FWKC?view-mode=server-side&amp;type=image\" rel=\"noreferrer noopener\" target=\"_blank\">celle-ci<\/a>.<\/p>\n\n\n\n<p class=\"wp-block-paragraph\">La photo de 2022 le montre \u00e9galement avec un tatouage de l&#8217;embl\u00e8me des&nbsp;<a href=\"https:\/\/www.adl.org\/resources\/hate-symbol\/arrow-cross\" rel=\"noreferrer noopener\" target=\"_blank\">Croix fl\u00e9ch\u00e9es<\/a>&nbsp;sur la jambe droite. Selon l&rsquo;Anti-Defamation League, qui lutte contre l&rsquo;antis\u00e9mitisme, ce symbole&nbsp;<em>\u00ab\u00a0d\u00e9rive du parti politique fasciste hongrois connu sous le nom de Parti des Croix fl\u00e9ch\u00e9es, qui \u00e9tait actif entre 1935 et 1945.\u00a0\u00bb<\/em><\/p>\n\n\n\n<p class=\"wp-block-paragraph\">L&rsquo;AFP a trouv\u00e9&nbsp;<a href=\"https:\/\/perma.cc\/A6RM-RA6L?view-mode=server-side&amp;type=image\" rel=\"noreferrer noopener\" target=\"_blank\">un profil&nbsp;<\/a>Facebook avec des photos plus r\u00e9centes du m\u00eame homme, arborant les m\u00eames tatouages sur le visage, sous le nom de Krist\u00f3f Anka. Sur<a href=\"https:\/\/perma.cc\/D2C9-MGHB?view-mode=server-side&amp;type=image\" rel=\"noreferrer noopener\" target=\"_blank\">&nbsp;cette photo<\/a>, il porte une chemise avec le nom du groupe Feh\u00e9r T\u00f6rv\u00e9ny. Il a \u00e9galement partag\u00e9<a href=\"https:\/\/perma.cc\/4S4Q-MWEY?view-mode=server-side&amp;type=image\" rel=\"noreferrer noopener\" target=\"_blank\">&nbsp;une affiche<\/a>&nbsp;pour un concert du groupe en Hongrie.<\/p>\n\n\n\n<figure class=\"wp-block-image aligncenter size-large\"><img loading=\"lazy\" decoding=\"async\" width=\"1024\" height=\"507\" src=\"https:\/\/europeannewsroom.com\/wp-content\/uploads\/2022\/08\/capture-5-1024x507.jpeg\" alt=\"\" class=\"wp-image-24199\" srcset=\"https:\/\/europeannewsroom.com\/wp-content\/uploads\/2022\/08\/capture-5-1024x507.jpeg 1024w, https:\/\/europeannewsroom.com\/wp-content\/uploads\/2022\/08\/capture-5-980x485.jpeg 980w, https:\/\/europeannewsroom.com\/wp-content\/uploads\/2022\/08\/capture-5-480x237.jpeg 480w\" sizes=\"(min-width: 0px) and (max-width: 480px) 480px, (min-width: 481px) and (max-width: 980px) 980px, (min-width: 981px) 1024px, 100vw\" \/><figcaption><em>Comparaison entre une photo de profil Facebook et les publications partag\u00e9es sur Facebook<\/em><\/figcaption><\/figure>\n\n\n\n<p class=\"wp-block-paragraph\">Son profil, public, ne mentionne nulle part l&rsquo;Ukraine, et il ne s&rsquo;exprime \u00e0 aucun moment en ukrainien, mais uniquement en hongrois.<\/p>\n\n\n\n<p class=\"wp-block-paragraph\">L&rsquo;AFP a \u00e9galement trouv\u00e9 des photos de l&rsquo;autre homme sur le profil d&rsquo;un des amis Facebook d&rsquo;Anka sous le nom d&rsquo;\u00c1d\u00e1m T\u00f3th. Sur&nbsp;<a href=\"https:\/\/perma.cc\/67WX-BZ7N?view-mode=server-side&amp;type=image\" rel=\"noreferrer noopener\" target=\"_blank\">cette photo<\/a>&nbsp;publi\u00e9e le 24 juin 2022, il prend la parole sur sc\u00e8ne devant un panneau indiquant \u00ab\u00a0Feh\u00e9r T\u00f6rv\u00e9ny\u00a0\u00bb.&nbsp;<a href=\"https:\/\/perma.cc\/R99M-2SRR\" rel=\"noreferrer noopener\" target=\"_blank\">Cette photo<\/a>&nbsp;ant\u00e9rieure le montre avec une chemise portant le mot \u00ab\u00a0feh\u00e9r\u00a0\u00bb.<\/p>\n\n\n\n<p class=\"wp-block-paragraph\">Plusieurs tatouages, dont celui sur sa jambe droite (entour\u00e9 en rouge ci-dessous), la toile d&rsquo;araign\u00e9e sur son coude droit (hexagone orange), ainsi que sa casquette noire (carr\u00e9 bleu), correspondent \u00e0 ceux de l&rsquo;homme photographi\u00e9 en Croatie.<\/p>\n\n\n\n<figure class=\"wp-block-image aligncenter size-large\"><img loading=\"lazy\" decoding=\"async\" width=\"1024\" height=\"1024\" src=\"https:\/\/europeannewsroom.com\/wp-content\/uploads\/2022\/08\/capture-6-1024x1024.jpeg\" alt=\"\" class=\"wp-image-24231\" srcset=\"https:\/\/europeannewsroom.com\/wp-content\/uploads\/2022\/08\/capture-6-1024x1024.jpeg 1024w, https:\/\/europeannewsroom.com\/wp-content\/uploads\/2022\/08\/capture-6-980x980.jpeg 980w, https:\/\/europeannewsroom.com\/wp-content\/uploads\/2022\/08\/capture-6-480x480.jpeg 480w\" sizes=\"(min-width: 0px) and (max-width: 480px) 480px, (min-width: 481px) and (max-width: 980px) 980px, (min-width: 981px) 1024px, 100vw\" \/><figcaption><em>Captures d&rsquo;\u00e9cran des publications partag\u00e9es sur Facebook et Twitter et du profil Facebook d&rsquo;Adam Toth, prises le 22 juillet 2022 montrant les tatouages similaires<\/em><\/figcaption><\/figure>\n\n\n\n<p class=\"wp-block-paragraph\">La partie de son profil Facebook accessible au public est \u00e9galement en hongrois et ne mentionne pas l&rsquo;Ukraine. Dans les commentaires, il parle, lui-aussi, hongrois et non ukrainien.<\/p>\n\n\n\n<p class=\"wp-block-paragraph\">Reconnaissable \u00e0 ses lunettes et au tatouage \u00e0 l&rsquo;arri\u00e8re de son cr\u00e2ne, il appara\u00eet dans&nbsp;<a href=\"https:\/\/perma.cc\/Q6ML-BWBK?view-mode=server-side&amp;type=image\" rel=\"noreferrer noopener\" target=\"_blank\">cette vid\u00e9o<\/a>&nbsp;publi\u00e9e en 2020 sur Youtube. Il porte une chemise avec l&rsquo;inscription<em>&nbsp;\u00ab\u00a0Aryan straight edge brigade Hungary\u00a0\u00bb.<\/em><\/p>\n\n\n\n<p class=\"wp-block-paragraph\">Les deux hommes apparaissent ensemble sur des photos publi\u00e9es sur le<a href=\"https:\/\/perma.cc\/7MX2-CEWK?view-mode=server-side&amp;type=image\" rel=\"noreferrer noopener\" target=\"_blank\">&nbsp;canal Telegram<\/a>&nbsp;de la&nbsp;<em>\u00ab\u00a0brigade aryenne straight edge\u00a0\u00bb<\/em>, qui se d\u00e9finit comme le&nbsp;<em>\u00ab\u00a0mouvement nationaliste Straight Edge de Hongrie\u00a0\u00bb.<\/em><\/p>\n\n\n\n<p class=\"wp-block-paragraph\"><em>\u00ab\u00a0Hate Edge (\u00e9galement connu sous le nom de NS ou National Socialist Straight Edge) est une petite ramification supr\u00e9matiste blanche du mouvement non raciste Straight Edge, qui a \u00e9merg\u00e9 de la sous-culture punk dans les ann\u00e9es 1980\u00a0\u00bb<\/em>, indique&nbsp;<a href=\"https:\/\/www.adl.org\/resources\/hate-symbol\/hate-edge\" rel=\"noreferrer noopener\" target=\"_blank\">l&rsquo;Anti-Defamation League<\/a>&nbsp;sur son site.<\/p>\n\n\n\n<p class=\"wp-block-paragraph\">Feh\u00e9r T\u00f6rv\u00e9ny se trouvait dans la ville hongroise de Velence le 1er juillet 2022, pour&nbsp;<a href=\"https:\/\/perma.cc\/82PL-DZBR?view-mode=server-side&amp;type=image\" rel=\"noreferrer noopener\" target=\"_blank\">un concert<\/a>. La municipalit\u00e9 a ensuite r\u00e9agi pour condamner l&rsquo;\u00e9v\u00e9nement, affirmant que les organisateurs n&rsquo;avaient pas jamais re\u00e7u l&rsquo;autorisation de l&rsquo;organiser.<em>&nbsp;\u00ab\u00a0Lors de la f\u00eate de la musique qui s&rsquo;est d\u00e9roul\u00e9e le week-end dernier, des textes inacceptables, incitant \u00e0 la haine et anti-communautaires ont \u00e9t\u00e9 entendus (&#8230;) cela suscite une indignation l\u00e9gitime d&rsquo;entendre des textes racistes, nazis dans notre ville. Dans notre pays, les discours de haine (&#8230;) sont punis par le Code p\u00e9nal\u00a0\u00bb,<\/em>&nbsp;a d\u00e9clar\u00e9 la municipalit\u00e9&nbsp;<a href=\"https:\/\/www.facebook.com\/Velencevaros\/posts\/pfbid02UDiQvq3aqJ4t7xjHaUsACXrCEoCc9HV3pL3A16WJW3HsqFXPU9zmX6ANdC7GFLCql\" rel=\"noreferrer noopener\" target=\"_blank\">sur sa page Facebook<\/a>.<\/p>\n\n\n\n<p class=\"wp-block-paragraph\">Depuis l&rsquo;invasion de l&rsquo;Ukraine par la Russie en f\u00e9vrier 2022, de nombreux internautes reprennent la rh\u00e9torique du Kremlin et assurent que l&rsquo;Ukraine est acquise \u00e0 l&rsquo;id\u00e9ologie nazie, ce que r\u00e9futaient&nbsp;<a href=\"https:\/\/factuel.afp.com\/doc.afp.com.324Q3AK\" rel=\"noreferrer noopener\" target=\"_blank\">en mars<\/a>&nbsp;des sp\u00e9cialistes interrog\u00e9s par l&rsquo;AFP : si des mouvements ultra nationalistes sont actifs dans le pays, notamment dans l&rsquo;arm\u00e9e, ils restent \u00ab\u00a0<em>minoritaires<\/em>\u00a0\u00bb et marginalis\u00e9s au niveau politique, estiment-ils.<\/p>\n\n\n\n<figure class=\"wp-block-image aligncenter size-large\"><img loading=\"lazy\" decoding=\"async\" width=\"938\" height=\"1024\" src=\"https:\/\/europeannewsroom.com\/wp-content\/uploads\/2022\/08\/capture-7-938x1024.jpeg\" alt=\"\" class=\"wp-image-24263\"\/><figcaption><em>Carte de la situation en Ukraine au 25 juillet \u00e0 7h GMT ( AFP \/ Simon MALFATTO, Sophie RAMIS, Kenan AUGEARD)<\/em><\/figcaption><\/figure>\n\n\n\n<p class=\"wp-block-paragraph\">L&rsquo;AFP a d\u00e9j\u00e0 v\u00e9rifi\u00e9&nbsp;<a href=\"https:\/\/factuel.afp.com\/doc.afp.com.324M4XQ\" rel=\"noreferrer noopener\" target=\"_blank\">une photo manipul\u00e9e<\/a>&nbsp;du pr\u00e9sident ukrainien Volodymyr Zelensky montrant le maillot de l&rsquo;\u00e9quipe nationale de football avec une croix gamm\u00e9e dans le dos, ainsi que l&rsquo;<a href=\"https:\/\/factuel.afp.com\/doc.afp.com.327A4CJ\" rel=\"noreferrer noopener\" target=\"_blank\">affirmation<\/a>&nbsp;erron\u00e9e selon laquelle un homme avec des tatouages nazis \u00e9tait le chef adjoint de la police de Kiev.<\/p>\n\n\n\n<p class=\"wp-block-paragraph\">Selon un rapport de juillet de l&rsquo;Observatoire europ\u00e9en des m\u00e9dias en ligne, les r\u00e9fugi\u00e9s ukrainiens qui ont fui le conflit sont l&rsquo;une des principales cibles de la d\u00e9sinformation en Europe, comme l&rsquo;explique l&rsquo;AFP dans\u00a0<a rel=\"noreferrer noopener\" href=\"https:\/\/arabnews.fr\/node\/269256\/international\" target=\"_blank\">cette d\u00e9p\u00eache<\/a>.<\/p>\n\n\n\n<h5 class=\"wp-block-heading\"><a href=\"https:\/\/factuel.afp.com\/marion-dautry\" target=\"_blank\" rel=\"noreferrer noopener\"><br>Marion Dautry<\/a><\/h5>\n\n\n\n<p class=\"wp-block-paragraph\"><a href=\"https:\/\/factuel.afp.com\/marion-dautry\" target=\"_blank\" rel=\"noreferrer noopener\">Tous ses articles<\/a><\/p>\n\n\n\n<h5 class=\"wp-block-heading\"><a href=\"https:\/\/factuel.afp.com\/afp-belgrade\" target=\"_blank\" rel=\"noreferrer noopener\">AFP Belgrade<\/a><\/h5>\n\n\n\n<p class=\"wp-block-paragraph\"><a href=\"https:\/\/factuel.afp.com\/afp-belgrade\" target=\"_blank\" rel=\"noreferrer noopener\">Tous ses articles<\/a><\/p>\n\n\n\n<p class=\"wp-block-paragraph\">Traduction et adaptation :<\/p>\n\n\n\n<h5 class=\"wp-block-heading\"><a href=\"https:\/\/factuel.afp.com\/juliette-mansour\" target=\"_blank\" rel=\"noreferrer noopener\">Juliette Mansour<\/a><\/h5>\n\n\n\n<p class=\"wp-block-paragraph\"><a href=\"https:\/\/factuel.afp.com\/juliette-mansour\" target=\"_blank\" rel=\"noreferrer noopener\">Tous ses articles<\/a><\/p>\n\n\n\n<p class=\"wp-block-paragraph\"><a target=\"_blank\" href=\"https:\/\/factuel.afp.com\/#facebook\" rel=\"noreferrer noopener\">Facebook<\/a>&nbsp;<a target=\"_blank\" href=\"https:\/\/factuel.afp.com\/#twitter\" rel=\"noreferrer noopener\">Twitter<\/a>&nbsp;<a target=\"_blank\" href=\"https:\/\/factuel.afp.com\/#email\" rel=\"noreferrer noopener\">Email<\/a><\/p>\n\n\n\n<h3 class=\"wp-block-heading\"><strong>Vous avez un doute sur l&rsquo;authenticit\u00e9 d&rsquo;une info, d&rsquo;une citation ou d&rsquo;une image ?<\/strong><\/h3>\n\n\n\n<h4 class=\"wp-block-heading\"><strong>Contactez-nous sur WhatsApp !<a href=\"https:\/\/api.whatsapp.com\/send?phone=33647087046&amp;text=&amp;source=&amp;data=\" target=\"_blank\" rel=\"noreferrer noopener\">&nbsp;WhatsApp<\/a><\/strong><\/h4>\n\n\n\n<p class=\"wp-block-paragraph\"><strong><\/strong><\/p>\n\n\n\n<figure class=\"wp-block-image\"><a href=\"http:\/\/u.afp.com\/wRmC\" target=\"_blank\" rel=\"noreferrer noopener\"><img decoding=\"async\" src=\"https:\/\/factuel.afp.com\/sites\/default\/files\/banner-fc-fr-v2_0.png\" alt=\"\"\/><\/a><\/figure>\n\n\n\n<p class=\"wp-block-paragraph\"><strong>Suivez-nous<\/strong><a href=\"https:\/\/www.facebook.com\/afpfactuel\/\" target=\"_blank\" rel=\"noreferrer noopener\"><\/a><a href=\"https:\/\/twitter.com\/AFPfactuel\" target=\"_blank\" rel=\"noreferrer noopener\"><\/a><a href=\"https:\/\/api.whatsapp.com\/send?phone=33647087046&amp;text=&amp;source=&amp;data=\" target=\"_blank\" rel=\"noreferrer noopener\"><\/a><a href=\"https:\/\/www.instagram.com\/afpfactuel\/\" target=\"_blank\" rel=\"noreferrer noopener\"><\/a><\/p>\n\n\n\n<ul class=\"wp-block-list\"><li><a href=\"https:\/\/factuel.afp.com\/\"><strong>Accueil<\/strong><\/a><\/li><li><a href=\"https:\/\/factuel.afp.com\/propos\"><strong>A propos<\/strong><\/a><\/li><li><a href=\"https:\/\/factuel.afp.com\/qui-sommes-nous\"><strong>Qui sommes-nous ?<\/strong><\/a><\/li><li><strong><a href=\"https:\/\/factuel.afp.com\/fact-checking-comment-nous-travaillons\">B-A BA du fact-check<\/a><\/strong><\/li><li><strong><a href=\"https:\/\/factuel.afp.com\/objectif-desinfox-2022\">Objectif Desinfox<\/a><\/strong><\/li><li><strong><a href=\"https:\/\/factuel.afp.com\/contact\">Contact<\/a><\/strong><\/li><li><strong><a href=\"https:\/\/factuel.afp.com\/corrections\">Corrections<\/a><\/strong><\/li><li><strong><a href=\"http:\/\/u.afp.com\/wJF9\">Offres media \/ corporate<\/a><\/strong><\/li><\/ul>\n\n\n\n<p class=\"has-medium-font-size wp-block-paragraph\"><a href=\"https:\/\/factuel.afp.com\/\">Factuel<\/a><\/p>\n\n\n\n<p class=\"wp-block-paragraph\"><small><strong>Copyright \u00a9 AFP 2017-2022. Tous droits r\u00e9serv\u00e9s.<\/strong><\/small><small>&nbsp;Les visiteurs peuvent acc\u00e9der \u00e0 ce site, le consulter et utiliser les fonctionnalit\u00e9s de partage propos\u00e9es pour un usage personnel. Sous cette seule r\u00e9serve, toute reproduction, communication au public, distribution de tout ou partie du contenu de ce site, par quelque moyen et \u00e0 quelque fin que ce soit, sans licence sp\u00e9cifique sign\u00e9e avec l\u2019AFP, est interdite. Les \u00e9l\u00e9ments analys\u00e9s dans le cadre de chaque factuel sont pr\u00e9sent\u00e9s ou font l\u2019objet de liens dans la mesure n\u00e9cessaire \u00e0 la bonne compr\u00e9hension de la v\u00e9rification de l\u2019information concern\u00e9e. L\u2019AFP ne d\u00e9tient pas de licence les concernant et d\u00e9cline toute responsabilit\u00e9 \u00e0 leur \u00e9gard. AFP et son logo sont des marques d\u00e9pos\u00e9es.<\/small><\/p>\n","protected":false},"excerpt":{"rendered":"<p>Deux hommes couverts de tatouages nazis photographi\u00e9s sur une plage de Rijeka, en Croatie, et signal\u00e9s \u00e0 la police locale sont pr\u00e9sent\u00e9s sur les r\u00e9seaux sociaux comme des \u00ab\u00a0r\u00e9fugi\u00e9s ukrainiens\u00a0\u00bb. C&rsquo;est faux : ces deux hommes sont hongrois et non ukrainiens, indiquent leurs profils Facebook ainsi que leurs publications.<\/p>\n","protected":false},"author":89,"featured_media":20733,"comment_status":"closed","ping_status":"closed","sticky":false,"template":"","format":"standard","meta":{"_acf_changed":false,"_et_pb_use_builder":"","_et_pb_old_content":"","_et_gb_content_width":"","footnotes":""},"categories":[829],"tags":[523],"class_list":["post-20459","post","type-post","status-publish","format-standard","has-post-thumbnail","hentry","category-fact-check","tag-ukraine-3"],"acf":[],"_links":{"self":[{"href":"https:\/\/europeannewsroom.com\/fr\/wp-json\/wp\/v2\/posts\/20459","targetHints":{"allow":["GET"]}}],"collection":[{"href":"https:\/\/europeannewsroom.com\/fr\/wp-json\/wp\/v2\/posts"}],"about":[{"href":"https:\/\/europeannewsroom.com\/fr\/wp-json\/wp\/v2\/types\/post"}],"author":[{"embeddable":true,"href":"https:\/\/europeannewsroom.com\/fr\/wp-json\/wp\/v2\/users\/89"}],"replies":[{"embeddable":true,"href":"https:\/\/europeannewsroom.com\/fr\/wp-json\/wp\/v2\/comments?post=20459"}],"version-history":[{"count":0,"href":"https:\/\/europeannewsroom.com\/fr\/wp-json\/wp\/v2\/posts\/20459\/revisions"}],"wp:featuredmedia":[{"embeddable":true,"href":"https:\/\/europeannewsroom.com\/fr\/wp-json\/wp\/v2\/media\/20733"}],"wp:attachment":[{"href":"https:\/\/europeannewsroom.com\/fr\/wp-json\/wp\/v2\/media?parent=20459"}],"wp:term":[{"taxonomy":"category","embeddable":true,"href":"https:\/\/europeannewsroom.com\/fr\/wp-json\/wp\/v2\/categories?post=20459"},{"taxonomy":"post_tag","embeddable":true,"href":"https:\/\/europeannewsroom.com\/fr\/wp-json\/wp\/v2\/tags?post=20459"}],"curies":[{"name":"wp","href":"https:\/\/api.w.org\/{rel}","templated":true}]}}