{"id":204598,"date":"2024-02-16T15:11:06","date_gmt":"2024-02-16T14:11:06","guid":{"rendered":"https:\/\/europeannewsroom.dpa.com\/?p=204598"},"modified":"2024-02-16T15:11:09","modified_gmt":"2024-02-16T14:11:09","slug":"les-doutes-sur-le-leadership-americain-suscitent-de-nouveaux-appels-en-faveur-dun-renforcement-de-la-defense-de-lue","status":"publish","type":"post","link":"https:\/\/europeannewsroom.com\/fr\/les-doutes-sur-le-leadership-americain-suscitent-de-nouveaux-appels-en-faveur-dun-renforcement-de-la-defense-de-lue\/","title":{"rendered":"Les doutes sur le leadership am\u00e9ricain suscitent de nouveaux appels en faveur d\u2019un renforcement de la d\u00e9fense de l\u2019UE"},"content":{"rendered":"\n<p class=\"wp-block-paragraph\"><strong>Donald Trump<\/strong>, ancien pr\u00e9sident am\u00e9ricain et candidat r\u00e9publicain probable \u00e0 l\u2019\u00e9lection de novembre, a d\u00e9clar\u00e9 lors d&rsquo;un \u00e9v\u00e9nement de campagne qu&rsquo;il \u00ab encouragerait \u00bb la Russie \u00ab \u00e0 faire tout ce qu&rsquo;elle veut \u00bb envers les pays de l&rsquo;OTAN qui ne d\u00e9pensent pas suffisamment pour la d\u00e9fense.<\/p>\n\n\n\n<p class=\"wp-block-paragraph\"> Les commentaires de Trump sur l&rsquo;alliance militaire dirig\u00e9e par les \u00c9tats-Unis \u2013 imp\u00e9tueux m\u00eame au regard de ses habitudes bien connues de d\u00e9nigrement de l&rsquo;OTAN \u2013 ont suscit\u00e9 l&rsquo;inqui\u00e9tude des alli\u00e9s et une condamnation f\u00e9roce de la Maison Blanche, le pr\u00e9sident am\u00e9ricain <strong>Joe Biden<\/strong> condamnant ses propos comme \u00e9tant \u00ab stupides \u00bb et \u00ab honteux \u00bb.<\/p>\n\n\n\n<p class=\"wp-block-paragraph\">Le chef de l\u2019OTAN, <strong>Jens Stoltenberg<\/strong>, a averti que \u00ab toute suggestion selon laquelle les alli\u00e9s ne se d\u00e9fendront pas mutuellement compromettrait notre s\u00e9curit\u00e9 dans son ensemble, y compris celle des \u00c9tats-Unis \u00bb. Le chef de la diplomatie de l\u2019UE, <strong>Josep Borrell<\/strong>, a d\u00e9clar\u00e9 que \u00ab l\u2019OTAN ne peut pas \u00eatre une alliance militaire \u00e0 la carte \u00bb, ajoutant qu\u2019elle existe ou n\u2019existe pas.<\/p>\n\n\n\n<p class=\"wp-block-paragraph\"> La ministre espagnole de la D\u00e9fense, <strong>Margarita<\/strong> <strong>Robles<\/strong>, a d\u00e9clar\u00e9 que l&rsquo;alliance \u00ab n&rsquo;acceptera aucun acte qui pourrait impliquer une violation des droits minimaux inclus dans le droit international et dans la Charte des droits de l&rsquo;ONU \u00bb.Les diplomates de plusieurs pays de l\u2019OTAN insistent sur le fait que le maintien des \u00c9tats-Unis reste fondamental pour dissuader la menace russe. Mais ils restent optimistes quant \u00e0 la port\u00e9e r\u00e9elle des menaces de Trump, affirmant que l\u2019alliance est sortie indemne de son premier mandat.<\/p>\n\n\n\n<h2 class=\"wp-block-heading\"><strong>\u00ab Augmentation sans pr\u00e9c\u00e9dent \u00bb des d\u00e9penses de d\u00e9fense, doutes sur la future aide am\u00e9ricaine \u00e0 l\u2019Ukraine<\/strong><\/h2>\n\n\n\n<p class=\"wp-block-paragraph\">Stoltenberg a d\u00e9clar\u00e9 mercredi que 18 des 31 pays de l\u2019alliance devraient atteindre leur objectif de d\u00e9penses de d\u00e9fense cette ann\u00e9e. Sous l\u2019impulsion de l\u2019invasion en r\u00e8gle de l\u2019Ukraine par la Russie en 2022, l\u2019ann\u00e9e derni\u00e8re a vu une \u00ab augmentation sans pr\u00e9c\u00e9dent \u00bb de 11 % des d\u00e9penses des membres europ\u00e9ens et du Canada, a ajout\u00e9 le chef de l\u2019OTAN.<\/p>\n\n\n\n<p class=\"wp-block-paragraph\">Dans l\u2019ensemble, il a d\u00e9clar\u00e9 que les alli\u00e9s europ\u00e9ens et le Canada auront ajout\u00e9 plus de 600 milliards de dollars \u00e0 leurs d\u00e9penses de d\u00e9fense depuis qu\u2019ils ont fix\u00e9 l\u2019objectif de 2 % du PIB il y a dix ans. Les \u00c9tats-Unis repr\u00e9sentent toujours la grande majorit\u00e9 des d\u00e9penses combin\u00e9es de d\u00e9fense des membres de l\u2019OTAN.<\/p>\n\n\n\n<p class=\"wp-block-paragraph\">\u00ab\u00a0Nous ne devons laisser aucune place \u00e0 des erreurs de calcul ou \u00e0 des malentendus \u00e0 Moscou quant \u00e0 notre pr\u00e9paration et notre engagement, notre d\u00e9termination \u00e0 prot\u00e9ger nos alli\u00e9s\u00a0\u00bb, a d\u00e9clar\u00e9 Stoltenberg.<\/p>\n\n\n\n<p class=\"wp-block-paragraph\">Le secr\u00e9taire g\u00e9n\u00e9ral adjoint de l&rsquo;OTAN, <strong>Mircea Geoan\u0103<\/strong>, a d\u00e9clar\u00e9 d\u00e9but f\u00e9vrier : \u00ab Nous continuerons \u00e0 soutenir l&rsquo;Ukraine. Ce n\u2019est pas le moment de devenir pessimiste sur ce qui va se passer dans cette guerre qui entrera dans sa troisi\u00e8me ann\u00e9e dans quelques jours. Nous avons les ressources et la volont\u00e9 de faire r\u00e9ussir l\u2019Ukraine. Il est tr\u00e8s important que nous restions unis et continuions \u00e0 soutenir ce pays, car son combat est notre combat, sa s\u00e9curit\u00e9 prot\u00e8ge aussi notre s\u00e9curit\u00e9. \u00bb<\/p>\n\n\n\n<p class=\"wp-block-paragraph\">La guerre \u00e0 grande \u00e9chelle men\u00e9e par Moscou contre l\u2019Ukraine a servi de sonnette d\u2019alarme pour les pays europ\u00e9ens et a vu l\u2019OTAN faire du chiffre de 2 % du PIB une exigence minimale plut\u00f4t qu\u2019un objectif. Des acteurs cl\u00e9s tels que l\u2019Allemagne ont augment\u00e9 leurs d\u00e9penses et devraient atteindre leur objectif cette ann\u00e9e. L\u2019Espagne vise un objectif de 2 % d\u2019ici 2029.<\/p>\n\n\n\n<p class=\"wp-block-paragraph\">La ministre espagnole de la D\u00e9fense Margarita Robles a d\u00e9clar\u00e9 que le gouvernement faisait un \u00ab effort extr\u00eamement important \u00bb en termes d\u2019investissement dans la d\u00e9fense, ajoutant que le budget 2023 repr\u00e9sentait \u00ab une tr\u00e8s forte augmentation \u00bb par rapport \u00e0 l\u2019ann\u00e9e pr\u00e9c\u00e9dente.<\/p>\n\n\n\n<p class=\"wp-block-paragraph\">C\u00e9l\u00e9brant cette ann\u00e9e son 20e anniversaire d\u2019adh\u00e9sion \u00e0 l\u2019OTAN, les d\u00e9penses de d\u00e9fense de la Slov\u00e9nie devraient atteindre 1,31 % de son PIB. Le pays pr\u00e9voit d&rsquo;augmenter ses d\u00e9penses de d\u00e9fense \u00e0 2 % d&rsquo;ici 2030. La modernisation des forces arm\u00e9es slov\u00e8nes s&rsquo;est acc\u00e9l\u00e9r\u00e9e ces derni\u00e8res ann\u00e9es, mais les plans d&rsquo;investissement ont \u00e9t\u00e9 impact\u00e9s par les inondations catastrophiques de l&rsquo;ann\u00e9e derni\u00e8re.<\/p>\n\n\n\n<p class=\"wp-block-paragraph\">Jeudi, Stoltenberg a d\u00e9clar\u00e9 qu&rsquo;il se f\u00e9licitait de l&rsquo;augmentation des investissements dans la d\u00e9fense par les alli\u00e9s europ\u00e9ens, mais qu&rsquo;il consid\u00e9rait \u00e9galement qu&rsquo;il ne s&rsquo;agissait pas d&rsquo;une alternative \u00e0 l&rsquo;OTAN mais d&rsquo;un moyen de la renforcer. Il a soulign\u00e9 que la force r\u00e9sidait dans la pr\u00e9sence commune de l&rsquo;Europe et de l&rsquo;Am\u00e9rique du Nord au sein de l&rsquo;OTAN.<\/p>\n\n\n\n<p class=\"wp-block-paragraph\">M\u00eame si l\u2019accent est mis sur les d\u00e9penses de d\u00e9fense de l\u2019OTAN, la question urgente du soutien \u00e0 l\u2019Ukraine a \u00e9galement \u00e9t\u00e9 abord\u00e9e lors de la r\u00e9union de mercredi. <\/p>\n\n\n\n<p class=\"wp-block-paragraph\">La veille, le S\u00e9nat am\u00e9ricain avait approuv\u00e9 un financement longtemps retard\u00e9 de l\u2019effort de guerre de l\u2019Ukraine, mais le plan semble sur le point d\u2019\u00eatre rejet\u00e9 par la chambre basse dirig\u00e9e par les R\u00e9publicains. Les doutes sur l\u2019avenir de l\u2019aide am\u00e9ricaine surviennent alors que l\u2019Ukraine affirme que ses forces sont sous-\u00e9quip\u00e9es face \u00e0 la lente avanc\u00e9e russe le long de la ligne de front.<\/p>\n\n\n\n<p class=\"wp-block-paragraph\">A neuf mois de l&rsquo;\u00e9lection pr\u00e9sidentielle de novembre lors de laquelle Joe Biden briguera un second mandat, le secr\u00e9taire d&rsquo;\u00c9tat am\u00e9ricain <strong>Antony Blinken<\/strong> participe \u00e0 la conf\u00e9rence de Munich sur la s\u00e9curit\u00e9 aux c\u00f4t\u00e9s de la vice-pr\u00e9sidente Kamala Harris. Il fait face \u00e0 une t\u00e2che ardue pour apaiser les doutes sur le leadership am\u00e9ricain. La conf\u00e9rence qui d\u00e9bute vendredi rassemble chaque ann\u00e9e les \u00e9lites mondiales des d\u00e9cideurs en mati\u00e8re de politique de d\u00e9fense et est consid\u00e9r\u00e9e comme un barom\u00e8tre des relations transatlantiques.<\/p>\n\n\n\n<p class=\"wp-block-paragraph\">\u00ab\u00a0Il est tr\u00e8s clair pour moi partout o\u00f9 je vais, et quand je parle aux gens, que ceux qui regardent les Etats-Unis semblent tr\u00e8s nerveux\u00a0\u00bb, a d\u00e9clar\u00e9<strong> Comfort Ero<\/strong>, directrice du groupe de r\u00e9flexion International Crisis Group.\u00ab Je pense que les \u00c9tats-Unis sont toujours consid\u00e9r\u00e9s comme un acteur influent \u2013 \u200b\u200btant positivement que n\u00e9gativement \u2013 \u200b\u200bau niveau international. Mais je pense qu\u2019il y a de plus en plus d\u2019alarmisme, d\u2019inqui\u00e9tudes, de malaise, face \u00e0 l\u2019incertitude, \u00e0 l\u2019impr\u00e9visibilit\u00e9, juste \u00e0 la polarisation, \u00e0 la division \u00bb, a-t-elle d\u00e9clar\u00e9.<\/p>\n\n\n\n<h2 class=\"wp-block-heading\"><strong>Appels \u00e0 une position europ\u00e9enne plus forte au sein de l\u2019OTAN<\/strong><\/h2>\n\n\n\n<p class=\"wp-block-paragraph\">&nbsp;Lundi, la pr\u00e9sidente du Parlement europ\u00e9en, <strong>Roberta Metsola<\/strong>, a d\u00e9clar\u00e9 qu&rsquo;il fallait faire davantage en termes de d\u00e9penses de d\u00e9fense de chaque pays, mais que l&rsquo;Europe enverrait un \u00ab message clair, quel que soit celui qui dirigera la prochaine administration am\u00e9ricaine \u00bb, que l&rsquo;UE est \u00ab suffisamment forte pour \u00eatre capable de se d\u00e9fendre \u00bb.\u00ab Le plus grand atout de l\u2019Occident contre Poutine est notre unit\u00e9. <\/p>\n\n\n\n<p class=\"wp-block-paragraph\">\u00ab La derni\u00e8re chose que nous devrions faire est de jeter cela aux oubliettes \u00bb, a dit le Premier ministre belge <strong>Alexander De Croo<\/strong> en r\u00e9action aux commentaires de Trump. Cependant, De Croo a reconnu que l&rsquo;Europe a la responsabilit\u00e9 de prendre sa s\u00e9curit\u00e9 en main. \u00ab Dans les ann\u00e9es \u00e0 venir, nous devons construire un pilier europ\u00e9en plus solide au sein de l\u2019OTAN. \u00bb<\/p>\n\n\n\n<p class=\"wp-block-paragraph\">Alors que la Belgique fait partie de ceux qui ont le pire bilan en mati\u00e8re de d\u00e9penses de d\u00e9fense depuis des ann\u00e9es, De Croo insiste sur le fait que cette tendance s&rsquo;est invers\u00e9e. \u00ab\u00a0Ann\u00e9e apr\u00e8s ann\u00e9e, la Belgique d\u00e9pense d\u00e9sormais plus d&rsquo;argent pour la d\u00e9fense\u00a0\u00bb, a d\u00e9clar\u00e9 le Premier ministre. \u00ab\u00a0Mais nous devons \u00e9galement examiner la mani\u00e8re dont ces d\u00e9penses sont r\u00e9alis\u00e9es, afin de garantir que notre propre industrie, en Belgique et en Europe, puisse \u00e9galement se d\u00e9velopper.\u00a0\u00bb<\/p>\n\n\n\n<p class=\"wp-block-paragraph\">Fin janvier, le ministre bulgare de la D\u00e9fense, T<strong>odor Tagarev<\/strong>, a soulign\u00e9 que \u00ab&nbsp;la strat\u00e9gie industrielle europ\u00e9enne de d\u00e9fense devrait d\u00e9finir des moyens efficaces pour surmonter la d\u00e9pendance de l&rsquo;UE \u00e0 l&rsquo;\u00e9gard des mati\u00e8res premi\u00e8res, de l&rsquo;\u00e9nergie et des technologies sensibles, ainsi qu&rsquo;introduire des mesures et des instruments pour accro\u00eetre la production de produits de d\u00e9fense, promouvoir l&rsquo;innovation et la comp\u00e9titivit\u00e9 du secteur de la d\u00e9fense. <\/p>\n\n\n\n<figure class=\"wp-block-image size-full\"><img loading=\"lazy\" decoding=\"async\" width=\"1920\" height=\"1280\" src=\"https:\/\/europeannewsroom.com\/wp-content\/uploads\/2024\/02\/urnnewsmldpa.com20090101240212-99-961362-v5-s2048.jpeg\" alt=\"\" class=\"wp-image-204491\"\/><figcaption class=\"wp-element-caption\"><em>Le pr\u00e9sident fran\u00e7ais Emmanuel Macron (\u00e0 droite) re\u00e7oit Donald Tusk, Premier ministre polonais, \u00e0 l&rsquo;Elys\u00e9e. Tusk s&rsquo;est rendu \u00e0 Paris et \u00e0 Berlin pour tenter de r\u00e9tablir d&rsquo;importantes alliances au niveau diplomatique. Photo : Aur\u00e9lien Morissard\/AP\/dpa <\/em><\/figcaption><\/figure>\n\n\n\n<h2 class=\"wp-block-heading\"><strong>France-Allemagne-Pologne : La relance du triangle de Weimar &#8211; un \u00ab nouvel \u00e9lan \u00bb pour l\u2019UE<\/strong><\/h2>\n\n\n\n<p class=\"wp-block-paragraph\">Plus t\u00f4t cette semaine, le nouveau Premier ministre polonais <strong>Donald Tusk<\/strong> a rendu visite au chancelier allemand <strong>Olaf Scholz<\/strong> \u00e0 Berlin et au pr\u00e9sident fran\u00e7ais <strong>Emmanuel Macron<\/strong> \u00e0 Paris pour coordonner la coop\u00e9ration en mati\u00e8re de politique \u00e9trang\u00e8re entre les trois pays et intensifier la coop\u00e9ration en mati\u00e8re de s\u00e9curit\u00e9 en Europe.<\/p>\n\n\n\n<p class=\"wp-block-paragraph\">Scholz a d\u00e9clar\u00e9 lors d\u2019une conf\u00e9rence de presse conjointe que l&rsquo;Allemagne et la Pologne travaillaient ensemble, que la solidarit\u00e9 et l&rsquo;action commune sont indispensables. \u00ab Surtout \u00e0 une \u00e9poque o\u00f9 l\u2019imp\u00e9rialisme russe menace notre s\u00e9curit\u00e9 commune en Europe. C\u2019est pourquoi nous nous d\u00e9fendons les uns les autres au sein de l\u2019UE et de l\u2019OTAN \u00bb, a dit le chancelier allemand. <\/p>\n\n\n\n<p class=\"wp-block-paragraph\">Tusk a soulign\u00e9 que l\u2019UE \u00e9tait sup\u00e9rieure \u00e0 la Russie en termes \u00e9conomiques et financiers. \u00ab\u00a0Ce n&rsquo;est certainement pas le manque d&rsquo;argent qui d\u00e9cidera du sort de cette guerre, de cette confrontation entre la Russie et l&rsquo;Ukraine.\u00a0\u00bb Cependant, a-t-il ajout\u00e9, une plus grande d\u00e9termination est n\u00e9cessaire pour utiliser les richesses europ\u00e9ennes \u00e0 des fins de s\u00e9curit\u00e9 et de d\u00e9fense.<\/p>\n\n\n\n<p class=\"wp-block-paragraph\">A Paris, Macron a salu\u00e9 Tusk et son gouvernement comme des \u00ab partenaires de confiance, pro-europ\u00e9ens \u00bb et \u00ab clairs sur la s\u00e9curit\u00e9 europ\u00e9enne \u00bb. Il a \u00e9galement r\u00e9it\u00e9r\u00e9 ses appels au renforcement de l&rsquo;industrie europ\u00e9enne de la d\u00e9fense.<\/p>\n\n\n\n<p class=\"wp-block-paragraph\">\u00ab C&rsquo;est ce qui permettra aussi de faire de l&rsquo;Europe une puissance de s\u00e9curit\u00e9 et de d\u00e9fense compl\u00e9mentaire de l&rsquo;OTAN, pilier europ\u00e9en de l&rsquo;alliance atlantique \u00bb, a-t-il d\u00e9clar\u00e9. En janvier, le pr\u00e9sident fran\u00e7ais a appel\u00e9 les pays europ\u00e9ens \u00e0 se pr\u00e9parer \u00e0 soutenir l\u2019Ukraine au cas o\u00f9 Washington d\u00e9ciderait de mettre un terme \u00e0 son aide.<\/p>\n\n\n\n<p class=\"wp-block-paragraph\">Par ailleurs, le nouveau ministre fran\u00e7ais des Affaires \u00e9trang\u00e8res <strong>St\u00e9phane S\u00e9journ\u00e9 <\/strong>a re\u00e7u ses homologues allemande <strong>Annalena Baerbock<\/strong> et polonais <strong>Rados\u0142aw Sikorski<\/strong> dans la r\u00e9gion parisienne. &nbsp;La r\u00e9union, qui s&rsquo;est tenue dans le format dit du Triangle de Weimar, a port\u00e9 sur l&rsquo;approfondissement de la politique \u00e9trang\u00e8re et de la coop\u00e9ration en mati\u00e8re de s\u00e9curit\u00e9.<\/p>\n\n\n\n<p class=\"wp-block-paragraph\">Le format est une alliance que les trois nations ont cr\u00e9\u00e9e en 1991 afin de travailler ensemble sur les questions europ\u00e9ennes. Scholz a salu\u00e9 le partenariat renouvel\u00e9 du trio comme \u00e9tant \u00ab tr\u00e8s important pour nous tous \u00bb, appelant \u00e0 un \u00ab nouvel \u00e9lan \u00bb derri\u00e8re le Triangle de Weimar pour donner une \u00ab nouvelle impulsion \u00bb \u00e0 l\u2019Union europ\u00e9enne.<\/p>\n\n\n\n<p class=\"wp-block-paragraph\">L\u2019Europe a besoin d\u2019une autre politique \u00ab d\u2019assurance-vie \u00bb en plus de l\u2019OTAN, a d\u00e9clar\u00e9 S\u00e9journ\u00e9, pour donner suite aux propos de Trump. \u00ab\u00a0Oui, nous avons besoin d&rsquo;une seconde assurance vie, non pas en substitution ou contre l&rsquo;OTAN mais en compl\u00e9ment\u00a0\u00bb de l&rsquo;alliance, a-t-il d\u00e9clar\u00e9. S\u00e9journ\u00e9 a insist\u00e9 sur la n\u00e9cessit\u00e9 de s&rsquo;appuyer sur l&rsquo;\u00e9l\u00e9ment europ\u00e9en de l&rsquo;OTAN et de construire sa propre industrie de d\u00e9fense et \u00ab d&rsquo;acheter des produits europ\u00e9ens dans le cadre de nos industries de d\u00e9fense et de se pr\u00e9parer en cas de conflit \u00bb.<\/p>\n\n\n\n<p class=\"wp-block-paragraph\">\u00ab Nous devons veiller \u00e0 la s\u00e9curit\u00e9 des Ukrainiens, et cela signifie veiller \u00e0 notre s\u00e9curit\u00e9, et oui, je pense que nous avons besoin d\u2019une union de la d\u00e9fense et de la s\u00e9curit\u00e9, avec des achats communs et une mise en commun de nos forces \u00bb, a ajout\u00e9 Annalena Baerbock.<\/p>\n\n\n\n<p class=\"wp-block-paragraph\"><em>Cet article est publi\u00e9 chaque semaine. Le contenu est bas\u00e9 sur les informations des agences participant \u00e0 l&rsquo;ENR.<\/em><\/p>\n","protected":false},"excerpt":{"rendered":"<p>Alors que les r\u00e9cents commentaires de Donald Trump sur l\u2019OTAN ont d\u00e9clench\u00e9 une temp\u00eate politique parmi les membres de l\u2019alliance et que de nouveaux financements am\u00e9ricains pour l\u2019Ukraine semblent sur le point d\u2019\u00eatre rejet\u00e9s par la chambre basse \u00e0 majorit\u00e9 r\u00e9publicaine, les dirigeants de l\u2019UE appellent \u00e0 augmenter les efforts europ\u00e9ens pour assurer la s\u00e9curit\u00e9 du continent.<\/p>\n","protected":false},"author":21,"featured_media":83761,"comment_status":"closed","ping_status":"closed","sticky":false,"template":"","format":"standard","meta":{"_acf_changed":false,"_et_pb_use_builder":"","_et_pb_old_content":"","_et_gb_content_width":"","footnotes":""},"categories":[39],"tags":[],"class_list":["post-204598","post","type-post","status-publish","format-standard","has-post-thumbnail","hentry","category-key-story"],"acf":[],"_links":{"self":[{"href":"https:\/\/europeannewsroom.com\/fr\/wp-json\/wp\/v2\/posts\/204598","targetHints":{"allow":["GET"]}}],"collection":[{"href":"https:\/\/europeannewsroom.com\/fr\/wp-json\/wp\/v2\/posts"}],"about":[{"href":"https:\/\/europeannewsroom.com\/fr\/wp-json\/wp\/v2\/types\/post"}],"author":[{"embeddable":true,"href":"https:\/\/europeannewsroom.com\/fr\/wp-json\/wp\/v2\/users\/21"}],"replies":[{"embeddable":true,"href":"https:\/\/europeannewsroom.com\/fr\/wp-json\/wp\/v2\/comments?post=204598"}],"version-history":[{"count":0,"href":"https:\/\/europeannewsroom.com\/fr\/wp-json\/wp\/v2\/posts\/204598\/revisions"}],"wp:featuredmedia":[{"embeddable":true,"href":"https:\/\/europeannewsroom.com\/fr\/wp-json\/wp\/v2\/media\/83761"}],"wp:attachment":[{"href":"https:\/\/europeannewsroom.com\/fr\/wp-json\/wp\/v2\/media?parent=204598"}],"wp:term":[{"taxonomy":"category","embeddable":true,"href":"https:\/\/europeannewsroom.com\/fr\/wp-json\/wp\/v2\/categories?post=204598"},{"taxonomy":"post_tag","embeddable":true,"href":"https:\/\/europeannewsroom.com\/fr\/wp-json\/wp\/v2\/tags?post=204598"}],"curies":[{"name":"wp","href":"https:\/\/api.w.org\/{rel}","templated":true}]}}