{"id":206268,"date":"2024-02-21T14:15:46","date_gmt":"2024-02-21T13:15:46","guid":{"rendered":"https:\/\/europeannewsroom.dpa.com\/?p=206268"},"modified":"2024-02-22T10:26:50","modified_gmt":"2024-02-22T09:26:50","slug":"les-crises-en-cours-fragilisent-elles-lunite-europeenne","status":"publish","type":"post","link":"https:\/\/europeannewsroom.com\/fr\/les-crises-en-cours-fragilisent-elles-lunite-europeenne\/","title":{"rendered":"Les crises en cours fragilisent-elles l&rsquo;unit\u00e9 europ\u00e9enne ?"},"content":{"rendered":"\n<p class=\"wp-block-paragraph\"><\/p>\n\n\n\n<p class=\"wp-block-paragraph\"> Lors de la Conf\u00e9rence de Munich sur la s\u00e9curit\u00e9, le haut repr\u00e9sentant de l\u2019Union europ\u00e9enne pour les Affaires \u00e9trang\u00e8res, <strong>Josep Borrell<\/strong>, a soulign\u00e9 que l\u2019agenda g\u00e9opolitique de l\u2019UE \u00e9tait fa\u00e7onn\u00e9 par \u00ab trois d\u00e9fis g\u00e9ographiques que sont l\u2019Ukraine, Gaza et le Sud global \u00bb. En outre, la d\u00e9fense europ\u00e9enne a subi \u00ab une longue p\u00e9riode de d\u00e9sarmement silencieux \u00bb.<\/p>\n\n\n\n<p class=\"wp-block-paragraph\">Il a pr\u00e9venu que \u00ab la Russie sera tent\u00e9e d&rsquo;intensifier ses provocations politiques et militaires contre les pays de l&rsquo;OTAN \u00bb. Il a ajout\u00e9 : \u00ab Le message est donc clair : nous avons un probl\u00e8me russe devant nous. \u00bb<\/p>\n\n\n\n<p class=\"wp-block-paragraph\">Le ministre portugais des Affaires \u00e9trang\u00e8res, <strong>Jo\u00e3o Gomes Cravinho<\/strong>, a soulign\u00e9 mardi que le pr\u00e9sident russe Vladimir Poutine \u00ab\u00a0ne veut pas seulement un morceau de territoire ukrainien, il veut d\u00e9truire le projet europ\u00e9en et c&rsquo;est pourquoi il est crucial que nous ne lui permettions pas de gagner en Ukraine\u00a0\u00bb. <\/p>\n\n\n\n<p class=\"wp-block-paragraph\">Borrell a soulign\u00e9 que \u00ab la guerre en Ukraine et \u00e0 Gaza a consid\u00e9rablement \u00e9largi l\u2019espace politique du Sud en face de nous \u00bb. Une confrontation entre \u00ab le reste du monde et l\u2019Occident \u00bb doit \u00eatre \u00e9vit\u00e9e, car \u00ab pour la Russie, ce nouveau sc\u00e9nario g\u00e9opolitique a consid\u00e9rablement renforc\u00e9 sa position \u00bb depuis la riposte d\u2019Isra\u00ebl apr\u00e8s le 7 octobre, a-t-il pr\u00e9venu.<\/p>\n\n\n\n<p class=\"wp-block-paragraph\">Compte tenu de la guerre entre Isra\u00ebl et le Hamas, apr\u00e8s une r\u00e9union des ministres des Affaires \u00e9trang\u00e8res de l\u2019Union lundi, Borrell a appel\u00e9 \u00e0 plus d&rsquo;unit\u00e9 au sein de l&rsquo;UE, si elle veut jouer un r\u00f4le g\u00e9opolitique au Moyen-Orient. Il a d\u00e9clar\u00e9 qu&rsquo;il constatait \u00ab une dispersion des approches et de nombreux \u00c9tats membres voulant jouer leur propre jeu \u00bb.<\/p>\n\n\n\n<h2 class=\"wp-block-heading\"><strong>La Hongrie s\u2019oppose \u00e0 un appel commun \u00e0 une pause humanitaire \u00e0 Gaza<\/strong><\/h2>\n\n\n\n<p class=\"wp-block-paragraph\">Lundi, lors du Conseil des Affaires \u00e9trang\u00e8res, tous les pays de l&rsquo;UE, \u00e0 l&rsquo;exception de la Hongrie, ont appel\u00e9 \u00e0 une \u00ab pause humanitaire imm\u00e9diate qui conduirait \u00e0 un cessez-le-feu durable, \u00e0 la lib\u00e9ration inconditionnelle des otages et \u00e0 la fourniture d&rsquo;une aide humanitaire \u00bb. C\u2019\u00e9tait la premi\u00e8re fois depuis le 7 octobre 2023 que la grande majorit\u00e9 des \u00c9tats membres de l\u2019UE parvenait \u00e0 un consensus en faveur d\u2019un cessez-le-feu \u00e0 Gaza.<\/p>\n\n\n\n<p class=\"wp-block-paragraph\">\u00ab Je sais tr\u00e8s bien que s&rsquo;il n&rsquo;y a pas d&rsquo;unanimit\u00e9, il n&rsquo;y a pas de position de l&rsquo;Union europ\u00e9enne, mais il peut y avoir une position suffisamment majoritaire, qui, sans \u00eatre formellement celle de l&rsquo;UE, repr\u00e9sente l\u2019avis de la majorit\u00e9. Et 26 sur 27 l\u2019est certainement \u00bb, a d\u00e9clar\u00e9 Borrell.&nbsp;<\/p>\n\n\n\n<h2 class=\"wp-block-heading\"><strong>Sanctions contre les colons isra\u00e9liens en Cisjordanie<\/strong><\/h2>\n\n\n\n<p class=\"wp-block-paragraph\">&nbsp;Apr\u00e8s que la Hongrie a emp\u00each\u00e9 lundi l&rsquo;UE d&rsquo;approuver des sanctions contre les colons isra\u00e9liens qui ont attaqu\u00e9 des Palestiniens en Cisjordanie, l&rsquo;Espagne, la France, l&rsquo;Irlande et la Belgique ont d\u00e9cid\u00e9 d&rsquo;imposer unilat\u00e9ralement des sanctions aux colons isra\u00e9liens violents.<\/p>\n\n\n\n<p class=\"wp-block-paragraph\">\u00a0\u00ab J\u2019ai insist\u00e9 pour cela [l\u2019unanimit\u00e9] lors de la r\u00e9union, un \u00c9tat n\u2019a pas voulu y adh\u00e9rer. Nous \u00e9tions 26 \u00e0 \u00eatre d\u2019accord \u00bb, a d\u00e9clar\u00e9 le ministre espagnol des Affaires \u00e9trang\u00e8res, <strong>Jos\u00e9 Manuel Albares<\/strong>.<\/p>\n\n\n\n<p class=\"wp-block-paragraph\">Le gouvernement espagnol pr\u00e9pare une premi\u00e8re liste de dizaines de personnes qui ont commis des actes de violence contre les Palestiniens en Cisjordanie, selon Albares, qui a ajout\u00e9 que la sanction consisterait en une interdiction d&rsquo;entr\u00e9e en Espagne. <\/p>\n\n\n\n<p class=\"wp-block-paragraph\">D\u2019autres pays europ\u00e9ens, comme l\u2019Irlande et la Belgique, ont \u00e9galement signal\u00e9 leur volont\u00e9 d\u2019imposer des sanctions individuelles \u00e0 des colons, ce que les \u00c9tats-Unis ont d\u00e9j\u00e0 fait.<\/p>\n\n\n\n<p class=\"wp-block-paragraph\">Dans le m\u00eame temps, Albares a assur\u00e9 que l&rsquo;Espagne poursuivrait sa collaboration avec l&rsquo;agence des Nations Unies pour les r\u00e9fugi\u00e9s palestiniens, UNRWA, et a confirm\u00e9 qu&rsquo;elle pr\u00e9parait un nouveau paquet de soutien financier en plus des 3,5 millions d&rsquo;euros d\u00e9j\u00e0 annonc\u00e9s et des dix millions vers\u00e9s en d\u00e9cembre. <\/p>\n\n\n\n<p class=\"wp-block-paragraph\">\u00ab Le travail de cette organisation est essentiel pour r\u00e9pondre aux besoins de pr\u00e8s de six millions de Palestiniens d\u00e9plac\u00e9s \u00bb, non seulement \u00e0 Gaza mais aussi en Cisjordanie et dans d&rsquo;autres pays de la r\u00e9gion, a-t-il d\u00e9clar\u00e9, soulignant que son r\u00f4le \u00ab est irrempla\u00e7able \u00bb. <\/p>\n\n\n\n<p class=\"wp-block-paragraph\">Albares a indiqu\u00e9 qu&rsquo;il avait demand\u00e9 qu&rsquo;une \u00e9valuation soit effectu\u00e9e sur une \u00e9ventuelle violation par Isra\u00ebl du droit international humanitaire, sur la base de l&rsquo;accord d&rsquo;association entre l\u2019UE et ce pays.&nbsp;<\/p>\n\n\n\n<h2 class=\"wp-block-heading\"><strong>L&rsquo;UE lance une mission en mer Rouge<\/strong><\/h2>\n\n\n\n<p class=\"wp-block-paragraph\">En r\u00e9ponse aux attaques des rebelles Houthis soutenus par l&rsquo;Iran au Y\u00e9men sur la route maritime de la mer Rouge, l&rsquo;UE a d\u00e9cid\u00e9 lundi de lancer officiellement une mission navale pour prot\u00e9ger la navigation dans la r\u00e9gion. Les dizaines d\u2019attaques des Houthis ont perturb\u00e9 la navigation dans la mer Rouge, obligeant certaines entreprises \u00e0 emprunter des itin\u00e9raires alternatifs, notamment un d\u00e9tour de deux semaines autour de la pointe de l\u2019Afrique australe.<\/p>\n\n\n\n<p class=\"wp-block-paragraph\">Les Houthis harc\u00e8lent cette voie de navigation vitale depuis novembre dans le cadre d&rsquo;une campagne qu&rsquo;ils disent motiv\u00e9e par la solidarit\u00e9 avec les Palestiniens de Gaza pendant la guerre entre Isra\u00ebl et le Hamas.<\/p>\n\n\n\n<p class=\"wp-block-paragraph\">L\u2019Union europ\u00e9enne vise \u00e0 ce que la mission baptis\u00e9e Aspides (\u00ab bouclier \u00bb en grec ancien) soit op\u00e9rationnelle dans \u00ab quelques semaines \u00bb avec au moins quatre navires, a d\u00e9clar\u00e9 un responsable le 16 f\u00e9vrier.&nbsp;<\/p>\n\n\n\n<p class=\"wp-block-paragraph\">\u00ab\u00a0L&rsquo;Europe garantira la libert\u00e9 de navigation dans la mer Rouge, en travaillant aux c\u00f4t\u00e9s de nos partenaires internationaux\u00a0\u00bb, a d\u00e9clar\u00e9 la pr\u00e9sidente de la Commission europ\u00e9enne, <strong>Ursula von der Leyen<\/strong>, dans un article sur X.\u00a0<\/p>\n\n\n\n<p class=\"wp-block-paragraph\"><\/p>\n\n\n\n<figure class=\"wp-block-image aligncenter size-full\"><img loading=\"lazy\" decoding=\"async\" width=\"565\" height=\"404\" src=\"https:\/\/europeannewsroom.com\/wp-content\/uploads\/2024\/02\/tweet-UvdL.png\" alt=\"\" class=\"wp-image-206278\" srcset=\"https:\/\/europeannewsroom.com\/wp-content\/uploads\/2024\/02\/tweet-UvdL.png 565w, https:\/\/europeannewsroom.com\/wp-content\/uploads\/2024\/02\/tweet-UvdL-480x343.png 480w\" sizes=\"(min-width: 0px) and (max-width: 480px) 480px, (min-width: 481px) 565px, 100vw\" \/><\/figure>\n\n\n\n<p class=\"wp-block-paragraph\">\u00ab Les attaques constantes des rebelles Houthis menacent le commerce mondial et mettent bien s\u00fbr en danger nos navires. Et je dis \u00ab\u00a0nos navires\u00a0\u00bb parce que la Gr\u00e8ce poss\u00e8de la plus grande flotte de tous les autres pays en termes de navigation commerciale et c&rsquo;est pourquoi la Gr\u00e8ce s&rsquo;est imm\u00e9diatement prononc\u00e9e en faveur d&rsquo;une action coordonn\u00e9e en prenant le commandement r\u00e9gulier de l&rsquo;op\u00e9ration de d\u00e9fense europ\u00e9enne \u00ab\u00a0Aspides\u00a0\u00bb depuis le quartier g\u00e9n\u00e9ral de Larissa \u00bb, a d\u00e9clar\u00e9 le Premier ministre grec <strong>Kyriakos Mitsotakis<\/strong>.\u00a0<\/p>\n\n\n\n<p class=\"wp-block-paragraph\">Les \u00c9tats-Unis sont d\u00e9j\u00e0 \u00e0 la t\u00eate de leur propre coalition navale dans la r\u00e9gion et ont men\u00e9 des frappes de repr\u00e9sailles contre des cibles houthies au Y\u00e9men, tout comme la Grande-Bretagne.<\/p>\n\n\n\n<p class=\"wp-block-paragraph\">Le pr\u00e9sident \u00e9gyptien <strong>Abdel Fattah al-Sissi<\/strong> a d\u00e9clar\u00e9 que les revenus du canal de Suez, qui relie la mer Rouge \u00e0 la M\u00e9diterran\u00e9e, avaient chut\u00e9 de \u00ab 40 \u00e0 50 % \u00bb depuis le d\u00e9but de l\u2019ann\u00e9e. Le canal, qui a rapport\u00e9 8,6 milliards de dollars (7,95 millions d&rsquo;euros) sur l&rsquo;exercice 2022-23, est une source vitale de devises \u00e9trang\u00e8res pour le Caire, qui souffre d&rsquo;une grave crise financi\u00e8re.\u00a0<\/p>\n\n\n\n<p class=\"wp-block-paragraph\">Jusqu&rsquo;\u00e0 pr\u00e9sent, la France, l&rsquo;Allemagne, l&rsquo;Italie et la Belgique ont annonc\u00e9 leur intention de fournir des navires. Le commandant g\u00e9n\u00e9ral de la mission de l&rsquo;UE \u00e9tant grec, un Italien sera officier responsable du contr\u00f4le op\u00e9rationnel en mer.&nbsp;<\/p>\n\n\n\n<p class=\"wp-block-paragraph\">L\u2019UE affirme que le mandat de la mission, initialement fix\u00e9 \u00e0 un an, se limite \u00e0 la protection des navires civils en mer Rouge et qu\u2019aucune attaque ne sera men\u00e9e \u00ab sur le sol y\u00e9m\u00e9nite \u00bb.&nbsp;<\/p>\n\n\n\n<p class=\"wp-block-paragraph\">Le ministre allemand de la D\u00e9fense <strong>Boris Pistorius<\/strong> consid\u00e8re le d\u00e9ploiement de la fr\u00e9gate \u00ab Hessen \u00bb dans la mer Rouge comme un signe que l\u2019Allemagne y est dispos\u00e9e et capable d\u2019assumer sa responsabilit\u00e9 internationale, mais il a \u00e9galement qualifi\u00e9 cette mission de \u00ab d\u00e9ploiement de la marine le plus dangereux depuis des d\u00e9cennies \u00bb.<\/p>\n\n\n\n<figure class=\"wp-block-image size-full\"><img loading=\"lazy\" decoding=\"async\" width=\"1920\" height=\"1080\" src=\"https:\/\/europeannewsroom.com\/wp-content\/uploads\/2024\/02\/urnnewsmldpa.com20090101240208-99-915841-v1-s2048.jpeg\" alt=\"\" class=\"wp-image-202273\"\/><figcaption class=\"wp-element-caption\"><em>La fr\u00e9gate allemande \u00ab Hessen \u00bb se dirige vers la mer Rouge, le 8 f\u00e9vrier 2024. Photo : Sina Schuldt\/dpa<\/em><\/figcaption><\/figure>\n\n\n\n<h2 class=\"wp-block-heading\">&nbsp;<strong>Le flanc oriental de l\u2019OTAN : la Bulgarie et la R\u00e9publique tch\u00e8que&nbsp;<\/strong><\/h2>\n\n\n\n<p class=\"wp-block-paragraph\">Apr\u00e8s la Conf\u00e9rence de Munich sur la s\u00e9curit\u00e9, le Premier ministre bulgare <strong>Nikola\u00ef Denkov<\/strong> a d\u00e9clar\u00e9, apr\u00e8s s&rsquo;\u00eatre entretenu avec le secr\u00e9taire d&rsquo;\u00c9tat am\u00e9ricain <strong>Anthony Blinken<\/strong>, que la Bulgarie \u00e9tait un pays cl\u00e9 dans les efforts visant \u00e0 prot\u00e9ger la r\u00e9gion de la mer Noire et le flanc oriental de l&rsquo;OTAN.<\/p>\n\n\n\n<p class=\"wp-block-paragraph\">Le Premier ministre bulgare a soulign\u00e9 que les probl\u00e8mes actuels pourraient \u00eatre utilis\u00e9s comme des opportunit\u00e9s pour le d\u00e9veloppement de la r\u00e9gion et pour positionner la Bulgarie et l\u2019OTAN de mani\u00e8re \u00e0 garantir la stabilit\u00e9. \u00ab\u00a0Nous sommes tr\u00e8s engag\u00e9s et c&rsquo;est pourquoi nous sommes ici avec <strong>Mariya Gabriel<\/strong> [vice-Premi\u00e8re ministre bulgare] pour collaborer au sein des structures dont la Bulgarie fait partie, l&rsquo;Europe et l&rsquo;Otan, en tant que partenaire fiable\u00a0\u00bb, a soulign\u00e9 Denkov.<\/p>\n\n\n\n<p class=\"wp-block-paragraph\">Le pr\u00e9sident tch\u00e8que <strong>Petr Pavel<\/strong> a d\u00e9clar\u00e9 samedi lors de la Conf\u00e9rence sur la s\u00e9curit\u00e9 de Munich que la R\u00e9publique tch\u00e8que avait trouv\u00e9 \u00e0 l&rsquo;\u00e9tranger des centaines de milliers d\u2019obus d&rsquo;artillerie qu&rsquo;elle pourrait livrer \u00e0 l&rsquo;Ukraine en quelques semaines, si elle et ses partenaires aux \u00c9tats-Unis, en Allemagne et en Su\u00e8de ou d&rsquo;autres pays pouvaient obtenir un financement. La ministre tch\u00e8que de la D\u00e9fense, <strong>Jana \u010cernochov\u00e1<\/strong>, a ajout\u00e9 que les pays susceptibles de coop\u00e9rer sur les livraisons de munitions subordonnent leur participation \u00e0 la non-divulgation de d\u00e9tails sp\u00e9cifiques \u00e0 leur sujet.<\/p>\n\n\n\n<p class=\"wp-block-paragraph\">                                                                                <strong>&#8212;&#8212;&#8212;&#8212;&#8212;&#8212;&#8212;&#8212;&#8212;&#8212;&#8212;&#8212;&#8212;-<\/strong><\/p>\n\n\n\n<p class=\"wp-block-paragraph\"><strong>V\u00e9rification des faits<\/strong><\/p>\n\n\n\n<p class=\"wp-block-paragraph\"><strong>D\u00e9sinformation russe : fausses nouvelles contre le soutien \u00e0 l\u2019Ukraine<\/strong>&nbsp;<\/p>\n\n\n\n<p class=\"wp-block-paragraph\">Depuis l\u2019invasion russe de l\u2019Ukraine, la d\u00e9sinformation constitue une part importante de l\u2019arsenal russe. Apr\u00e8s pr\u00e8s de deux ans de guerre, les propagandistes de Moscou ont r\u00e9orient\u00e9 leur attention vers la sape du soutien occidental \u00e0 Kiev, reconnaissant son r\u00f4le central dans le maintien de la r\u00e9silience de l\u2019Ukraine. De r\u00e9centes enqu\u00eates men\u00e9es par l\u2019agence de presse AFP ont r\u00e9v\u00e9l\u00e9 des mensonges, allant de fausses affiches anti-ukrainiennes \u00e0 New York \u00e0 de faux documents faisant \u00e9tat de somptueuses acquisitions immobili\u00e8res par les dirigeants ukrainiens.<\/p>\n\n\n\n<p class=\"wp-block-paragraph\">Voici une v\u00e9rification des faits en allemand sur la d\u00e9sinformation russe&nbsp;: https:\/\/faktencheck.afp.com\/doc.afp.com.34JE8CY<\/p>\n\n\n\n<p class=\"wp-block-paragraph\"><em>Cet article est publi\u00e9 chaque semaine. Le contenu est bas\u00e9 sur les informations des agences participant \u00e0 l&rsquo;ENR.<\/em><\/p>\n","protected":false},"excerpt":{"rendered":"<p>Moyen-Orient, Ukraine et Sahel : l\u2019Union europ\u00e9enne est confront\u00e9e \u00e0 plusieurs crises \u00e0 la fois. Le chef de la diplomatie de l\u2019UE, Josep Borrell, appelle \u00e0 plus d\u2019unit\u00e9 et souhaite renforcer la capacit\u00e9 de d\u00e9fense de l\u2019UE si elle veut jouer un r\u00f4le g\u00e9opolitique.<\/p>\n","protected":false},"author":21,"featured_media":200155,"comment_status":"closed","ping_status":"closed","sticky":false,"template":"","format":"standard","meta":{"_acf_changed":false,"_et_pb_use_builder":"","_et_pb_old_content":"","_et_gb_content_width":"","footnotes":""},"categories":[39],"tags":[11704,1777,11597,10179,13168,12658],"class_list":["post-206268","post","type-post","status-publish","format-standard","has-post-thumbnail","hentry","category-key-story","tag-gaza-4","tag-hongrie","tag-israel-3","tag-securite","tag-tcheques","tag-yemen"],"acf":[],"_links":{"self":[{"href":"https:\/\/europeannewsroom.com\/fr\/wp-json\/wp\/v2\/posts\/206268","targetHints":{"allow":["GET"]}}],"collection":[{"href":"https:\/\/europeannewsroom.com\/fr\/wp-json\/wp\/v2\/posts"}],"about":[{"href":"https:\/\/europeannewsroom.com\/fr\/wp-json\/wp\/v2\/types\/post"}],"author":[{"embeddable":true,"href":"https:\/\/europeannewsroom.com\/fr\/wp-json\/wp\/v2\/users\/21"}],"replies":[{"embeddable":true,"href":"https:\/\/europeannewsroom.com\/fr\/wp-json\/wp\/v2\/comments?post=206268"}],"version-history":[{"count":0,"href":"https:\/\/europeannewsroom.com\/fr\/wp-json\/wp\/v2\/posts\/206268\/revisions"}],"wp:featuredmedia":[{"embeddable":true,"href":"https:\/\/europeannewsroom.com\/fr\/wp-json\/wp\/v2\/media\/200155"}],"wp:attachment":[{"href":"https:\/\/europeannewsroom.com\/fr\/wp-json\/wp\/v2\/media?parent=206268"}],"wp:term":[{"taxonomy":"category","embeddable":true,"href":"https:\/\/europeannewsroom.com\/fr\/wp-json\/wp\/v2\/categories?post=206268"},{"taxonomy":"post_tag","embeddable":true,"href":"https:\/\/europeannewsroom.com\/fr\/wp-json\/wp\/v2\/tags?post=206268"}],"curies":[{"name":"wp","href":"https:\/\/api.w.org\/{rel}","templated":true}]}}