{"id":207554,"date":"2024-02-26T09:15:58","date_gmt":"2024-02-26T08:15:58","guid":{"rendered":"https:\/\/europeannewsroom.dpa.com\/?p=207554"},"modified":"2024-02-26T09:16:13","modified_gmt":"2024-02-26T08:16:13","slug":"agriculture-et-environnement-incitations-financieres","status":"publish","type":"post","link":"https:\/\/europeannewsroom.com\/fr\/agriculture-et-environnement-incitations-financieres\/","title":{"rendered":"Agriculture et environnement : incitations financi\u00e8res ?"},"content":{"rendered":"\n<h2 class=\"wp-block-heading\"><strong>Sur l&rsquo;environnement, il faut \u00ab\u00a0inciter et non obliger\u00a0\u00bb, pr\u00e9conise le commissaire europ\u00e9en \u00e0 l&rsquo;Agriculture<\/strong><\/h2>\n\n\n\n<p class=\"wp-block-paragraph\"><strong>Paris<\/strong> &#8211; Pour pousser les agriculteurs \u00e0 adopter des pratiques plus respectueuses de l&rsquo;environnement, il vaut mieux les y inciter financi\u00e8rement plut\u00f4t que les y obliger, a estim\u00e9 dimanche dans une interview \u00e0 l&rsquo;AFP le commissaire \u00e0 l&rsquo;Agriculture Janusz Wojciechowski, en visite au Salon de l&rsquo;agriculture \u00e0 Paris.&nbsp;<\/p>\n\n\n\n<p class=\"wp-block-paragraph\">Il a dit notamment avoir \u00ab\u00a0l&rsquo;intention de parvenir \u00e0 un accord politique sur des amendements suppl\u00e9mentaires dans la r\u00e9forme de la PAC (politique agricole commune, ndlr). En particulier sur plusieurs \u00e9l\u00e9ments de la conditionnalit\u00e9 des aides PAC : sur l&rsquo;obligation du maintien des prairies permanentes, sur l&rsquo;interdiction de sols nus pendant les p\u00e9riodes sensibles, sur la rotation des cultures et sur les jach\u00e8res.&nbsp;<\/p>\n\n\n\n<p class=\"wp-block-paragraph\">\u00ab\u00a0Toutes ces mesures sont tr\u00e8s importantes pour l&rsquo;environnement mais il serait mieux d&rsquo;atteindre ces objectifs par des incitations plut\u00f4t que par des obligations, passer par des primes dans le cadre des \u00e9co-r\u00e9gimes plut\u00f4t que par des aides soumises au respect de certaines conditions.\u00a0\u00bb (25 f\u00e9vrier 2024)<\/p>\n\n\n\n<h2 class=\"wp-block-heading\"><strong>R\u00e9union des soutiens europ\u00e9ens de l&rsquo;Ukraine lundi \u00e0 Paris<\/strong><\/h2>\n\n\n\n<p class=\"wp-block-paragraph\"><strong>Paris<\/strong> &#8211; Une vingtaine de chefs d&rsquo;Etat et de gouvernement, en majorit\u00e9 europ\u00e9ens, se r\u00e9unissent lundi \u00e0 Paris pour r\u00e9affirmer leur unit\u00e9 et leur soutien \u00e0 l&rsquo;Ukraine, en situation tr\u00e8s difficile apr\u00e8s plus de deux ans d&rsquo;une guerre \u00e9prouvante face \u00e0 Moscou.<\/p>\n\n\n\n<p class=\"wp-block-paragraph\">La victoire ou la d\u00e9faite de l&rsquo;Ukraine \u00ab\u00a0d\u00e9pend de vous\u00a0\u00bb, a lanc\u00e9 dimanche \u00e0 ses alli\u00e9s le pr\u00e9sident Volodymyr Zelensky, qui s&rsquo;adressera en visioconf\u00e9rence \u00e0 la r\u00e9union organis\u00e9e au palais pr\u00e9sidentiel de l&rsquo;Elys\u00e9e.<\/p>\n\n\n\n<p class=\"wp-block-paragraph\">\u00ab\u00a0La Russie du pr\u00e9sident Poutine ne doit pas compter sur une quelconque lassitude des Europ\u00e9ens\u00a0\u00bb, avait assur\u00e9 sur X le chef de l&rsquo;Etat fran\u00e7ais samedi, jour anniversaire des deux ans de l&rsquo;invasion russe.<\/p>\n\n\n\n<p class=\"wp-block-paragraph\">Au moment o\u00f9 le soutien am\u00e9ricain, crucial pour Kiev, est toujours bloqu\u00e9 au Congr\u00e8s, et o\u00f9 la possibilit\u00e9 d&rsquo;un retour de Donald Trump \u00e0 la Maison Blanche donne des sueurs froides \u00e0 l\u2019UE, M. Macron appelle l&rsquo;Europe \u00e0 un \u00ab\u00a0sursaut collectif\u00a0\u00bb face \u00e0 la Russie. (26 f\u00e9vrier 2024)<\/p>\n\n\n\n<h2 class=\"wp-block-heading\"><strong>L&rsquo;AfD allemande va clarifier \u00ab\u00a0par \u00e9crit\u00a0\u00bb ses positions controvers\u00e9es aupr\u00e8s du RN fran\u00e7ais<\/strong><\/h2>\n\n\n\n<p class=\"wp-block-paragraph\"><strong>Paris<\/strong> &#8211; Le parti d&rsquo;extr\u00eame droite allemand AfD s&rsquo;est \u00ab\u00a0engag\u00e9\u00a0\u00bb \u00e0 \u00ab\u00a0apporter par \u00e9crit\u00a0\u00bb des \u00ab\u00a0clarifications\u00a0\u00bb au sujet de ses positions, notamment apr\u00e8s avoir pr\u00f4n\u00e9 une forme de \u00ab\u00a0re-migration\u00a0\u00bb de certains citoyens, a affirm\u00e9 dimanche le pr\u00e9sident du parti d&rsquo;extr\u00eame droite fran\u00e7ais Rassemblement national Jordan Bardella.<\/p>\n\n\n\n<figure class=\"wp-block-image size-large\"><img loading=\"lazy\" decoding=\"async\" width=\"1024\" height=\"683\" src=\"https:\/\/europeannewsroom.com\/wp-content\/uploads\/2024\/02\/000_33XU4X3-1024x683.jpg\" alt=\"\" class=\"wp-image-207579\" srcset=\"https:\/\/europeannewsroom.com\/wp-content\/uploads\/2024\/02\/000_33XU4X3-980x654.jpg 980w, https:\/\/europeannewsroom.com\/wp-content\/uploads\/2024\/02\/000_33XU4X3-480x320.jpg 480w\" sizes=\"(min-width: 0px) and (max-width: 480px) 480px, (min-width: 481px) and (max-width: 980px) 980px, (min-width: 981px) 1024px, 100vw\" \/><figcaption class=\"wp-element-caption\"><em>La co-pr\u00e9sidente du parti allemand d&rsquo;extr\u00eame droite AfD Alice Weidel donne une conf\u00e9rence de presse \u00e0 Berlin, le 9 octobre 2023, au lendemain des \u00e9lections r\u00e9gionales en Hesse et en Bavi\u00e8re. (Photo MICHELE TANTUSSI \/ AFP)<\/em><\/figcaption><\/figure>\n\n\n\n<p class=\"wp-block-paragraph\">Avec la cheffe des d\u00e9put\u00e9s RN Marine Le Pen, \u00ab\u00a0nous avons d\u00e9cid\u00e9 de nous entretenir avec Alice Weidel, qui est l&rsquo;une des deux co-pr\u00e9sidentes de ce mouvement politique, pour lui exprimer notre d\u00e9saccord quant \u00e0 cette mesure qui consiste \u00e0 retirer la nationalit\u00e9 \u00e0 des gens qui auraient acquis la nationalit\u00e9 en fonction de telle ou telle origine ou en fonction de telle ou telle appartenance religieuse\u00a0\u00bb, a affirm\u00e9 M. Bardella sur BFMTV, \u00e9voquant un d\u00eener tenu mardi.<\/p>\n\n\n\n<p class=\"wp-block-paragraph\">Selon l&rsquo;eurod\u00e9put\u00e9, Mme Weidel \u00ab\u00a0nie (&#8230;) que la position de son mouvement politique est de retirer la nationalit\u00e9 \u00e0 des gens qui l&rsquo;auraient acquise au motif qu&rsquo;ils sont d&rsquo;origine \u00e9trang\u00e8re\u00a0\u00bb. (25 f\u00e9vrier 2024)<\/p>\n\n\n\n<h2 class=\"wp-block-heading\"><strong>Les fermiers polonais bloquent un important passage frontalier avec l&rsquo;Allemagne<\/strong><\/h2>\n\n\n\n<p class=\"wp-block-paragraph\"><strong>Varsovie<\/strong> &#8211; Les agriculteurs polonais ont commenc\u00e9 \u00e0 bloquer dimanche un important poste frontalier avec l&rsquo;Allemagne, \u00e0 Slubice, pour protester contre des r\u00e9gulations europ\u00e9ennes et les importations des produits hors-UE qu&rsquo;ils jugent non conformes aux normes europ\u00e9ennes.<\/p>\n\n\n\n<p class=\"wp-block-paragraph\">\u00ab\u00a0Le blocage a bien commenc\u00e9 \u00e0 13h00 (12H00 GMT), les deux voies de l&rsquo;autoroute A2 sont coup\u00e9es\u00a0\u00bb, a d\u00e9clar\u00e9 \u00e0 l&rsquo;AFP Ewa Murmylo, porte-parole de la police locale.<\/p>\n\n\n\n<p class=\"wp-block-paragraph\">Les fermiers avaient pr\u00e9vu initialement 25 jours de blocage mais ils ont d\u00e9cid\u00e9 de d\u00e9bloquer le passage \u00ab&nbsp;probablement&nbsp;\u00bb lundi, a pr\u00e9cis\u00e9 \u00e0 l&rsquo;AFP Dariusz Wrobel, un des organisateurs du mouvement.<\/p>\n\n\n\n<p class=\"wp-block-paragraph\">\u00ab\u00a0Cela d\u00e9pend des choses qu&rsquo;on ne peut pas pr\u00e9voir\u00a0\u00bb, a-t-il dit, \u00e0 la veille du conseil des ministres de l&rsquo;Agriculture des pays de l\u2019UE, lundi \u00e0 Bruxelles.<\/p>\n\n\n\n<p class=\"wp-block-paragraph\">\u00ab\u00a0Nous protestons contre le Pacte vert europ\u00e9en, il faut ma\u00eetriser enfin les importations des produits agro-alimentaires en provenance des pays hors UE, et il faut qu&rsquo;on prenne soin de la production agricole dans l\u2019UE\u00a0\u00bb, a-t-il pr\u00e9cis\u00e9. (25 f\u00e9vrier 2024)<\/p>\n\n\n\n<h2 class=\"wp-block-heading\"><strong>Etat de droit : Bruxelles annonce le d\u00e9blocage prochain de fonds pour la Pologne<\/strong><\/h2>\n\n\n\n<p class=\"wp-block-paragraph\"><strong>Varsovie<\/strong>&nbsp;&#8211; La pr\u00e9sidente de la Commission europ\u00e9enne a annonc\u00e9 vendredi \u00e0 Varsovie le d\u00e9blocage prochain de fonds de l\u2019UE pour la Pologne, en reconnaissance des efforts du nouveau gouvernement pro-europ\u00e9en pour r\u00e9aligner le pays sur les principes de l&rsquo;Etat de droit.<\/p>\n\n\n\n<p class=\"wp-block-paragraph\">De nombreux fonds europ\u00e9ens destin\u00e9s \u00e0 la Pologne ont \u00e9t\u00e9 bloqu\u00e9s par Bruxelles \u00e0 la suite d\u2019un long bras de fer entre la Commission europ\u00e9enne et le pr\u00e9c\u00e9dent gouvernement populiste nationaliste sur des r\u00e9formes controvers\u00e9es de la justice men\u00e9es par le parti Droit et Justice (PiS), \u00e9vinc\u00e9 du pouvoir lors des l\u00e9gislatives d&rsquo;octobre dernier.<\/p>\n\n\n\n<p class=\"wp-block-paragraph\">\u00ab\u00a0Deux d\u00e9cisions vont \u00eatre prises la semaine prochaine concernant les fonds europ\u00e9ens\u00a0\u00bb, a d\u00e9clar\u00e9 Ursula von der Leyen, \u00e9voquant la somme globale allant jusqu&rsquo;\u00e0 137 milliards d&rsquo;euros des fonds de relance et de coh\u00e9sion europ\u00e9ens.&nbsp;<\/p>\n\n\n\n<p class=\"wp-block-paragraph\">\u00ab\u00a0Vos efforts sont importants, compte tenu des r\u00e9formes que vous avez lanc\u00e9es et des mesures que vous avez prises en ce qui concerne l&rsquo;ind\u00e9pendance des tribunaux\u00a0\u00bb, s&rsquo;est-elle f\u00e9licit\u00e9e. (23 f\u00e9vrier 2024)<\/p>\n","protected":false},"excerpt":{"rendered":"<p>Le commissaire Wojciechowski sugg\u00e8re des incitations financi\u00e8res pour les agriculteurs. Soutien \u00e0 l\u2019Ukraine d\u00e9battu \u00e0 Paris. L\u2019AfD s\u2019expliquera sur l\u2019id\u00e9e d\u2019expulsion des \u00e9trangers. Les fermiers polonais manifestent \u00e0 la fronti\u00e8re avec l\u2019Allemagne. L\u2019UE d\u00e9bloque des milliards d\u2019euros pour la Pologne.   <\/p>\n","protected":false},"author":21,"featured_media":207556,"comment_status":"closed","ping_status":"closed","sticky":false,"template":"","format":"standard","meta":{"_acf_changed":false,"_et_pb_use_builder":"","_et_pb_old_content":"","_et_gb_content_width":"","footnotes":""},"categories":[45],"tags":[],"class_list":["post-207554","post","type-post","status-publish","format-standard","has-post-thumbnail","hentry","category-europe-in-brief"],"acf":[],"_links":{"self":[{"href":"https:\/\/europeannewsroom.com\/fr\/wp-json\/wp\/v2\/posts\/207554","targetHints":{"allow":["GET"]}}],"collection":[{"href":"https:\/\/europeannewsroom.com\/fr\/wp-json\/wp\/v2\/posts"}],"about":[{"href":"https:\/\/europeannewsroom.com\/fr\/wp-json\/wp\/v2\/types\/post"}],"author":[{"embeddable":true,"href":"https:\/\/europeannewsroom.com\/fr\/wp-json\/wp\/v2\/users\/21"}],"replies":[{"embeddable":true,"href":"https:\/\/europeannewsroom.com\/fr\/wp-json\/wp\/v2\/comments?post=207554"}],"version-history":[{"count":0,"href":"https:\/\/europeannewsroom.com\/fr\/wp-json\/wp\/v2\/posts\/207554\/revisions"}],"wp:featuredmedia":[{"embeddable":true,"href":"https:\/\/europeannewsroom.com\/fr\/wp-json\/wp\/v2\/media\/207556"}],"wp:attachment":[{"href":"https:\/\/europeannewsroom.com\/fr\/wp-json\/wp\/v2\/media?parent=207554"}],"wp:term":[{"taxonomy":"category","embeddable":true,"href":"https:\/\/europeannewsroom.com\/fr\/wp-json\/wp\/v2\/categories?post=207554"},{"taxonomy":"post_tag","embeddable":true,"href":"https:\/\/europeannewsroom.com\/fr\/wp-json\/wp\/v2\/tags?post=207554"}],"curies":[{"name":"wp","href":"https:\/\/api.w.org\/{rel}","templated":true}]}}