{"id":209451,"date":"2024-02-28T12:51:59","date_gmt":"2024-02-28T11:51:59","guid":{"rendered":"https:\/\/europeannewsroom.dpa.com\/?p=209451"},"modified":"2024-02-28T12:52:11","modified_gmt":"2024-02-28T11:52:11","slug":"des-agriculteurs-en-colere-contre-la-politique-agricole-de-lue-paralysent-bruxelles","status":"publish","type":"post","link":"https:\/\/europeannewsroom.com\/fr\/des-agriculteurs-en-colere-contre-la-politique-agricole-de-lue-paralysent-bruxelles\/","title":{"rendered":"Des agriculteurs en col\u00e8re contre la politique agricole de l&rsquo;UE paralysent Bruxelles"},"content":{"rendered":"\n<p class=\"wp-block-paragraph\">Des centaines de tracteurs ont envahi les rues autour du si\u00e8ge de l\u2019UE \u00e0 Bruxelles lundi alors que les ministres de l\u2019Union se r\u00e9unissaient pour chercher des moyens de rationaliser les r\u00e8gles agricoles et les formalit\u00e9s administratives alimentant les protestations dans les pays membres.<\/p>\n\n\n\n<p class=\"wp-block-paragraph\">Environ 900 tracteurs ont paralys\u00e9 le quartier europ\u00e9en de la ville pour la deuxi\u00e8me fois en un mois. Les agriculteurs ont allum\u00e9 des feux d&rsquo;artifice, br\u00fbl\u00e9 des pneus, lanc\u00e9 des \u0153ufs et asperg\u00e9 de fumier les policiers qui ont ripost\u00e9 avec des canons \u00e0 eau et des gaz lacrymog\u00e8nes.<\/p>\n\n\n\n<p class=\"wp-block-paragraph\">Les agriculteurs se disent m\u00e9contents des r\u00e9glementations pesantes et des importations bon march\u00e9, notamment en provenance d\u2019Ukraine. La baisse des revenus agricoles est \u00e9galement une source majeure de col\u00e8re. Ils citent aussi en exemple les accords de libre-\u00e9change, comme celui avec l\u2019alliance commerciale sud-am\u00e9ricaine Mercosur. De tels accords permettent aux produits alimentaires de pi\u00e8tre qualit\u00e9 d&rsquo;entrer en Europe \u00e0 des prix de dumping, ont-ils d\u00e9clar\u00e9, ce qui fait craindre aux agriculteurs europ\u00e9ens une concurrence d\u00e9loyale.<\/p>\n\n\n\n<p class=\"wp-block-paragraph\">Malgr\u00e9 les r\u00e9centes protestations contre les r\u00e8gles agricoles de l\u2019UE, le Parlement europ\u00e9en a vot\u00e9 mardi en faveur d\u2019une loi controvers\u00e9e sur la restauration de la nature, qui vise \u00e0 r\u00e9habiliter la biodiversit\u00e9 et les \u00e9cosyst\u00e8mes d\u00e9grad\u00e9s \u2013 mais pourrait mettre une pression suppl\u00e9mentaire sur le secteur agricole.<\/p>\n\n\n\n<p class=\"wp-block-paragraph\">\u00a0Alors que les manifestations d\u2019agriculteurs sont courantes \u00e0 Bruxelles, celles de ce lundi ont \u00e9t\u00e9 les plus extr\u00eames que la ville ait connues depuis les marches anti-establishment des \u00ab\u00a0gilets jaunes\u00a0\u00bb en 2018.<\/p>\n\n\n\n<p class=\"wp-block-paragraph\">\u00a0Ailleurs en Europe, les agriculteurs sont \u00e9galement descendus dans la rue. En Espagne par exemple, des milliers de personnes se sont rassembl\u00e9es devant le minist\u00e8re de l\u2019Agriculture \u00e0 Madrid, brandissant des pancartes, dont une sur laquelle on pouvait lire : \u00ab La campagne est dans le gouffre et le gouvernement s\u2019en fiche. \u00bb\u00a0<\/p>\n\n\n\n<p class=\"wp-block-paragraph\">En outre, les agriculteurs polonais ont bloqu\u00e9 lundi une autoroute importante menant \u00e0 l&rsquo;Allemagne, prolongeant ainsi de 24 heures leur protestation contre les r\u00e9glementations europ\u00e9ennes et les importations \u00ab incontr\u00f4l\u00e9es \u00bb de c\u00e9r\u00e9ales ukrainiennes. Les agriculteurs polonais ont \u00e9galement bloqu\u00e9 un poste fronti\u00e8re avec la Slovaquie, installant des barri\u00e8res dans le village de Barwinek et ne laissant passer aucun v\u00e9hicule pendant la premi\u00e8re heure.<\/p>\n\n\n\n<p class=\"wp-block-paragraph\">Des milliers d&rsquo;autres se sont \u00e9galement rassembl\u00e9s mardi \u00e0 Varsovie pour protester contre le Green Deal europ\u00e9en et en faveur de contr\u00f4les plus stricts sur les importations de produits agroalimentaires en provenance d&rsquo;Ukraine.<\/p>\n\n\n\n<h2 class=\"wp-block-heading\">&nbsp;<strong>Les ministres europ\u00e9ens se r\u00e9unissent pour calmer la col\u00e8re des agriculteurs<\/strong><\/h2>\n\n\n\n<p class=\"wp-block-paragraph\">Les manifestations en cours \u2013 qui ont vu le pr\u00e9sident fran\u00e7ais Emmanuel Macron violemment chahut\u00e9 ce week-end \u2013 ont d\u00e9concert\u00e9 les dirigeants europ\u00e9ens, inquiets de l&rsquo;aubaine que cela peut repr\u00e9senter pour l\u2019extr\u00eame droite lors des \u00e9lections europ\u00e9ennes de juin. Samedi, M. Macron a visit\u00e9 le Salon international de l\u2019agriculture de Paris, l\u2019un des plus grands et plus importants au monde, o\u00f9 des manifestants ont affront\u00e9 la police.<\/p>\n\n\n\n<p class=\"wp-block-paragraph\">Les ministres de l\u2019Agriculture des 27 \u00e9taient \u00e0 Bruxelles lundi pour examiner les propositions de la Commission europ\u00e9enne visant \u00e0 simplifier la politique agricole commune (PAC) de l\u2019UE, dans une nouvelle tentative visant \u00e0 apaiser les agriculteurs.<\/p>\n\n\n\n<p class=\"wp-block-paragraph\">La PAC se rapporte \u00e0 la politique phare de subventions agricoles de l\u2019UE. Pour b\u00e9n\u00e9ficier du soutien de la PAC, les agriculteurs et les \u00e9leveurs doivent remplir une s\u00e9rie de conditions respectueuses de l&rsquo;environnement.&nbsp;<\/p>\n\n\n\n<p class=\"wp-block-paragraph\">La Commission europ\u00e9enne a pr\u00e9sent\u00e9 une s\u00e9rie d&rsquo;options pour r\u00e9duire la charge bureaucratique pesant sur les agriculteurs pour acc\u00e9der aux subventions, entre autres choses, en offrant plus de flexibilit\u00e9 en mati\u00e8re d&rsquo;utilisation des terres et d&rsquo;inspections agricoles. Les propositions assoupliraient \u00e9galement certaines contraintes environnementales pour les agriculteurs, notamment en att\u00e9nuant les exigences impos\u00e9es aux anciens \u00e9leveurs de convertir leurs terres en prairies.<\/p>\n\n\n\n<p class=\"wp-block-paragraph\">La Commission envisage de simplifier l&rsquo;administration et de modifier la mani\u00e8re dont fonctionnent les inspections dans le but de r\u00e9duire de 50 pour cent le nombre de visites auxquelles les agriculteurs sont confront\u00e9s. Une marge de man\u0153uvre suppl\u00e9mentaire pourrait \u00e9galement \u00eatre accord\u00e9e aux agriculteurs qui ne respectent pas les exigences de la PAC en raison de ph\u00e9nom\u00e8nes m\u00e9t\u00e9orologiques extr\u00eames.<\/p>\n\n\n\n<p class=\"wp-block-paragraph\">Le commissaire europ\u00e9en \u00e0 l&rsquo;Agriculture Janusz Wojciechowski a ouvert la porte \u00e0 une r\u00e9vision des r\u00e9glementations actuelles de la PAC, en vigueur entre 2023 et 2027. Il souhaite revoir les conditions concernant l&rsquo;environnement qui doivent \u00eatre mises en \u0153uvre dans le secteur agricole pour obtenir le soutien de la PAC. Le 6 f\u00e9vrier, la Commission a \u00e9galement retir\u00e9 une proposition de loi controvers\u00e9e visant \u00e0 r\u00e9duire le recours aux pesticides.<\/p>\n\n\n\n<p class=\"wp-block-paragraph\">Cependant, les ministres de l\u2019Agriculture de l\u2019UE ont demand\u00e9 \u00e0 la Commission europ\u00e9enne de pr\u00e9senter \u00ab rapidement \u00bb des mesures \u00ab&nbsp;plus ambitieuses&nbsp;\u00bb pour r\u00e9pondre aux protestations, les \u00c9tats membres consid\u00e9rant que celles propos\u00e9es ne sont \u00ab&nbsp;pas suffisantes&nbsp;\u00bb.<\/p>\n\n\n\n<h2 class=\"wp-block-heading\"><strong>Un pas en avant, mais insuffisant<\/strong><\/h2>\n\n\n\n<p class=\"wp-block-paragraph\">L\u2019organisation non gouvernementale Fonds mondial pour la nature (WWF) a averti que ces mesures ne r\u00e9pondaient pas aux pr\u00e9occupations des agriculteurs.<\/p>\n\n\n\n<p class=\"wp-block-paragraph\">QUOTE<\/p>\n\n\n\n<blockquote class=\"wp-block-quote is-layout-flow wp-block-quote-is-layout-flow\">\n<p class=\"wp-block-paragraph\"><strong>\u00ab\u00a0La Commission europ\u00e9enne court comme un poulet sans t\u00eate et jette les mesures environnementales sous le tracteur.\u00a0\u00bb<\/strong><\/p>\n<cite>Anu Suono, experte en politiques agricoles au WWF<\/cite><\/blockquote>\n\n\n\n<p class=\"wp-block-paragraph\">\u00ab\u00a0Ces mesures seront un tout premier pas vers une r\u00e9ponse aux inqui\u00e9tudes des citoyens, mais ce n&rsquo;est pas suffisant\u00a0\u00bb, a d\u00e9clar\u00e9 aux journalistes le ministre belge de l&rsquo;Agriculture, David Clarinval, dont le pays assure la pr\u00e9sidence tournante de l&rsquo;UE, apr\u00e8s la r\u00e9union \u00e0 Bruxelles.<\/p>\n\n\n\n<p class=\"wp-block-paragraph\">\u00ab\u00a0La nouvelle PAC a \u00e9t\u00e9 mal \u00e9crite, les exemptions actuelles sont insuffisantes, nous avons besoin de changements substantiels\u00a0\u00bb, a d\u00e9clar\u00e9 Francesco Lollobrigida, ministre italien de l&rsquo;Agriculture, exigeant une simplification des r\u00e8gles du secteur.<\/p>\n\n\n\n<p class=\"wp-block-paragraph\">Son homologue espagnol, Luis Planas, a d\u00e9clar\u00e9 qu&rsquo;un nouveau pacte europ\u00e9en \u00e9tait n\u00e9cessaire pour les agriculteurs et les zones rurales. Il a appel\u00e9 la Commission \u00e0 pr\u00e9senter d&rsquo;urgence des propositions l\u00e9gislatives visant \u00e0 modifier certaines des conditions que les agriculteurs doivent remplir pour b\u00e9n\u00e9ficier du soutien de la PAC. Ces modifications devraient \u00eatre adopt\u00e9es avant les \u00e9lections au Parlement europ\u00e9en de juin, selon Planas.&nbsp;<\/p>\n\n\n\n<p class=\"wp-block-paragraph\">La Slov\u00e9nie a salu\u00e9 les propositions de la Commission visant \u00e0 all\u00e9ger les formalit\u00e9s administratives pour les agriculteurs, mais souhaiterait voir plus de flexibilit\u00e9 dans les conditions de paiement, a d\u00e9clar\u00e9 la secr\u00e9taire d&rsquo;\u00c9tat au minist\u00e8re de l&rsquo;Agriculture, Eva Knez, avant la r\u00e9union minist\u00e9rielle de lundi. Knez a soulign\u00e9 une proposition visant \u00e0 exempter les petites exploitations des contr\u00f4les de bonnes conditions agricoles et environnementales (BCAE) que les agriculteurs doivent remplir pour recevoir des paiements directs.<\/p>\n\n\n\n<p class=\"wp-block-paragraph\">Le 20 f\u00e9vrier, le minist\u00e8re bulgare de l&rsquo;Agriculture et de l&rsquo;Alimentation a notifi\u00e9 \u00e0 la Commission europ\u00e9enne qu&rsquo;il demanderait une d\u00e9rogation pour 2024 concernant la part minimale des terres agricoles consacr\u00e9es aux zones non productives. Cette d\u00e9rogation donne aux agriculteurs une plus grande flexibilit\u00e9 en termes de superficies, en imposant moins de restrictions sur la mani\u00e8re dont les agriculteurs peuvent les utiliser, de sorte que les pertes de revenus soient r\u00e9duites, tout en garantissant les avantages environnementaux correspondants.<\/p>\n\n\n\n<p class=\"wp-block-paragraph\">Le gouvernement croate s&rsquo;efforce d&rsquo;obtenir un soutien budg\u00e9taire suppl\u00e9mentaire pour les agriculteurs et, \u00e0 travers ses propositions au Conseil de l&rsquo;UE, certaines mesures et davantage de souplesse dans le cadre des fonds agricoles europ\u00e9ens disponibles, a d\u00e9clar\u00e9 la ministre de l&rsquo;Agriculture Marija Vu\u010dkovi\u0107. Elle a not\u00e9 que son minist\u00e8re pr\u00e9parait des propositions visant \u00e0 r\u00e9duire les formalit\u00e9s que les agriculteurs sont cens\u00e9s remplir.<\/p>\n\n\n\n<h2 class=\"wp-block-heading\"><strong>Su\u00e8de : instaurer la confiance avant tout <\/strong><\/h2>\n\n\n\n<p class=\"wp-block-paragraph\">La Su\u00e8de est l\u2019un des rares pays o\u00f9 il n\u2019y a pas eu beaucoup de protestations de la part des agriculteurs. L&rsquo;une des raisons, selon Palle Borgstr\u00f6m, pr\u00e9sident de la principale association agricole su\u00e9doise Lantbrukarnas Riksf\u00f6rbund (LRF), est une \u00ab&nbsp;discussion et une relation plus constructive&nbsp;\u00bb entre les agriculteurs et le gouvernement.<\/p>\n\n\n\n<p class=\"wp-block-paragraph\">\u00ab En Su\u00e8de, nous avons choisi d&rsquo;instaurer la confiance entre les agriculteurs et le reste de la soci\u00e9t\u00e9. Les manifestations seraient d\u00e9vastatrices et d\u00e9truiraient cette confiance \u00bb, a r\u00e9cemment d\u00e9clar\u00e9 Borgstr\u00f6m \u00e0 la t\u00e9l\u00e9vision su\u00e9doise SVT.<\/p>\n\n\n\n<p class=\"wp-block-paragraph\">Selon lui, les agriculteurs su\u00e9dois ont \u00e9galement mieux r\u00e9ussi \u00e0 obtenir une compensation du march\u00e9 que ceux du sud de l&rsquo;Europe, o\u00f9 leurs coll\u00e8gues sont confront\u00e9s \u00e0 une situation plus difficile avec les cha\u00eenes discount \u00ab&nbsp;qui baissent toujours les prix&nbsp;\u00bb.<\/p>\n\n\n\n<p class=\"wp-block-paragraph\">La plupart des grands partis politiques su\u00e9dois sont \u00e9galement tr\u00e8s favorables au commerce et soutiennent fermement les accords avec les pays du Mercosur, la Nouvelle-Z\u00e9lande et l&rsquo;Australie.<\/p>\n\n\n\n<p class=\"wp-block-paragraph\"><em>Cet article est publi\u00e9 chaque semaine. Le contenu est bas\u00e9 sur les informations des agences participant \u00e0 l&rsquo;ENR.<\/em><\/p>\n","protected":false},"excerpt":{"rendered":"<p>Des convois d&rsquo;agriculteurs protestant contre les r\u00e9glementations agricoles et les importations alimentaires ont occup\u00e9 lundi le quartier europ\u00e9en de Bruxelles, bloquant les routes et allumant des feux. \u00c0 la suite des propositions de la Commission europ\u00e9enne, les ministres de l\u2019Agriculture de l\u2019UE se sont engag\u00e9s \u00e0 r\u00e9duire les formalit\u00e9s administratives \u2013 mais ont appel\u00e9 \u00e0 des propositions plus ambitieuses pour mieux r\u00e9pondre aux demandes des agriculteurs.<\/p>\n","protected":false},"author":21,"featured_media":208818,"comment_status":"closed","ping_status":"closed","sticky":false,"template":"","format":"standard","meta":{"_acf_changed":false,"_et_pb_use_builder":"","_et_pb_old_content":"","_et_gb_content_width":"","footnotes":""},"categories":[39],"tags":[2187],"class_list":["post-209451","post","type-post","status-publish","format-standard","has-post-thumbnail","hentry","category-key-story","tag-agriculture-3"],"acf":[],"_links":{"self":[{"href":"https:\/\/europeannewsroom.com\/fr\/wp-json\/wp\/v2\/posts\/209451","targetHints":{"allow":["GET"]}}],"collection":[{"href":"https:\/\/europeannewsroom.com\/fr\/wp-json\/wp\/v2\/posts"}],"about":[{"href":"https:\/\/europeannewsroom.com\/fr\/wp-json\/wp\/v2\/types\/post"}],"author":[{"embeddable":true,"href":"https:\/\/europeannewsroom.com\/fr\/wp-json\/wp\/v2\/users\/21"}],"replies":[{"embeddable":true,"href":"https:\/\/europeannewsroom.com\/fr\/wp-json\/wp\/v2\/comments?post=209451"}],"version-history":[{"count":0,"href":"https:\/\/europeannewsroom.com\/fr\/wp-json\/wp\/v2\/posts\/209451\/revisions"}],"wp:featuredmedia":[{"embeddable":true,"href":"https:\/\/europeannewsroom.com\/fr\/wp-json\/wp\/v2\/media\/208818"}],"wp:attachment":[{"href":"https:\/\/europeannewsroom.com\/fr\/wp-json\/wp\/v2\/media?parent=209451"}],"wp:term":[{"taxonomy":"category","embeddable":true,"href":"https:\/\/europeannewsroom.com\/fr\/wp-json\/wp\/v2\/categories?post=209451"},{"taxonomy":"post_tag","embeddable":true,"href":"https:\/\/europeannewsroom.com\/fr\/wp-json\/wp\/v2\/tags?post=209451"}],"curies":[{"name":"wp","href":"https:\/\/api.w.org\/{rel}","templated":true}]}}