{"id":211462,"date":"2024-03-01T14:50:18","date_gmt":"2024-03-01T13:50:18","guid":{"rendered":"https:\/\/europeannewsroom.dpa.com\/?p=211462"},"modified":"2024-03-04T13:49:01","modified_gmt":"2024-03-04T12:49:01","slug":"terry-reintke-tete-de-liste-des-verts-ursula-von-der-leyen-devrait-fournir-des-assurances-par-ecrit","status":"publish","type":"post","link":"https:\/\/europeannewsroom.com\/fr\/terry-reintke-tete-de-liste-des-verts-ursula-von-der-leyen-devrait-fournir-des-assurances-par-ecrit\/","title":{"rendered":"Terry Reintke, t\u00eate de liste des Verts : Ursula von der Leyen devrait fournir des assurances par \u00e9crit"},"content":{"rendered":"\n<p class=\"wp-block-paragraph\"><\/p>\n\n\n\n<p class=\"wp-block-paragraph\">La t\u00eate de liste des Verts aux europ\u00e9ennes Terry Reintke exige des engagements \u00e9crits de la pr\u00e9sidente de la Commission europ\u00e9enne, Ursula von der Leyen, pour soutenir sa r\u00e9\u00e9lection. \u00ab J\u2019aurai besoin de voir les choses sur papier avant de voter d&rsquo;une certaine mani\u00e8re&nbsp;\u00bb, a-t-elle d\u00e9clar\u00e9 mercredi dans un entretien accord\u00e9 \u00e0 l\u2019European Newsroom (ENR) \u00e0 Strasbourg. Elle a d\u00e9clar\u00e9 qu\u2019elle pensait que von der Leyen subissait actuellement des pressions, notamment de la part de sa propre famille politique, le Parti populaire europ\u00e9en (PPE). C&rsquo;est tr\u00e8s tangible et cela a d\u00e9j\u00e0 un impact majeur, a d\u00e9clar\u00e9 Reintke.<\/p>\n\n\n\n<p class=\"wp-block-paragraph\">&nbsp;Von der Leyen vise un deuxi\u00e8me mandat apr\u00e8s les \u00e9lections europ\u00e9ennes de l&rsquo;\u00e9t\u00e9 prochain. Pour y parvenir, elle aura \u00e9galement besoin d\u2019une majorit\u00e9 au Parlement europ\u00e9en apr\u00e8s les \u00e9lections. Elle pourrait \u00eatre d\u00e9pendante des voix des Verts.<\/p>\n\n\n\n<p class=\"wp-block-paragraph\"> Reintke a d\u00e9clar\u00e9 que la politique environnementale et climatique de l\u2019UE doit \u00eatre poursuivie et \u00e9largie. Des investissements dans les infrastructures, la r\u00e9novation et la transformation verte des entreprises sont n\u00e9cessaires. \u00ab&nbsp;Cela sera essentiel pour nous, tout en gardant \u00e9videmment la transition socialement juste&nbsp;\u00bb, a-t-elle dit.<\/p>\n\n\n\n<h2 class=\"wp-block-heading\"><strong>Elections europ\u00e9ennes : une mont\u00e9e de l\u2019extr\u00eame droite ?<\/strong><\/h2>\n\n\n\n<p class=\"wp-block-paragraph\">Reintke a refus\u00e9 de livrer un pronostic sur ce qu\u2019elle consid\u00e9rerait comme un succ\u00e8s lors des \u00e9lections au Parlement europ\u00e9en de juin, affirmant qu\u2019elle visait \u00e0 \u00ab consolider le robuste r\u00e9sultat que nous avons obtenu en 2019 en ajoutant un groupe plus diversifi\u00e9 g\u00e9ographiquement \u00bb. Cela impliquera, a-t-elle dit, d&rsquo;obtenir de bons r\u00e9sultats en dehors des pays d&rsquo;Europe centrale et de rechercher des partenaires au Sud et \u00e0 l&rsquo;Est, terrain traditionnellement peu fertile pour les partis verts.&nbsp;<\/p>\n\n\n\n<p class=\"wp-block-paragraph\">M\u00eame si dans des pays comme l&rsquo;Espagne, la mont\u00e9e attendue du parti de gauche espagnol Sumar aidera les partis verts dans cette strat\u00e9gie, au niveau europ\u00e9en, les sondages pr\u00e9disent une forte baisse du nombre de leurs si\u00e8ges \u00e0 l\u2019\u00e9chelle de toute l&rsquo;UE, ce qui les placerait au sixi\u00e8me rang des forces pr\u00e9sentes au Parlement Europ\u00e9en.<\/p>\n\n\n\n<p class=\"wp-block-paragraph\"><br>Pour tenter de lutter contre cette tendance \u00e0 travers l\u2019Europe, les Verts feront campagne contre le retour de l\u2019aust\u00e9rit\u00e9 et pour l\u2019investissement dans les infrastructures vertes et sociales. Cela fait partie, a d\u00e9clar\u00e9 Reintke, d&rsquo;une strat\u00e9gie plus large visant \u00e0 freiner l&rsquo;extr\u00eame droite qui inclut \u00e9galement la mise en garde des partis centristes et de droite sur les dangers du non-maintien des <em>cordons sanitaires.<\/em><\/p>\n\n\n\n<p class=\"wp-block-paragraph\"> Selon la candidate des Verts, une future coalition entre le PPE et par exemple le groupe des Conservateurs et R\u00e9formistes europ\u00e9ens (CRE) \u2013 qui pourrait devenir la troisi\u00e8me force au PE \u2013 entra\u00eenerait \u00ab&nbsp;un danger tr\u00e8s \u00e9vident que les acquis de cette l\u00e9gislature soient annul\u00e9s ou du moins stopp\u00e9s et qu\u2019on n\u2019avance pas&nbsp;\u00bb sur les questions climatiques.<\/p>\n\n\n\n<p class=\"wp-block-paragraph\">\u00ab\u00a0Je pense qu&rsquo;il existe certainement une menace de voir l&rsquo;extr\u00eame droite se renforcer lors de ces \u00e9lections europ\u00e9ennes\u00a0\u00bb, a d\u00e9clar\u00e9 Reintke. Elle a toutefois ajout\u00e9 que le virage \u00e0 droite n\u2019\u00e9tait pas n\u00e9cessairement fatal et qu\u2019il ne fallait pas en faire une proph\u00e9tie susceptible de se r\u00e9aliser d&rsquo;elle-m\u00eame. <\/p>\n\n\n\n<h2 class=\"wp-block-heading\"><strong>Manifestations des agriculteurs<\/strong><\/h2>\n\n\n\n<figure class=\"wp-block-image size-large\"><img loading=\"lazy\" decoding=\"async\" width=\"1024\" height=\"768\" src=\"https:\/\/europeannewsroom.com\/wp-content\/uploads\/2024\/02\/E93B0664-C337-4120-A438-0CE5D0C640E2-1024x768.jpg\" alt=\"\" class=\"wp-image-209381\" srcset=\"https:\/\/europeannewsroom.com\/wp-content\/uploads\/2024\/02\/E93B0664-C337-4120-A438-0CE5D0C640E2-980x735.jpg 980w, https:\/\/europeannewsroom.com\/wp-content\/uploads\/2024\/02\/E93B0664-C337-4120-A438-0CE5D0C640E2-480x360.jpg 480w\" sizes=\"(min-width: 0px) and (max-width: 480px) 480px, (min-width: 481px) and (max-width: 980px) 980px, (min-width: 981px) 1024px, 100vw\" \/><figcaption class=\"wp-element-caption\"><em>Les agriculteurs ont manifest\u00e9 dans le quartier europ\u00e9en de Bruxelles, au moment de la r\u00e9union des ministres europ\u00e9ens de l&rsquo;Agriculture. Rue de la Loi, Bruxelles, le 26 f\u00e9vrier. (Photo :  EFE\/Paula Garcia-Ajofr\u00edn)<\/em><\/figcaption><\/figure>\n\n\n\n<p class=\"wp-block-paragraph\"><em>Les agriculteurs ont manifest\u00e9 dans le quartier europ\u00e9en de Bruxelles, au moment de la r\u00e9union des ministres europ\u00e9ens de l&rsquo;Agriculture. Rue de la Loi, Bruxelles, le 26 f\u00e9vrier. EFE\/Paula Garcia-Ajofr\u00edn<\/em><em>&nbsp;<\/em><\/p>\n\n\n\n<p class=\"wp-block-paragraph\">Les manifestations des agriculteurs \u00e0 travers l\u2019Europe, qui durent depuis plus d\u2019un mois, exigent \u00ab que nous les \u00e9coutions et que nous essayions de trouver des r\u00e9ponses \u00bb, a d\u00e9clar\u00e9 la dirigeante des Verts. Mais il y avait une r\u00e9serve importante dans ses propos : leurs probl\u00e8mes ne sont pas le r\u00e9sultat du Green Deal.<\/p>\n\n\n\n<p class=\"wp-block-paragraph\">\u00ab&nbsp;Les Verts affirment que la Commission europ\u00e9enne a d\u00fb fermer un tiers des exploitations europ\u00e9ennes au cours des 15 derni\u00e8res ann\u00e9es, bien avant que le Pacte Vert ne ne devienne un grand sujet de d\u00e9bat politique. Il faut voir quel est le probl\u00e8me de la politique agricole europ\u00e9enne \u00bb, a pr\u00e9venu Reintke.&nbsp;<\/p>\n\n\n\n<p class=\"wp-block-paragraph\">Les Verts sugg\u00e8rent de modifier la mani\u00e8re dont les subventions agricoles sont distribu\u00e9es dans l&rsquo;UE afin d&rsquo;\u00e9viter que \u00ab&nbsp;80 % des aides ne soient vers\u00e9es \u00e0 20&nbsp;% des agriculteurs&nbsp;\u00bb et de s&rsquo;attaquer au \u00ab&nbsp;syst\u00e8me impossible&nbsp;\u00bb dans lequel les grands distributeurs et les cha\u00eenes de supermarch\u00e9s fixent les prix tandis que les agriculteurs sont oblig\u00e9s de produire \u00e0 ces prix pour ne pas faire faillite.&nbsp;<\/p>\n\n\n\n<p class=\"wp-block-paragraph\">\u00ab&nbsp;Nous devons r\u00e9fl\u00e9chir \u00e0 la mani\u00e8re dont nous pouvons modifier ces structures afin que les agriculteurs puissent gagner leur vie de mani\u00e8re durable (\u2026) et \u00e9galement prendre des mesures pour prot\u00e9ger la biodiversit\u00e9 et le climat. Tout cela est possible, mais nous devons changer la politique agricole au niveau europ\u00e9en&nbsp;\u00bb, a-t-elle d\u00e9clar\u00e9. \u00ab L\u2019objectif est de lever la pression exerc\u00e9e sur les agriculteurs pour qu\u2019ils s\u2019agrandissent ou cessent leur activit\u00e9.&nbsp;\u00bb<\/p>\n\n\n\n<p class=\"wp-block-paragraph\">Reintke a d\u00e9clar\u00e9 que le mouvement paysan est compos\u00e9 de groupes tr\u00e8s diff\u00e9rents, avec \u00ab&nbsp;certains agriculteurs radicalis\u00e9s, certains m\u00eame min\u00e9s par l\u2019extr\u00eame droite&nbsp;\u00bb. Cependant, elle a soulign\u00e9 qu&rsquo;il existe des probl\u00e8mes que l&rsquo;UE doit r\u00e9soudre, tels que les probl\u00e8mes \u00e9conomiques et le syst\u00e8me de concurrence.<\/p>\n\n\n\n<p class=\"wp-block-paragraph\">&nbsp;<em>Cet article est publi\u00e9 chaque semaine. Le contenu est bas\u00e9 sur les informations des agences participant \u00e0 l&rsquo;ENR<\/em><\/p>\n","protected":false},"excerpt":{"rendered":"<p>Terry Reintke, la principale candidate des Verts aux \u00e9lections europ\u00e9ennes, s&rsquo;est entretenue avec European Newsroom (enr) sur ses priorit\u00e9s pour les \u00e9lections, le Pacte vert, les manifestations des agriculteurs et le spectre de l&rsquo;extr\u00eame droite.<\/p>\n","protected":false},"author":21,"featured_media":199986,"comment_status":"closed","ping_status":"closed","sticky":false,"template":"","format":"standard","meta":{"_acf_changed":false,"_et_pb_use_builder":"","_et_pb_old_content":"","_et_gb_content_width":"","footnotes":""},"categories":[12794,39],"tags":[],"class_list":["post-211462","post","type-post","status-publish","format-standard","has-post-thumbnail","hentry","category-european-elections-2024","category-key-story"],"acf":[],"_links":{"self":[{"href":"https:\/\/europeannewsroom.com\/fr\/wp-json\/wp\/v2\/posts\/211462","targetHints":{"allow":["GET"]}}],"collection":[{"href":"https:\/\/europeannewsroom.com\/fr\/wp-json\/wp\/v2\/posts"}],"about":[{"href":"https:\/\/europeannewsroom.com\/fr\/wp-json\/wp\/v2\/types\/post"}],"author":[{"embeddable":true,"href":"https:\/\/europeannewsroom.com\/fr\/wp-json\/wp\/v2\/users\/21"}],"replies":[{"embeddable":true,"href":"https:\/\/europeannewsroom.com\/fr\/wp-json\/wp\/v2\/comments?post=211462"}],"version-history":[{"count":0,"href":"https:\/\/europeannewsroom.com\/fr\/wp-json\/wp\/v2\/posts\/211462\/revisions"}],"wp:featuredmedia":[{"embeddable":true,"href":"https:\/\/europeannewsroom.com\/fr\/wp-json\/wp\/v2\/media\/199986"}],"wp:attachment":[{"href":"https:\/\/europeannewsroom.com\/fr\/wp-json\/wp\/v2\/media?parent=211462"}],"wp:term":[{"taxonomy":"category","embeddable":true,"href":"https:\/\/europeannewsroom.com\/fr\/wp-json\/wp\/v2\/categories?post=211462"},{"taxonomy":"post_tag","embeddable":true,"href":"https:\/\/europeannewsroom.com\/fr\/wp-json\/wp\/v2\/tags?post=211462"}],"curies":[{"name":"wp","href":"https:\/\/api.w.org\/{rel}","templated":true}]}}