{"id":215905,"date":"2024-03-08T14:33:53","date_gmt":"2024-03-08T13:33:53","guid":{"rendered":"https:\/\/europeannewsroom.dpa.com\/?p=215905"},"modified":"2024-03-08T14:34:00","modified_gmt":"2024-03-08T13:34:00","slug":"droit-a-lavortement-la-france-ouvre-la-voie-avec-un-changement-constitutionnel-historique","status":"publish","type":"post","link":"https:\/\/europeannewsroom.com\/fr\/droit-a-lavortement-la-france-ouvre-la-voie-avec-un-changement-constitutionnel-historique\/","title":{"rendered":"Droit \u00e0 l\u2019avortement : la France ouvre la voie avec un changement constitutionnel historique"},"content":{"rendered":"\n<p class=\"wp-block-paragraph\">Le Parlement fran\u00e7ais a vot\u00e9 lundi pour ancrer le droit \u00e0 l&rsquo;avortement dans la Constitution, faisant de la France le premier pays au monde \u00e0 offrir une protection explicite \u00e0 l&rsquo;interruption de grossesse dans sa loi fondamentale.&nbsp;<\/p>\n\n\n\n<p class=\"wp-block-paragraph\">Les avortements jusqu&rsquo;\u00e0 la 10\u00e8me semaine de grossesse ont \u00e9t\u00e9 autoris\u00e9s en France en 1975. Depuis, la loi a chang\u00e9 pour permettre aux femmes d&rsquo;avorter jusqu&rsquo;\u00e0 la 14\u00e8me semaine de grossesse, et les frais de l&rsquo;intervention sont pris en charge par l&rsquo;assurance maladie.&nbsp;<\/p>\n\n\n\n<p class=\"wp-block-paragraph\">Le pr\u00e9sident Emmanuel Macron a qualifi\u00e9 la d\u00e9cision des parlementaires de \u00ab\u00a0fiert\u00e9 fran\u00e7aise\u00a0\u00bb qui a envoy\u00e9 un \u00ab message universel \u00bb, et une c\u00e9r\u00e9monie publique sp\u00e9ciale a \u00e9t\u00e9 organis\u00e9e \u00e0 Paris pour c\u00e9l\u00e9brer cet \u00e9v\u00e9nement, \u00e0 l\u2019occasion de la Journ\u00e9e internationale des droits des femmes, le 8 mars.\u00a0<\/p>\n\n\n\n<p class=\"wp-block-paragraph\">La France entend \u00e9galement \u00ab\u00a0porter ce combat au niveau europ\u00e9en\u00a0\u00bb, a d\u00e9clar\u00e9 mercredi la porte-parole du gouvernement Prisca Th\u00e9venot. \u00ab\u00a0En 2022, le pr\u00e9sident de la R\u00e9publique a annonc\u00e9 son intention d&rsquo;inscrire le droit \u00e0 l&rsquo;avortement dans la Charte des droits fondamentaux de l&rsquo;Union europ\u00e9enne\u00a0\u00bb, a-t-elle indiqu\u00e9.&nbsp;<\/p>\n\n\n\n<p class=\"wp-block-paragraph\">La d\u00e9cision des l\u00e9gislateurs fran\u00e7ais intervient alors que les pays membres de l\u2019UE et le Parlement europ\u00e9en sont parvenus \u00e0 un accord en f\u00e9vrier sur les r\u00e8gles de l\u2019Union pour lutter contre la violence \u00e0 l\u2019\u00e9gard des femmes.&nbsp;<\/p>\n\n\n\n<p class=\"wp-block-paragraph\">L&rsquo;Organisation mondiale de la sant\u00e9 (OMS) a salu\u00e9 lundi le vote des parlementaires fran\u00e7ais. \u00ab\u00a0Nous saluons la d\u00e9cision de la France de garantir les droits des femmes et de sauver leurs vies\u00a0\u00bb, a d\u00e9clar\u00e9 le chef de l&rsquo;OMS, Tedros Adhanom Ghebreyesus, dans un message sur X (ex-Twitter).&nbsp;<\/p>\n\n\n\n<p class=\"wp-block-paragraph\">Cependant, apr\u00e8s le vote du Parlement fran\u00e7ais, le Vatican a r\u00e9it\u00e9r\u00e9 son opposition \u00e0 l\u2019IVG. \u00ab\u00a0L&rsquo;Acad\u00e9mie pontificale pour la vie rappelle qu&rsquo;\u00e0 l&rsquo;\u00e8re des droits de l&rsquo;homme universels, il ne peut y avoir de \u00ab\u00a0droit\u00a0\u00bb \u00e0 enlever une vie humaine\u00a0\u00bb, a d\u00e9clar\u00e9 l&rsquo;institution ind\u00e9pendante si\u00e9geant au Vatican dans un communiqu\u00e9, faisant \u00e9cho aux pr\u00e9occupations d\u00e9j\u00e0 exprim\u00e9es par les \u00e9v\u00eaques catholiques fran\u00e7ais.<\/p>\n\n\n\n<h2 class=\"wp-block-heading\"><strong>Les droits reproductifs menac\u00e9s<\/strong>&nbsp;<\/h2>\n\n\n\n<p class=\"wp-block-paragraph\">Emmanuel Macron s\u2019est engag\u00e9 l\u2019ann\u00e9e derni\u00e8re \u00e0 prot\u00e9ger l\u2019avortement dans la constitution apr\u00e8s que la Cour supr\u00eame des \u00c9tats-Unis a annul\u00e9 en 2022 le droit \u00e0 cette proc\u00e9dure vieux d\u2019un demi-si\u00e8cle, permettant \u00e0 chaque \u00c9tat am\u00e9ricain de l\u2019interdire ou de le restreindre.&nbsp;<\/p>\n\n\n\n<p class=\"wp-block-paragraph\">\u00c0 l\u2019\u00e9poque, le Premier ministre grec Kyriakos Mitsotakis s\u2019\u00e9tait dit \u00ab vraiment troubl\u00e9 par la d\u00e9cision de la Cour supr\u00eame am\u00e9ricaine. C\u2019est un pas en arri\u00e8re majeur dans les combats pour les droits des femmes \u00bb, avait-il affirm\u00e9 sur X. <\/p>\n\n\n\n<figure class=\"wp-block-image aligncenter size-full\"><img loading=\"lazy\" decoding=\"async\" width=\"718\" height=\"272\" src=\"https:\/\/europeannewsroom.com\/wp-content\/uploads\/2024\/03\/Tweet-PM.png\" alt=\"\" class=\"wp-image-215909\" srcset=\"https:\/\/europeannewsroom.com\/wp-content\/uploads\/2024\/03\/Tweet-PM.png 718w, https:\/\/europeannewsroom.com\/wp-content\/uploads\/2024\/03\/Tweet-PM-480x182.png 480w\" sizes=\"(min-width: 0px) and (max-width: 480px) 480px, (min-width: 481px) 718px, 100vw\" \/><\/figure>\n\n\n\n<p class=\"wp-block-paragraph\">Le Premier ministre fran\u00e7ais Gabriel Attal a d\u00e9clar\u00e9 que le droit \u00e0 l\u2019avortement restait \u00ab en danger \u00bb dans le monde entier, nos \u00ab libert\u00e9s son par essence menac\u00e9es\u2026 \u00e0 la merci des d\u00e9cideurs \u00bb.\u00a0<\/p>\n\n\n\n<p class=\"wp-block-paragraph\">Les contre-campagnes conservatrices mettent \u00e0 mal les avanc\u00e9es mondiales en mati\u00e8re de droits des femmes, le dernier \u00ab retour de b\u00e2ton \u00bb d\u2019une s\u00e9rie remontant aux ann\u00e9es 1980, ont averti des militants et des experts \u00e0 l\u2019approche de la Journ\u00e9e internationale des droits des femmes. Les observateurs affirment que ces progr\u00e8s en mati\u00e8re de droits des femmes ont \u00e9t\u00e9 syst\u00e9matiquement suivis de r\u00e9actions n\u00e9gatives depuis les ann\u00e9es 1980.\u00a0<\/p>\n\n\n\n<p class=\"wp-block-paragraph\">La th\u00e9orie du \u00ab\u00a0backlash\u00a0\u00bb a \u00e9t\u00e9 d\u00e9taill\u00e9e par la f\u00e9ministe am\u00e9ricaine Susan Faludi dans son livre de 1991, \u00ab\u00a0Backlash : The Undeclared War Against American Women\u00a0\u00bb. Il d\u00e9crit la strat\u00e9gie des mouvements conservateurs am\u00e9ricains \u00e0 la suite de la lib\u00e9ralisation des lois sur l\u2019avortement et de l\u2019entr\u00e9e des femmes sur le march\u00e9 du travail dans les ann\u00e9es 1970.\u00a0<\/p>\n\n\n\n<h2 class=\"wp-block-heading\"><strong>La violence contre les femmes en hausse<\/strong><\/h2>\n\n\n\n<p class=\"wp-block-paragraph\">Organis\u00e9 et politis\u00e9, le contre-mouvement s&rsquo;attaque au droit \u00e0 l&rsquo;IVG, alimente la haine et le harc\u00e8lement en ligne et encourage \u00e9galement la violence domestique, affirment les chercheurs.&nbsp;<\/p>\n\n\n\n<p class=\"wp-block-paragraph\">L&rsquo;UE a adopt\u00e9 en f\u00e9vrier sa toute premi\u00e8re loi visant \u00e0 lutter contre la violence \u00e0 l&rsquo;\u00e9gard des femmes. La loi vise \u00e0 prot\u00e9ger les femmes des 27 pays de l\u2019Union europ\u00e9enne contre la violence sexiste, les mariages forc\u00e9s, les mutilations g\u00e9nitales f\u00e9minines et le harc\u00e8lement en ligne. La Commission europ\u00e9enne a propos\u00e9 pour la premi\u00e8re fois cette l\u00e9gislation majeure le 8 mars 2022, \u00e0 l\u2019occasion de la Journ\u00e9e internationale des droits des femmes.\u00a0<\/p>\n\n\n\n<p class=\"wp-block-paragraph\">Cependant, l\u2019accord ne parvient pas \u00e0 inclure une d\u00e9finition commune du viol. L&rsquo;acc\u00e8s \u00e0 l&rsquo;IVG devrait \u00eatre accessible aux victimes de viol, mais un certain nombre d&rsquo;\u00c9tats dans le monde restreignent l&rsquo;avortement m\u00eame en cas de viol et d&rsquo;inceste. Les \u00c9tats oppos\u00e9s \u00e0 la d\u00e9finition du viol dans le texte ont fait valoir qu\u2019il n\u2019a pas la dimension transfrontali\u00e8re n\u00e9cessaire pour \u00eatre consid\u00e9r\u00e9 comme un crime passible de sanctions communes dans l\u2019Union, remettant ainsi en question la comp\u00e9tence de l\u2019UE en la mati\u00e8re.&nbsp;<\/p>\n\n\n\n<p class=\"wp-block-paragraph\">Fin f\u00e9vrier, l&rsquo;Institut du 8 Mars, une ONG slov\u00e8ne, a lanc\u00e9 une campagne pour une IVG s\u00fbre et accessible dans toute l&rsquo;Europe. La campagne, intitul\u00e9e \u00ab&nbsp;Ma voix, mon choix&nbsp;\u00bb, vise \u00e0 recueillir un million de signatures dans toute l\u2019UE et rassemble des organisations d\u2019Espagne, de France, de Pologne, de Finlande et d\u2019Irlande.&nbsp;<\/p>\n\n\n\n<p class=\"wp-block-paragraph\">Les organisateurs ont identifi\u00e9 cette question comme \u00e9tant importante \u00e0 l&rsquo;approche des prochaines \u00e9lections europ\u00e9ennes et en raison de la mont\u00e9e de l&rsquo;extr\u00e9misme en Europe. Comme dans d\u2019autres pays, la Slov\u00e9nie est confront\u00e9e \u00e0 des niveaux croissants de violence \u00e0 l\u2019\u00e9gard des femmes et aux st\u00e9r\u00e9otypes sexistes dans de nombreux domaines.&nbsp;<\/p>\n\n\n\n<h2 class=\"wp-block-heading\"><strong>Le droit \u00e0 l\u2019avortement en Europe<\/strong>&nbsp;<\/h2>\n\n\n\n<p class=\"wp-block-paragraph\">Alors que le droit \u00e0 l\u2019IVG est de plus en plus menac\u00e9, les pays europ\u00e9ens disposent de r\u00e8gles autorisant l\u2019interruption de grossesse \u2013 certaines \u00e9tant toutefois plus strictes que d\u2019autres. Une s\u00e9lection de plusieurs pays montre leurs diff\u00e9rences.\u00a0<\/p>\n\n\n\n<p class=\"wp-block-paragraph\"><strong>Albanie<\/strong> : En Albanie, l&rsquo;avortement a \u00e9t\u00e9 autoris\u00e9 par la loi au d\u00e9but des ann\u00e9es 1990 et les chiffres t\u00e9moignent d&rsquo;une diminution significative du nombre des cas. Les groupes de d\u00e9fense des droits des femmes et les sp\u00e9cialistes de la sant\u00e9 publique s\u2019inqui\u00e8tent toutefois de l\u2019avortement dit s\u00e9lectif selon le sexe. M\u00eame selon les estimations les plus modestes, il \u00ab&nbsp;manque&nbsp;\u00bb en Albanie des milliers de filles, apr\u00e8s des ann\u00e9es d\u2019interventions s\u00e9lectives qui ont conduit \u00e0 l\u2019interruption de grossesse par des familles esp\u00e9rant avoir des enfants de sexe masculin. Malgr\u00e9 une prise de conscience croissante, des valeurs profond\u00e9ment ancr\u00e9es semblent difficiles \u00e0 renverser \u2013 et les experts pr\u00e9viennent que cela pourrait conduire \u00e0 un d\u00e9s\u00e9quilibre social.&nbsp;<\/p>\n\n\n\n<p class=\"wp-block-paragraph\"><strong>Bulgarie<\/strong> : L&rsquo;IVG a \u00e9t\u00e9 l\u00e9galis\u00e9e en Bulgarie en 1956. En 1968, le gouvernement a interdit aux femmes sans enfants d&rsquo;avorter par crainte du d\u00e9peuplement. D&rsquo;autres restrictions ont \u00e9galement \u00e9t\u00e9 introduites au fil des ann\u00e9es, mais apr\u00e8s la fin du r\u00e9gime communiste, l&rsquo;avortement pendant le premier trimestre de la grossesse a \u00e9t\u00e9 \u00e0 nouveau autoris\u00e9. Actuellement, une femme peut choisir d\u2019avorter avant la fin de la 12e semaine.\u00a0<\/p>\n\n\n\n<p class=\"wp-block-paragraph\"><strong>R\u00e9publique tch\u00e8que<\/strong> : La R\u00e9publique tch\u00e8que dispose d&rsquo;une loi autorisant l&rsquo;IVG depuis 1957. En cas d&rsquo;interruption de grossesse \u00e0 la demande de la m\u00e8re, la date limite est la 12e semaine de grossesse, et en cas d&rsquo;anomalies g\u00e9n\u00e9tiques, la 24e semaine. Les propositions des l\u00e9gislateurs visant \u00e0 restreindre les avortements n\u2019ont pas abouti. Une \u00e9crasante majorit\u00e9 de Tch\u00e8ques est favorable \u00e0 la libert\u00e9 de d\u00e9cision en mati\u00e8re d&rsquo;avortement, selon une enqu\u00eate men\u00e9e en 2023 par le Centre de recherche sur l&rsquo;opinion publique de l&rsquo;Acad\u00e9mie tch\u00e8que des sciences (CVVM).&nbsp;<\/p>\n\n\n\n<p class=\"wp-block-paragraph\"><strong>Allemagne<\/strong> : L&rsquo;IVG n&rsquo;est pas enti\u00e8rement l\u00e9galis\u00e9e en Allemagne, mais reste impunissable pendant les douze premi\u00e8res semaines si la femme re\u00e7oit des conseils au pr\u00e9alable. Cependant, le SPD social-d\u00e9mocrate, les Verts et les lib\u00e9raux du FDP du gouvernement allemand envisagent de supprimer l&rsquo;article 218 du code p\u00e9nal, dans lequel elle figure actuellement.\u00a0<\/p>\n\n\n\n<p class=\"wp-block-paragraph\"><strong>Italie<\/strong> : Une loi promulgu\u00e9e en 1978 sur l&rsquo;interruption volontaire de grossesse a souvent fait l&rsquo;objet d&rsquo;\u00e2pres controverses et de vives attaques en Italie. La loi pr\u00e9cise qu&rsquo;il est possible d&rsquo;avorter dans un \u00e9tablissement de sant\u00e9 publique au cours des 90 premiers jours uniquement dans les \u00ab\u00a0circonstances dans lesquelles la poursuite de la grossesse, l&rsquo;accouchement ou la maternit\u00e9 pr\u00e9senterait un danger grave pour la sant\u00e9 physique ou mentale de la femme\u00a0\u00bb. La loi autorise \u00e9galement l&rsquo;objection de conscience de la part des m\u00e9decins et des infirmi\u00e8res, ce qui rend plus difficile l&rsquo;acc\u00e8s \u00e0 l&rsquo;avortement, dont l&rsquo;Italie a officiellement l&rsquo;un des taux les plus bas au monde.\u00a0<\/p>\n\n\n\n<p class=\"wp-block-paragraph\"><strong>Pologne<\/strong> : L&rsquo;avortement n&rsquo;est actuellement autoris\u00e9 en Pologne que si la grossesse est le r\u00e9sultat d&rsquo;un viol ou d&rsquo;un inceste ou si elle menace la sant\u00e9 ou la vie de la m\u00e8re. Le nouveau gouvernement de coalition polonais veut annuler une d\u00e9cision de 2020 de la Cour constitutionnelle, influenc\u00e9e par des juges nomm\u00e9s par le parti conservateur Droit et Justice (PiS) alors au pouvoir, et qui avait mis un terme \u00e0 un compromis sur l&rsquo;avortement vieux de plusieurs d\u00e9cennies, conduisant ainsi \u00e0 un arr\u00eat presque complet des IVG. &nbsp;<\/p>\n\n\n\n<p class=\"wp-block-paragraph\"><strong>Portugal<\/strong> : Les lois sur l&rsquo;IVG au Portugal ont \u00e9t\u00e9 lib\u00e9ralis\u00e9es le 10 avril 2007, autorisant un avortement \u00e0 la demande d&rsquo;une femme jusqu&rsquo;\u00e0 la 10e semaine de grossesse. R\u00e9cemment, la question d&rsquo;un nouveau r\u00e9f\u00e9rendum sur le droit \u00e0 l&rsquo;avortement dans la loi portugaise a \u00e9t\u00e9 soulev\u00e9e lors de la campagne politique par un candidat de l&rsquo;Alian\u00e7a Democr\u00e1tica, une coalition de trois partis conservateurs, pour les \u00e9lections l\u00e9gislatives du 10 mars. Mais ce th\u00e8me n\u2019a \u00e9t\u00e9 repris par aucun des partis politiques ou coalitions en lice.\u00a0<\/p>\n\n\n\n<p class=\"wp-block-paragraph\"><strong>Roumanie<\/strong> : En Roumanie, l&rsquo;IVG est r\u00e9glement\u00e9e par la loi (Code p\u00e9nal) et peut \u00eatre pratiqu\u00e9e jusqu&rsquo;\u00e0 la 14e semaine de grossesse, mais uniquement par des m\u00e9decins sp\u00e9cialistes autoris\u00e9s. Pass\u00e9 ce d\u00e9lai, la personne proc\u00e9dant \u00e0 l&rsquo;avortement est punie d&rsquo;une peine d&#8217;emprisonnement ou d&rsquo;amende et de l&rsquo;interdiction d&rsquo;exercer certains droits, sauf exceptions, mais la femme enceinte \u00e9chappe \u00e0 toute sanction. Pour l&rsquo;avortement non chirurgical (avec pilules), les recommandations des directives m\u00e9dicales, corrobor\u00e9es par celles des notices pharmaceutiques, pr\u00e9voient un d\u00e9lai de neuf semaines. Apr\u00e8s plus de neuf semaines de grossesse, cette m\u00e9thode n&rsquo;est plus utilis\u00e9e par les m\u00e9decins.\u00a0<\/p>\n\n\n\n<p class=\"wp-block-paragraph\"><strong>Slov\u00e9nie <\/strong>: La Slov\u00e9nie est l&rsquo;un des rares pays qui conf\u00e8re aux parents le droit constitutionnel de d\u00e9cider librement de la naissance de leurs enfants. En cons\u00e9quence, l\u2019avortement est l\u00e9gal et autoris\u00e9 en Slov\u00e9nie, et le nombre d\u2019IVG est tr\u00e8s faible. Cependant, la question de l\u2019avortement est fr\u00e9quemment \u00e9voqu\u00e9e dans les d\u00e9bats des milieux politiques et de la soci\u00e9t\u00e9 civile, en particulier dans le contexte d\u2019un renforcement per\u00e7u d\u2019opinions et d\u2019initiatives plus conservatrices sur cette question.&nbsp;<\/p>\n\n\n\n<p class=\"wp-block-paragraph\"><strong>Espagne<\/strong> : En Espagne, l&rsquo;interruption volontaire de grossesse est r\u00e9gie depuis 2010 par une loi vot\u00e9e sous le gouvernement socialiste de Jos\u00e9 Luis Rodr\u00edguez Zapatero. La loi a \u00e9t\u00e9 approuv\u00e9e en 2023 par la Cour constitutionnelle, qui a consacr\u00e9 le droit des femmes de d\u00e9cider \u00ab de mani\u00e8re autonome et sans coercition \u00bb de poursuivre ou non leur grossesse, un droit ex\u00e9cutoire par l\u2019administration publique. Il permet une IVG dans les 14 premi\u00e8res semaines. La loi reconna\u00eet \u00e9galement la possibilit\u00e9 d\u2019interrompre une grossesse jusqu\u2019\u00e0 la 22e semaine s\u2019il existe un \u00ab risque s\u00e9rieux \u00bb de pathologie f\u0153tale ou lorsque la vie de la m\u00e8re est en danger.&nbsp;<\/p>\n\n\n\n<p class=\"wp-block-paragraph\"><strong>Su\u00e8de<\/strong> : En Su\u00e8de, le gouvernement \u00e9tudie actuellement la mani\u00e8re de moderniser la loi sur l&rsquo;avortement de 1975 afin de permettre aux femmes de pratiquer plus facilement des IVG \u00e0 domicile, en toute s\u00e9curit\u00e9. La plupart commencent dans une clinique ou un h\u00f4pital, avec des m\u00e9dicaments administr\u00e9s aux patientes, puis son finalis\u00e9es \u00e0 domicile. Les avortements sont l\u00e9gaux en Su\u00e8de depuis 1938, la l\u00e9gislation actuelle les autorisant jusqu&rsquo;\u00e0 la 18e semaine.<\/p>\n\n\n\n<p class=\"wp-block-paragraph\">&nbsp;<em>Cet article est publi\u00e9 chaque semaine. Le contenu est bas\u00e9 sur les informations des agences participant \u00e0 l&rsquo;ENR.<\/em><\/p>\n","protected":false},"excerpt":{"rendered":"<p>Dans une d\u00e9marche pionni\u00e8re lanc\u00e9e juste \u00e0 temps pour la Journ\u00e9e internationale des droits des femmes le 8 mars, les l\u00e9gislateurs fran\u00e7ais ont vot\u00e9 pour inscrire le droit \u00e0 l\u2019avortement dans la constitution du pays. Dans le m\u00eame temps, hommes politiques et experts mettent en garde contre les pressions que ce droit subit partout dans le monde. En Europe, il varie d\u2019un pays \u00e0 l\u2019autre, certains \u00e9tant plus restrictifs que d\u2019autres.<\/p>\n","protected":false},"author":21,"featured_media":215831,"comment_status":"closed","ping_status":"closed","sticky":false,"template":"","format":"standard","meta":{"_acf_changed":false,"_et_pb_use_builder":"","_et_pb_old_content":"","_et_gb_content_width":"","footnotes":""},"categories":[39],"tags":[999,8685,2453],"class_list":["post-215905","post","type-post","status-publish","format-standard","has-post-thumbnail","hentry","category-key-story","tag-avortement","tag-femmes","tag-sante"],"acf":[],"_links":{"self":[{"href":"https:\/\/europeannewsroom.com\/fr\/wp-json\/wp\/v2\/posts\/215905","targetHints":{"allow":["GET"]}}],"collection":[{"href":"https:\/\/europeannewsroom.com\/fr\/wp-json\/wp\/v2\/posts"}],"about":[{"href":"https:\/\/europeannewsroom.com\/fr\/wp-json\/wp\/v2\/types\/post"}],"author":[{"embeddable":true,"href":"https:\/\/europeannewsroom.com\/fr\/wp-json\/wp\/v2\/users\/21"}],"replies":[{"embeddable":true,"href":"https:\/\/europeannewsroom.com\/fr\/wp-json\/wp\/v2\/comments?post=215905"}],"version-history":[{"count":0,"href":"https:\/\/europeannewsroom.com\/fr\/wp-json\/wp\/v2\/posts\/215905\/revisions"}],"wp:featuredmedia":[{"embeddable":true,"href":"https:\/\/europeannewsroom.com\/fr\/wp-json\/wp\/v2\/media\/215831"}],"wp:attachment":[{"href":"https:\/\/europeannewsroom.com\/fr\/wp-json\/wp\/v2\/media?parent=215905"}],"wp:term":[{"taxonomy":"category","embeddable":true,"href":"https:\/\/europeannewsroom.com\/fr\/wp-json\/wp\/v2\/categories?post=215905"},{"taxonomy":"post_tag","embeddable":true,"href":"https:\/\/europeannewsroom.com\/fr\/wp-json\/wp\/v2\/tags?post=215905"}],"curies":[{"name":"wp","href":"https:\/\/api.w.org\/{rel}","templated":true}]}}