{"id":217559,"date":"2024-03-12T22:24:11","date_gmt":"2024-03-12T21:24:11","guid":{"rendered":"https:\/\/europeannewsroom.dpa.com\/?p=217559"},"modified":"2024-03-12T22:24:21","modified_gmt":"2024-03-12T21:24:21","slug":"ue-ukraine-les-agriculteurs-francais-restent-mobilises","status":"publish","type":"post","link":"https:\/\/europeannewsroom.com\/fr\/ue-ukraine-les-agriculteurs-francais-restent-mobilises\/","title":{"rendered":"UE\/Ukraine\u00a0: les agriculteurs fran\u00e7ais restent mobilis\u00e9s"},"content":{"rendered":"\n<p class=\"wp-block-paragraph\">Paris &#8211; \u00ab\u00a0Les c\u00e9r\u00e9aliers ne comprennent pas que les discours du plus haut niveau de l&rsquo;Etat, du pr\u00e9sident de la R\u00e9publique comme du Premier ministre, ne soient pas suivis d&rsquo;effets\u00a0\u00bb, a d\u00e9clar\u00e9 mardi soir \u00e0 l&rsquo;AFP Eric Thirouin, pr\u00e9sident de l&rsquo;Association g\u00e9n\u00e9rale des producteurs de bl\u00e9 et autres c\u00e9r\u00e9ales (AGPB).<\/p>\n\n\n\n<p class=\"wp-block-paragraph\">\u00ab\u00a0Si rien ne se passe, il para\u00eet in\u00e9vitable\u00a0\u00bb que la mobilisation reprenne dans la rue, juge-t-il.<\/p>\n\n\n\n<p class=\"wp-block-paragraph\">Pour r\u00e9pondre \u00e0 la col\u00e8re des agriculteurs, Bruxelles a propos\u00e9 fin janvier d&rsquo;instaurer pour les produits \u00ab\u00a0sensibles\u00a0\u00bb &#8211; volaille, \u0153ufs et sucre -, un \u00ab\u00a0frein d&rsquo;urgence\u00a0\u00bb pour limiter le volume des importations aux niveaux moyens observ\u00e9s en 2022 et 2023, niveaux au-del\u00e0 desquels des droits de douane seraient r\u00e9impos\u00e9s.<\/p>\n\n\n\n<p class=\"wp-block-paragraph\">Ces mesures de restriction, d\u00e9j\u00e0 approuv\u00e9es par les Vingt-Sept, doivent faire l&rsquo;objet d&rsquo;un vote mercredi au Parlement europ\u00e9en. Les c\u00e9r\u00e9aliers r\u00e9clament que ces restrictions soient \u00e9galement appliqu\u00e9es aux bl\u00e9, ma\u00efs et orges ukrainiens.<\/p>\n","protected":false},"excerpt":{"rendered":"<p>Les c\u00e9r\u00e9aliers fran\u00e7ais estiment \u00ab\u00a0in\u00e9vitable\u00a0\u00bb que leurs manifestations reprennent, si les importations de c\u00e9r\u00e9ales d\u2019Ukraine ne sont pas frein\u00e9es, avant un vote sur le sujet au Parlement europ\u00e9en.<\/p>\n","protected":false},"author":21,"featured_media":217601,"comment_status":"closed","ping_status":"closed","sticky":false,"template":"","format":"standard","meta":{"_acf_changed":false,"_et_pb_use_builder":"","_et_pb_old_content":"","_et_gb_content_width":"","footnotes":""},"categories":[45],"tags":[2187,9770],"class_list":["post-217559","post","type-post","status-publish","format-standard","has-post-thumbnail","hentry","category-europe-in-brief","tag-agriculture-3","tag-parlement-2"],"acf":[],"_links":{"self":[{"href":"https:\/\/europeannewsroom.com\/fr\/wp-json\/wp\/v2\/posts\/217559","targetHints":{"allow":["GET"]}}],"collection":[{"href":"https:\/\/europeannewsroom.com\/fr\/wp-json\/wp\/v2\/posts"}],"about":[{"href":"https:\/\/europeannewsroom.com\/fr\/wp-json\/wp\/v2\/types\/post"}],"author":[{"embeddable":true,"href":"https:\/\/europeannewsroom.com\/fr\/wp-json\/wp\/v2\/users\/21"}],"replies":[{"embeddable":true,"href":"https:\/\/europeannewsroom.com\/fr\/wp-json\/wp\/v2\/comments?post=217559"}],"version-history":[{"count":0,"href":"https:\/\/europeannewsroom.com\/fr\/wp-json\/wp\/v2\/posts\/217559\/revisions"}],"wp:featuredmedia":[{"embeddable":true,"href":"https:\/\/europeannewsroom.com\/fr\/wp-json\/wp\/v2\/media\/217601"}],"wp:attachment":[{"href":"https:\/\/europeannewsroom.com\/fr\/wp-json\/wp\/v2\/media?parent=217559"}],"wp:term":[{"taxonomy":"category","embeddable":true,"href":"https:\/\/europeannewsroom.com\/fr\/wp-json\/wp\/v2\/categories?post=217559"},{"taxonomy":"post_tag","embeddable":true,"href":"https:\/\/europeannewsroom.com\/fr\/wp-json\/wp\/v2\/tags?post=217559"}],"curies":[{"name":"wp","href":"https:\/\/api.w.org\/{rel}","templated":true}]}}