{"id":218339,"date":"2024-03-14T17:23:05","date_gmt":"2024-03-14T16:23:05","guid":{"rendered":"https:\/\/europeannewsroom.dpa.com\/?p=218339"},"modified":"2024-03-14T17:23:16","modified_gmt":"2024-03-14T16:23:16","slug":"hydrogene-lindustrie-europeenne-ninvestit-pas-assez","status":"publish","type":"post","link":"https:\/\/europeannewsroom.com\/fr\/hydrogene-lindustrie-europeenne-ninvestit-pas-assez\/","title":{"rendered":"Hydrog\u00e8ne : l&rsquo;industrie europ\u00e9enne n\u2019investit pas assez"},"content":{"rendered":"\n<p class=\"wp-block-paragraph\">Paris &#8211; L&rsquo;industrie europ\u00e9enne (sid\u00e9rurgie, a\u00e9ronautique, automobile, raffinage, chimie\u2026) ne sera pas en mesure de respecter les objectifs climatiques du Vieux Continent \u00e0 l\u2019horizon 2050, car elle n&rsquo;investit pas assez dans l&rsquo;hydrog\u00e8ne bas carbone, montre une \u00e9tude du Commissariat \u00e0 l&rsquo;\u00e9nergie atomique (CEA) publi\u00e9e le 14 mars.<\/p>\n\n\n\n<p class=\"wp-block-paragraph\">L&rsquo;\u00e9tude \u00ab\u00a0Sisyphe\u00a0\u00bb men\u00e9e par deux \u00e9quipes de chercheurs de cet \u00e9tablissement public fran\u00e7ais, fond\u00e9e sur des entretiens avec quelque 70 gros industriels du continent europ\u00e9en, montre que la demande industrielle en hydrog\u00e8ne bas carbone s&rsquo;\u00e9l\u00e8vera \u00e0 seulement 2,5 millions de tonnes par an d&rsquo;ici 2030 et 9 millions de tonnes \u00e0 l&rsquo;horizon 2040.<\/p>\n\n\n\n<p class=\"wp-block-paragraph\">Or, pour parvenir \u00e0 l&rsquo;objectif \u00ab\u00a0ambitieux\u00a0\u00bb fix\u00e9 par la Commission europ\u00e9enne de produire dans l&rsquo;industrie sans \u00e9mettre de CO2 suppl\u00e9mentaire d&rsquo;ici 2050, l&rsquo;Europe aura besoin de 20 millions de tonnes d&rsquo;hydrog\u00e8ne bas carbone par an d\u00e8s 2030, dont la moiti\u00e9 produite sur le sol europ\u00e9en, rappelle l&rsquo;\u00e9tude.<\/p>\n","protected":false},"excerpt":{"rendered":"<p>Les investissements europ\u00e9ens dans l\u2019hydrog\u00e8ne bas carbone sont trop faibles, ce qui risque de compromettre les efforts pour atteindre les objectifs climatiques de l\u2019UE \u00e0 l\u2019horizon 2050, selon un rapport fran\u00e7ais.  <\/p>\n","protected":false},"author":21,"featured_media":218346,"comment_status":"closed","ping_status":"closed","sticky":false,"template":"","format":"standard","meta":{"_acf_changed":false,"_et_pb_use_builder":"","_et_pb_old_content":"","_et_gb_content_width":"","footnotes":""},"categories":[45],"tags":[1903,2659],"class_list":["post-218339","post","type-post","status-publish","format-standard","has-post-thumbnail","hentry","category-europe-in-brief","tag-climat","tag-energie-4"],"acf":[],"_links":{"self":[{"href":"https:\/\/europeannewsroom.com\/fr\/wp-json\/wp\/v2\/posts\/218339","targetHints":{"allow":["GET"]}}],"collection":[{"href":"https:\/\/europeannewsroom.com\/fr\/wp-json\/wp\/v2\/posts"}],"about":[{"href":"https:\/\/europeannewsroom.com\/fr\/wp-json\/wp\/v2\/types\/post"}],"author":[{"embeddable":true,"href":"https:\/\/europeannewsroom.com\/fr\/wp-json\/wp\/v2\/users\/21"}],"replies":[{"embeddable":true,"href":"https:\/\/europeannewsroom.com\/fr\/wp-json\/wp\/v2\/comments?post=218339"}],"version-history":[{"count":0,"href":"https:\/\/europeannewsroom.com\/fr\/wp-json\/wp\/v2\/posts\/218339\/revisions"}],"wp:featuredmedia":[{"embeddable":true,"href":"https:\/\/europeannewsroom.com\/fr\/wp-json\/wp\/v2\/media\/218346"}],"wp:attachment":[{"href":"https:\/\/europeannewsroom.com\/fr\/wp-json\/wp\/v2\/media?parent=218339"}],"wp:term":[{"taxonomy":"category","embeddable":true,"href":"https:\/\/europeannewsroom.com\/fr\/wp-json\/wp\/v2\/categories?post=218339"},{"taxonomy":"post_tag","embeddable":true,"href":"https:\/\/europeannewsroom.com\/fr\/wp-json\/wp\/v2\/tags?post=218339"}],"curies":[{"name":"wp","href":"https:\/\/api.w.org\/{rel}","templated":true}]}}