{"id":221363,"date":"2024-03-22T14:13:42","date_gmt":"2024-03-22T13:13:42","guid":{"rendered":"https:\/\/europeannewsroom.dpa.com\/?p=221363"},"modified":"2024-03-22T14:13:49","modified_gmt":"2024-03-22T13:13:49","slug":"lenergie-nucleaire-est-de-retour-et-ses-partisans-adoptent-une-declaration-a-bruxelles","status":"publish","type":"post","link":"https:\/\/europeannewsroom.com\/fr\/lenergie-nucleaire-est-de-retour-et-ses-partisans-adoptent-une-declaration-a-bruxelles\/","title":{"rendered":"L&rsquo;\u00e9nergie nucl\u00e9aire est de retour et ses partisans adoptent une d\u00e9claration \u00e0 Bruxelles"},"content":{"rendered":"\n<p class=\"wp-block-paragraph\">&nbsp;La promotion de l\u2019\u00e9nergie nucl\u00e9aire est longtemps rest\u00e9e un tabou \u00e0 Bruxelles, mais un sommet tr\u00e8s m\u00e9diatis\u00e9 sur le sujet a envoy\u00e9 le message que cette industrie \u2013 d\u00e9sormais pr\u00e9sent\u00e9e par ses champions comme la cl\u00e9 de la lutte contre le changement climatique \u2013 est de retour.<\/p>\n\n\n\n<p class=\"wp-block-paragraph\">Lors du sommet, 32 pays qui exploitent actuellement des centrales nucl\u00e9aires ou cherchent \u00e0 les d\u00e9velopper dans le monde entier ont adopt\u00e9 une D\u00e9claration sur l&rsquo;\u00e9nergie nucl\u00e9aire. Selon un communiqu\u00e9 de presse, l&rsquo;Agence internationale de l&rsquo;\u00e9nergie atomique (AIEA) et les pays signataires r\u00e9affirment leur \u00ab&nbsp;ferme engagement en faveur de l&rsquo;\u00e9nergie nucl\u00e9aire en tant qu&rsquo;\u00e9l\u00e9ment cl\u00e9 de (leur) strat\u00e9gie mondiale visant \u00e0 r\u00e9duire les \u00e9missions de gaz \u00e0 effet de serre des secteurs \u00e9nerg\u00e9tique et industriel, \u00e0 garantir la s\u00e9curit\u00e9 \u00e9nerg\u00e9tique, \u00e0 am\u00e9liorer la r\u00e9silience \u00e9nerg\u00e9tique et promouvoir le d\u00e9veloppement durable \u00e0 long terme et la transition \u00e9nerg\u00e9tique propre&nbsp;\u00bb.&nbsp;<\/p>\n\n\n\n<p class=\"wp-block-paragraph\">Le premier sommet de l\u2019AIEA organis\u00e9 pour promouvoir l\u2019\u00e9nergie nucl\u00e9aire a r\u00e9uni des repr\u00e9sentants d\u2019une cinquantaine de pays \u2013 membres de l\u2019UE mais aussi les \u00c9tats-Unis et la Chine \u2013 et 25 dirigeants, dont le pr\u00e9sident fran\u00e7ais Emmanuel Macron. Le directeur g\u00e9n\u00e9ral de l&rsquo;AIEA, Rafael Grossi, a rappel\u00e9 que lors de la conf\u00e9rence sur le climat COP28, il avait \u00e9t\u00e9 convenu d&rsquo;\u00ab&nbsp;acc\u00e9l\u00e9rer&nbsp;\u00bb le d\u00e9ploiement de l&rsquo;\u00e9nergie nucl\u00e9aire.<\/p>\n\n\n\n<p class=\"wp-block-paragraph\">Commentant le sommet, Michael Bloss, responsable politique allemand du climat pour les Verts au Parlement europ\u00e9en, a d\u00e9clar\u00e9:<\/p>\n\n\n\n<blockquote class=\"wp-block-quote is-layout-flow wp-block-quote-is-layout-flow\">\n<p class=\"wp-block-paragraph\"><strong>\u00ab L\u2019\u00e9nergie nucl\u00e9aire est une impasse co\u00fbteuse. C\u2019est un jeu de subventions massives qui n\u2019est pas rentable, tout simplement. Il a ajout\u00e9 que \u00ab la construction de centrales nucl\u00e9aires co\u00fbte incroyablement cher, prend du temps et ne fournit m\u00eame pas assez d\u2019\u00e9lectricit\u00e9 \u00bb.<\/strong><\/p>\n<cite>Michael Bloss, d\u00e9put\u00e9 europ\u00e9en Verts\/ALE<\/cite><\/blockquote>\n\n\n\n<p class=\"wp-block-paragraph\">&nbsp;Au sein de l\u2019UE, le d\u00e9bat sur le nucl\u00e9aire divise les \u00c9tats membres. Un groupe \u2013 comprenant l\u2019Allemagne, l\u2019Espagne, l\u2019Autriche et le Luxembourg \u2013 s\u2019oppose clairement \u00e0 son d\u00e9veloppement, tandis qu\u2019un autre groupe \u2013 comprenant la France, la Finlande, la Hongrie et la Roumanie \u2013 d\u00e9fend son potentiel.&nbsp;<\/p>\n\n\n\n<p class=\"wp-block-paragraph\">Les partisans du nucl\u00e9aire le pr\u00e9sentent comme un moyen d\u2019atteindre la neutralit\u00e9 carbone d\u2019ici 2050, conform\u00e9ment aux objectifs climatiques de l\u2019UE. Ceux qui s\u2019opposent au d\u00e9veloppement de cette \u00e9nergie en Europe soulignent les risques \u00e9lev\u00e9s, comme l\u2019ont montr\u00e9 les catastrophes des r\u00e9acteurs de Tchernobyl (1986), \u00e0 l\u2019\u00e9poque en Union sovi\u00e9tique, et de Fukushima, au Japon (2011).\u00a0<\/p>\n\n\n\n<p class=\"wp-block-paragraph\">En 2021, la cheffe de la Commission europ\u00e9enne, Ursula von der Leyen, a fait la une des journaux en affirmant que l\u2019UE avait besoin du nucl\u00e9aire comme \u00ab\u00a0source stable\u00a0\u00bb d\u2019\u00e9nergie, et Bruxelles l\u2019a ensuite class\u00e9 sur sa liste des investissements durables.\u00a0<\/p>\n\n\n\n<p class=\"wp-block-paragraph\">Des r\u00e9acteurs nucl\u00e9aires sont actuellement en service dans douze des 27 pays membres de l&rsquo;UE et deux nouvelles centrales sont en construction en Slovaquie et en France. La plupart se situent en France. La Pologne a \u00e9galement l&rsquo;intention de relancer un programme d&rsquo;\u00e9nergie nucl\u00e9aire et la R\u00e9publique tch\u00e8que envisage de construire de nouveaux r\u00e9acteurs, m\u00eame si l&rsquo;on ne sait pas encore exactement combien.&nbsp;<\/p>\n\n\n\n<h2 class=\"wp-block-heading\"><strong>La France : championne du nucl\u00e9aire dans l\u2019UE<\/strong>&nbsp;<\/h2>\n\n\n\n<p class=\"wp-block-paragraph\">Au cours des deux derni\u00e8res ann\u00e9es, la France, pionni\u00e8re dans ce domaine, a jou\u00e9 un r\u00f4le d\u00e9cisif en \u00e9laborant une r\u00e9glementation plus favorable et en remettant le nucl\u00e9aire \u00e0 l\u2019ordre du jour de l\u2019UE. 56 des 100 centrales nucl\u00e9aires europ\u00e9ennes se trouvent en France. La construction de 14 nouvelles, voire davantage, est envisag\u00e9e.\u00a0<\/p>\n\n\n\n<p class=\"wp-block-paragraph\">En tant que puissance nucl\u00e9aire, la France ne se limite pas \u00e0 son approvisionnement \u00e9nerg\u00e9tique : le minist\u00e8re fran\u00e7ais de la D\u00e9fense a r\u00e9cemment annonc\u00e9 qu\u2019il souhaitait enrichir des mati\u00e8res contenant du lithium dans deux r\u00e9acteurs de la centrale de la petite ville de Civaux, dans le centre du pays. Le tritium, \u00ab&nbsp;un gaz rare indispensable aux armes de dissuasion&nbsp;\u00bb, en sera ensuite extrait.&nbsp;<\/p>\n\n\n\n<p class=\"wp-block-paragraph\">La France est le seul membre de l&rsquo;Union europ\u00e9enne \u00e0 poss\u00e9der des armes nucl\u00e9aires, depuis la sortie officielle du Royaume-Uni en 2020. Le minist\u00e8re fran\u00e7ais de la D\u00e9fense a annonc\u00e9 une collaboration avec \u00c9lectricit\u00e9 de France (EDF), la principale entreprise \u00e9nerg\u00e9tique du pays, pour produire du tritium.&nbsp;<\/p>\n\n\n\n<p class=\"wp-block-paragraph\">D\u00e9but 2023, la France a \u00e9t\u00e9 \u00e0 l\u2019avant-garde du lancement d\u2019une \u00ab&nbsp;alliance nucl\u00e9aire&nbsp;\u00bb regroupant une douzaine de membres de l\u2019UE, dont la Pologne, la Bulgarie, la Finlande et les Pays-Bas, dans le but de peser sur la politique \u00e9nerg\u00e9tique.&nbsp;<\/p>\n\n\n\n<p class=\"wp-block-paragraph\">La France et la Bulgarie ont sign\u00e9 en f\u00e9vrier un accord dans le domaine de l&rsquo;\u00e9nergie nucl\u00e9aire, permettant aux entreprises industrielles des deux pays de participer \u00e0 la maintenance des centrales \u00e9lectriques existantes et \u00e0 de nouveaux projets.&nbsp;<\/p>\n\n\n\n<p class=\"wp-block-paragraph\">En janvier, le ministre bulgare de l&rsquo;Energie Rumen Radev et le secr\u00e9taire adjoint am\u00e9ricain \u00e0 l&rsquo;Energie pour les Affaires internationales Andrew Light ont \u00e9galement sign\u00e9 un accord intergouvernemental de coop\u00e9ration sur un projet nucl\u00e9aire sur le site de la centrale de Kozloduy et un programme nucl\u00e9aire civil en Bulgarie. Le 21 mars, le Parlement bulgare a vot\u00e9 la ratification de l&rsquo;accord.&nbsp;<\/p>\n\n\n\n<p class=\"wp-block-paragraph\">Le fran\u00e7ais EDF est \u00e9galement en lice pour la construction d&rsquo;un nouveau r\u00e9acteur \u00e0 Dukovany (R\u00e9publique tch\u00e8que), aux c\u00f4t\u00e9s du sud-cor\u00e9en KHNP. Le gouvernement tch\u00e8que attend des offres officielles pour avril. Les contrats devraient \u00eatre sign\u00e9s fin 2024 et d\u00e9but 2025 et le premier r\u00e9acteur devrait entrer en service en 2036.\u00a0<\/p>\n\n\n\n<h2 class=\"wp-block-heading\"><strong>Les ambitions europ\u00e9ennes montent&nbsp;<\/strong><\/h2>\n\n\n\n<p class=\"wp-block-paragraph\">La Roumanie entend devenir un leader r\u00e9gional dans le domaine de l&rsquo;\u00e9nergie nucl\u00e9aire, a d\u00e9clar\u00e9 son pr\u00e9sident Klaus Iohannis lors du sommet \u00e0 Bruxelles. Il a soulign\u00e9 que le changement climatique repr\u00e9sente \u00ab&nbsp;un d\u00e9fi mondial&nbsp;\u00bb qui n\u00e9cessite une action coordonn\u00e9e et des mesures ambitieuses.&nbsp;<\/p>\n\n\n\n<p class=\"wp-block-paragraph\">La Serbie voisine n&rsquo;a aucune exp\u00e9rience en mati\u00e8re d&rsquo;\u00e9nergie nucl\u00e9aire, a indiqu\u00e9 le pr\u00e9sident serbe Aleksandar Vu\u010di\u0107 lors du sommet. La Serbie, a-t-il dit, est confront\u00e9e \u00e0 trois probl\u00e8mes : le manque de savoir-faire et d&rsquo;experts, le manque de financement et l&rsquo;\u00e9tat d&rsquo;esprit actuel de la population. Il a ajout\u00e9 que la Serbie souhaitait acqu\u00e9rir au moins quatre petits r\u00e9acteurs modulaires (SMR), mais a soulign\u00e9 qu&rsquo;elle aurait besoin du soutien financier des principaux \u00c9tats de l&rsquo;UE.&nbsp;<\/p>\n\n\n\n<p class=\"wp-block-paragraph\">En Slov\u00e9nie, une centrale nucl\u00e9aire est en service depuis 1983 \u00e0 Kr\u0161ko, pr\u00e8s de la fronti\u00e8re avec la Croatie. Elle produit environ 40 pour cent de l\u2019\u00e9lectricit\u00e9 du pays, et la moiti\u00e9 de cette \u00e9nergie appartient \u00e0 la Croatie, copropri\u00e9taire de l\u2019usine. En novembre, les citoyens slov\u00e8nes devraient voter lors d&rsquo;un r\u00e9f\u00e9rendum consultatif sur la construction d&rsquo;une nouvelle centrale nucl\u00e9aire (Jek2), \u00e9galement \u00e0 Kr\u0161ko.<\/p>\n\n\n\n<p class=\"wp-block-paragraph\">La Su\u00e8de poss\u00e8de actuellement six r\u00e9acteurs nucl\u00e9aires en activit\u00e9, \u00e0 Forsmark, Oskarshamn et Ringhals, tous construits dans les ann\u00e9es 1980. Six r\u00e9acteurs plus anciens ont \u00e9t\u00e9 ferm\u00e9s entre 1999 et 2020. Parmi eux, la centrale de Barseb\u00e4ck, qui \u2013 situ\u00e9e dans le sud de la Su\u00e8de, pr\u00e8s du Danemark \u2013 a \u00e9t\u00e9 critiqu\u00e9e pendant de nombreuses ann\u00e9es par le pays voisin.&nbsp;<\/p>\n\n\n\n<p class=\"wp-block-paragraph\">En Su\u00e8de, la question de l&rsquo;\u00e9nergie nucl\u00e9aire a \u00e9t\u00e9 l&rsquo;un des principaux enjeux politiques de ces derni\u00e8res ann\u00e9es. Au lieu de supprimer progressivement le r\u00e9seau, comme cela a \u00e9t\u00e9 d\u00e9cid\u00e9 apr\u00e8s un r\u00e9f\u00e9rendum non contraignant en 1979, le gouvernement de droite actuel pr\u00e9pare une forte mont\u00e9e en puissance avec la construction de nouveaux r\u00e9acteurs, petits et grands. Apr\u00e8s de nombreuses ann\u00e9es de critiques, l\u2019\u00e9nergie nucl\u00e9aire gagne de plus en plus en popularit\u00e9 aupr\u00e8s de la population et des partis politiques.<\/p>\n\n\n\n<figure class=\"wp-block-image size-full\"><img loading=\"lazy\" decoding=\"async\" width=\"1920\" height=\"1357\" src=\"https:\/\/europeannewsroom.com\/wp-content\/uploads\/2023\/11\/urnnewsmldpa.com20090101231024-99-683474-v3-s2048.jpeg\" alt=\"\" class=\"wp-image-180310\"\/><figcaption class=\"wp-element-caption\"><em>Les pales des turbines d&rsquo;un parc \u00e9olien \u00e9mergent du brouillard matinal (Photo : Jan Woitas\/dpa<\/em>) <\/figcaption><\/figure>\n\n\n\n<h2 class=\"wp-block-heading\"><strong>Les renouvelables toujours au c\u0153ur du d\u00e9bat \u00e9nerg\u00e9tique<\/strong><\/h2>\n\n\n\n<p class=\"wp-block-paragraph\">Malgr\u00e9 la position plus accommodante de l&rsquo;UE, le d\u00e9bat \u00ab&nbsp;nucl\u00e9aire contre renouvelables&nbsp;\u00bb alimente toujours une impasse entre Paris et Bruxelles : la France n&rsquo;a pas r\u00e9ussi \u00e0 atteindre les objectifs fix\u00e9s par l&rsquo;UE en mati\u00e8re d&rsquo;\u00e9nergies renouvelables en 2020, mais refuse de faire amende honorable \u2013 arguant que son empreinte carbone est suffisamment faible, gr\u00e2ce au nucl\u00e9aire.&nbsp;<\/p>\n\n\n\n<p class=\"wp-block-paragraph\">La position de la France n\u2019est pas appr\u00e9ci\u00e9e par de nombreux militants \u00e9cologistes \u2013 ainsi que par des pays membres de l\u2019UE comme l\u2019Espagne, l\u2019Autriche, l\u2019Allemagne et le Luxembourg, qui forment ensemble une alliance baptis\u00e9e \u00ab&nbsp;Amis des \u00e9nergies renouvelables&nbsp;\u00bb.<\/p>\n\n\n\n<p class=\"wp-block-paragraph\">L\u2019eurod\u00e9put\u00e9 vert allemand Michael Bloss a d\u00e9clar\u00e9 : \u00ab&nbsp;Nous devons intensifier nos efforts en faveur du d\u00e9veloppement des \u00e9nergies renouvelables. Relancer le d\u00e9bat nucl\u00e9aire maintenant ne fera que bloquer les progr\u00e8s. C\u2019est ainsi que nous mettons en p\u00e9ril notre leadership dans le Green Deal.&nbsp;\u00bb<\/p>\n\n\n\n<p class=\"wp-block-paragraph\">Le chancelier Olaf Scholz a rejet\u00e9 les appels en faveur d&rsquo;un retour \u00e0 l&rsquo;\u00e9nergie nucl\u00e9aire en Allemagne, soulignant les co\u00fbts \u00e9lev\u00e9s et les longs d\u00e9lais de construction. L&rsquo;\u00e9lectricit\u00e9 provenant des centrales nucl\u00e9aires co\u00fbte beaucoup plus cher que l&rsquo;\u00e9lectricit\u00e9 provenant de l&rsquo;\u00e9olien, du solaire ou d&rsquo;autres sources, a d\u00e9clar\u00e9 Scholz.\u00a0<\/p>\n\n\n\n<p class=\"wp-block-paragraph\">Bien qu&rsquo;il ne poss\u00e8de pas de centrales nucl\u00e9aires, le Portugal dispose d&rsquo;une l\u00e9gislation \u00e9tendue en mati\u00e8re nucl\u00e9aire, notamment dans le domaine radiologique. Il existe de nombreux organismes dans diff\u00e9rents minist\u00e8res exer\u00e7ant des responsabilit\u00e9s dans ce domaine \u2013 par exemple pour contr\u00f4ler la centrale nucl\u00e9aire espagnole d\u2019Almaraz, qui utilise l\u2019eau du Tage (qui coule dans les deux pays) pour son refroidissement.&nbsp;<\/p>\n\n\n\n<p class=\"wp-block-paragraph\">L\u2019investissement se porte sur les sources d\u2019\u00e9nergies renouvelables qui ont fourni 61 pour cent de l\u2019\u00e9lectricit\u00e9 du Portugal en 2023, contre 49 pour cent un an plus t\u00f4t, atteignant un nouveau record apr\u00e8s des p\u00e9riodes de pluies abondantes, de forts vents et de bon ensoleillement, a d\u00e9clar\u00e9 l\u2019op\u00e9rateur de r\u00e9seau REN.\u00a0<\/p>\n\n\n\n<p class=\"wp-block-paragraph\">En dehors de l&rsquo;UE, la Mac\u00e9doine du Nord, par exemple, ne poss\u00e8de pas non plus de centrale nucl\u00e9aire, mais elle s&rsquo;est engag\u00e9e \u00e0 \u00e9liminer progressivement le charbon d&rsquo;ici 2027. Cet Etat a pr\u00e9par\u00e9 ses premi\u00e8res lois et des accords sur les investissements strat\u00e9giques pour faciliter et acc\u00e9l\u00e9rer le d\u00e9veloppement de centrales exploitant des sources renouvelables. Les quatre premiers projets sont les centrales solaires de Peh\u010devo et Stipion, une installation de cog\u00e9n\u00e9ration \u00e0 Skopje et une centrale photovolta\u00efque \u00e9quip\u00e9e aussi de moteurs \u00e0 gaz.&nbsp;<\/p>\n\n\n\n<p class=\"wp-block-paragraph\"><em>Cet article est publi\u00e9 chaque semaine. Le contenu est bas\u00e9 sur les informations des agences participant \u00e0 l&rsquo;ENR.<\/em><\/p>\n","protected":false},"excerpt":{"rendered":"<p>Lors du tout premier sommet sur l\u2019\u00e9nergie nucl\u00e9aire \u00e0 Bruxelles, un certain nombre de pays ont plaid\u00e9 en sa faveur comme moyen d\u2019atteindre la neutralit\u00e9 carbone dans l\u2019Union europ\u00e9enne en 2050. Mais ses adversaires mettent en garde contre les risques li\u00e9s \u00e0 un accroissement de sa production. Dans le m\u00eame temps, les renouvelables restent \u00e9galement au c\u0153ur du d\u00e9bat europ\u00e9en sur l\u2019\u00e9nergie et le climat. Dans quelle mesure l\u2019Europe est-elle divis\u00e9e sur le nucl\u00e9aire ?<\/p>\n","protected":false},"author":21,"featured_media":169815,"comment_status":"closed","ping_status":"closed","sticky":false,"template":"","format":"standard","meta":{"_acf_changed":false,"_et_pb_use_builder":"","_et_pb_old_content":"","_et_gb_content_width":"","footnotes":""},"categories":[39],"tags":[],"class_list":["post-221363","post","type-post","status-publish","format-standard","has-post-thumbnail","hentry","category-key-story"],"acf":[],"_links":{"self":[{"href":"https:\/\/europeannewsroom.com\/fr\/wp-json\/wp\/v2\/posts\/221363","targetHints":{"allow":["GET"]}}],"collection":[{"href":"https:\/\/europeannewsroom.com\/fr\/wp-json\/wp\/v2\/posts"}],"about":[{"href":"https:\/\/europeannewsroom.com\/fr\/wp-json\/wp\/v2\/types\/post"}],"author":[{"embeddable":true,"href":"https:\/\/europeannewsroom.com\/fr\/wp-json\/wp\/v2\/users\/21"}],"replies":[{"embeddable":true,"href":"https:\/\/europeannewsroom.com\/fr\/wp-json\/wp\/v2\/comments?post=221363"}],"version-history":[{"count":0,"href":"https:\/\/europeannewsroom.com\/fr\/wp-json\/wp\/v2\/posts\/221363\/revisions"}],"wp:featuredmedia":[{"embeddable":true,"href":"https:\/\/europeannewsroom.com\/fr\/wp-json\/wp\/v2\/media\/169815"}],"wp:attachment":[{"href":"https:\/\/europeannewsroom.com\/fr\/wp-json\/wp\/v2\/media?parent=221363"}],"wp:term":[{"taxonomy":"category","embeddable":true,"href":"https:\/\/europeannewsroom.com\/fr\/wp-json\/wp\/v2\/categories?post=221363"},{"taxonomy":"post_tag","embeddable":true,"href":"https:\/\/europeannewsroom.com\/fr\/wp-json\/wp\/v2\/tags?post=221363"}],"curies":[{"name":"wp","href":"https:\/\/api.w.org\/{rel}","templated":true}]}}