{"id":221569,"date":"2024-03-24T09:47:41","date_gmt":"2024-03-24T08:47:41","guid":{"rendered":"https:\/\/europeannewsroom.dpa.com\/?p=221569"},"modified":"2024-03-24T09:47:51","modified_gmt":"2024-03-24T08:47:51","slug":"importations-agricoles-dukraine-macron-veut-rouvrir-laccord-europeen","status":"publish","type":"post","link":"https:\/\/europeannewsroom.com\/fr\/importations-agricoles-dukraine-macron-veut-rouvrir-laccord-europeen\/","title":{"rendered":"Importations agricoles d\u2019Ukraine : Macron veut \u00ab\u00a0rouvrir\u00a0\u00bb l&rsquo;accord europ\u00e9en"},"content":{"rendered":"\n<p class=\"wp-block-paragraph\">Bruxelles &#8211; Le pr\u00e9sident fran\u00e7ais Emmanuel Macron a exprim\u00e9 vendredi son souhait de \u00ab\u00a0rouvrir\u00a0\u00bb l&rsquo;accord europ\u00e9en trouv\u00e9 le 20 mars pour reconduire pour un an l&rsquo;exemption douani\u00e8re accord\u00e9e \u00e0 l&rsquo;Ukraine, avec des restrictions que Paris juge insuffisantes.<\/p>\n\n\n\n<p class=\"wp-block-paragraph\">\u00ab\u00a0Il faut trouver un \u00e9quilibre\u00a0\u00bb, a indiqu\u00e9 Emmanuel Macron \u00e0 Bruxelles, soulignant que \u00ab\u00a0ces derniers mois, la production (ukrainienne) a flamb\u00e9\u00a0\u00bb, \u00ab\u00a0d\u00e9stabilisant\u00a0\u00bb le march\u00e9 europ\u00e9en.<\/p>\n\n\n\n<p class=\"wp-block-paragraph\">\u00ab\u00a0Aujourd&rsquo;hui, l&rsquo;Ukraine ne produit pas avec les r\u00e8gles de l&rsquo;Europe. On lui a donn\u00e9 une facilit\u00e9 li\u00e9e \u00e0 la guerre, mais on est en train d&rsquo;\u00e9roder l&rsquo;acceptabilit\u00e9 de l&rsquo;Ukraine (dans l&rsquo;opinion publique europ\u00e9enne) et des producteurs ukrainiens partout sur le march\u00e9 europ\u00e9en parce que ce n&rsquo;est pas juste\u00a0\u00bb, a-t-il d\u00e9nonc\u00e9.<\/p>\n\n\n\n<p class=\"wp-block-paragraph\">L&rsquo;accord pr\u00e9voit de plafonner les importations de volailles, \u0153ufs, sucre, ma\u00efs et avoine d&rsquo;Ukraine aux volumes de 2022-2023, niveaux au-dessus desquels des tarifs seront r\u00e9impos\u00e9s. Toutefois le bl\u00e9 et l&rsquo;orge ne sont pas inclus dans ce m\u00e9canisme.<\/p>\n","protected":false},"excerpt":{"rendered":"<p>Le pr\u00e9sident fran\u00e7ais sugg\u00e8re de revoir l\u2019accord sur les importations des produits agricoles ukrainiens dans l\u2019UE, pour \u00ab trouver un \u00e9quilibre \u00bb et r\u00e9pondre aux inqui\u00e9tudes des agriculteurs.<\/p>\n","protected":false},"author":21,"featured_media":221571,"comment_status":"closed","ping_status":"closed","sticky":false,"template":"","format":"standard","meta":{"_acf_changed":false,"_et_pb_use_builder":"","_et_pb_old_content":"","_et_gb_content_width":"","footnotes":""},"categories":[45],"tags":[2187],"class_list":["post-221569","post","type-post","status-publish","format-standard","has-post-thumbnail","hentry","category-europe-in-brief","tag-agriculture-3"],"acf":[],"_links":{"self":[{"href":"https:\/\/europeannewsroom.com\/fr\/wp-json\/wp\/v2\/posts\/221569","targetHints":{"allow":["GET"]}}],"collection":[{"href":"https:\/\/europeannewsroom.com\/fr\/wp-json\/wp\/v2\/posts"}],"about":[{"href":"https:\/\/europeannewsroom.com\/fr\/wp-json\/wp\/v2\/types\/post"}],"author":[{"embeddable":true,"href":"https:\/\/europeannewsroom.com\/fr\/wp-json\/wp\/v2\/users\/21"}],"replies":[{"embeddable":true,"href":"https:\/\/europeannewsroom.com\/fr\/wp-json\/wp\/v2\/comments?post=221569"}],"version-history":[{"count":0,"href":"https:\/\/europeannewsroom.com\/fr\/wp-json\/wp\/v2\/posts\/221569\/revisions"}],"wp:featuredmedia":[{"embeddable":true,"href":"https:\/\/europeannewsroom.com\/fr\/wp-json\/wp\/v2\/media\/221571"}],"wp:attachment":[{"href":"https:\/\/europeannewsroom.com\/fr\/wp-json\/wp\/v2\/media?parent=221569"}],"wp:term":[{"taxonomy":"category","embeddable":true,"href":"https:\/\/europeannewsroom.com\/fr\/wp-json\/wp\/v2\/categories?post=221569"},{"taxonomy":"post_tag","embeddable":true,"href":"https:\/\/europeannewsroom.com\/fr\/wp-json\/wp\/v2\/tags?post=221569"}],"curies":[{"name":"wp","href":"https:\/\/api.w.org\/{rel}","templated":true}]}}