{"id":223328,"date":"2024-03-27T14:50:45","date_gmt":"2024-03-27T13:50:45","guid":{"rendered":"https:\/\/europeannewsroom.dpa.com\/?p=223328"},"modified":"2024-03-27T14:50:51","modified_gmt":"2024-03-27T13:50:51","slug":"bosnie-herzegovine-les-dirigeants-de-lue-conviennent-douvrir-les-negociations-dadhesion","status":"publish","type":"post","link":"https:\/\/europeannewsroom.com\/fr\/bosnie-herzegovine-les-dirigeants-de-lue-conviennent-douvrir-les-negociations-dadhesion\/","title":{"rendered":"Bosnie-Herz\u00e9govine : les dirigeants de l\u2019UE conviennent d\u2019ouvrir les n\u00e9gociations d\u2019adh\u00e9sion"},"content":{"rendered":"\n<p class=\"wp-block-paragraph\">Les dirigeants de l&rsquo;UE ont convenu jeudi d&rsquo;ouvrir des n\u00e9gociations avec la Bosnie-Herz\u00e9govine (BiH) sur l&rsquo;adh\u00e9sion \u00e0 l\u2019Union, m\u00eame si les pourparlers ne commenceront pas tant que ce pays des Balkans n&rsquo;aura pas adopt\u00e9 des r\u00e9formes plus importantes.\u00a0<\/p>\n\n\n\n<p class=\"wp-block-paragraph\">\u00ab\u00a0Toutes nos f\u00e9licitations ! Votre place est dans notre famille europ\u00e9enne. La d\u00e9cision d\u2019aujourd\u2019hui est une \u00e9tape cl\u00e9 sur votre chemin vers l\u2019UE \u00bb, a \u00e9crit le chef du Conseil europ\u00e9en <strong>Charles Michel<\/strong> sur X (anciennement Twitter), alors que les dirigeants se r\u00e9unissaient pour un sommet \u00e0 Bruxelles le 22 mars.<\/p>\n\n\n\n<figure class=\"wp-block-image aligncenter size-full\"><img loading=\"lazy\" decoding=\"async\" width=\"573\" height=\"772\" src=\"https:\/\/europeannewsroom.com\/wp-content\/uploads\/2024\/03\/Michel.png\" alt=\"\" class=\"wp-image-223407\" srcset=\"https:\/\/europeannewsroom.com\/wp-content\/uploads\/2024\/03\/Michel.png 573w, https:\/\/europeannewsroom.com\/wp-content\/uploads\/2024\/03\/Michel-480x647.png 480w\" sizes=\"(min-width: 0px) and (max-width: 480px) 480px, (min-width: 481px) 573px, 100vw\" \/><\/figure>\n\n\n\n<p class=\"wp-block-paragraph\">\u00abMaintenant, il faut continuer \u00e0 travailler dur pour que la Bosnie-Herz\u00e9govine progresse r\u00e9guli\u00e8rement, comme le souhaite votre peuple\u00bb, a d\u00e9clar\u00e9 Charles Michel.\u00a0<\/p>\n\n\n\n<h2 class=\"wp-block-heading\">Il faut p<strong>lus de r\u00e9formes<\/strong> <\/h2>\n\n\n\n<p class=\"wp-block-paragraph\">La Bosnie-Herz\u00e9govine est officiellement candidate \u00e0 l\u2019adh\u00e9sion depuis 2022, mais a d\u00fb mettre en \u0153uvre un certain nombre de r\u00e9formes avant de recevoir le feu vert pour passer au stade suivant. La semaine derni\u00e8re, Bruxelles a d\u00e9clar\u00e9 que le pays avait franchi certaines \u00e9tapes requises, mais que des r\u00e9formes judiciaires et \u00e9lectorales restaient en suspens.&nbsp;<\/p>\n\n\n\n<p class=\"wp-block-paragraph\">La guerre men\u00e9e par la Russie contre l\u2019Ukraine a relanc\u00e9 la volont\u00e9 d\u2019\u00e9largissement de l\u2019UE \u00e0 l\u2019Europe centrale et orientale, les \u00c9tats membres \u00e9tant convenus en d\u00e9cembre d\u2019ouvrir des n\u00e9gociations avec l\u2019Ukraine et la Moldavie.&nbsp;<\/p>\n\n\n\n<p class=\"wp-block-paragraph\">La campagne pour l\u2019adh\u00e9sion de nouveaux membres fait partie d\u2019un effort visant \u00e0 lutter contre l\u2019influence russe et chinoise dans l\u2019arri\u00e8re-cour de l\u2019UE.&nbsp;<\/p>\n\n\n\n<p class=\"wp-block-paragraph\">La pr\u00e9sidente de la Commission europ\u00e9enne, <strong>Ursula von der Leyen<\/strong>, a d\u00e9clar\u00e9 que la Bosnie \u00e9tait d\u00e9sormais \u00ab pleinement align\u00e9e \u00bb sur la politique \u00e9trang\u00e8re et de s\u00e9curit\u00e9 de l\u2019UE, qu\u2019elle avait am\u00e9lior\u00e9 sa gestion des flux migratoires et qu\u2019elle avait adopt\u00e9 des lois pour lutter \u00e0 la fois contre le blanchiment d\u2019argent et le financement du terrorisme.<\/p>\n\n\n\n<p class=\"wp-block-paragraph\">Elle s\u2019est f\u00e9licit\u00e9e de l\u2019accord donn\u00e9 par la Bosnie-Herz\u00e9govine pour inclure les jugements du Tribunal p\u00e9nal international pour l\u2019ex-Yougoslavie (TPIY) dans les casiers judiciaires nationaux.&nbsp;<\/p>\n\n\n\n<p class=\"wp-block-paragraph\">Von der Leyen a not\u00e9 de nouvelles avanc\u00e9es vers le dialogue et la r\u00e9conciliation au lendemain de la guerre ayant d\u00e9chir\u00e9 le pays entre 1992 et 1995, avec la cr\u00e9ation d&rsquo;un nouveau comit\u00e9 de consolidation de la paix.&nbsp;<\/p>\n\n\n\n<p class=\"wp-block-paragraph\">L\u2019ouverture de n\u00e9gociations n\u2019est que le d\u00e9but d\u2019un long processus de r\u00e9formes laborieuses qui prennent g\u00e9n\u00e9ralement plusieurs ann\u00e9es avant qu\u2019un pays n\u2019adh\u00e8re finalement \u00e0 l\u2019UE. Le pr\u00e9sident de la Republika Srpska, \u00e0 majorit\u00e9 serbe, Milorad Dodik, qui reste un alli\u00e9 du Kremlin, exerce depuis des ann\u00e9es une \u00e9norme influence sur l\u2019entit\u00e9 serbe de la f\u00e9d\u00e9ration et a fr\u00e9quemment attis\u00e9 les tensions ethniques, mettant ainsi en p\u00e9ril l\u2019adh\u00e9sion de la Bosnie \u00e0 l\u2019UE.\u00a0<\/p>\n\n\n\n<p class=\"wp-block-paragraph\">Les voisins r\u00e9gionaux de la Bosnie, la Mac\u00e9doine du Nord, le Mont\u00e9n\u00e9gro, la Serbie et l\u2019Albanie, sont d\u00e9j\u00e0 en avance dans leurs efforts d\u2019adh\u00e9sion, mais ils sont tous encore loin d\u2019y parvenir.<\/p>\n\n\n\n<h2 class=\"wp-block-heading\"><strong>Obstacles \u00e0 l\u2019adh\u00e9sion<\/strong><\/h2>\n\n\n\n<p class=\"wp-block-paragraph\">La d\u00e9cision d\u2019ouvrir des n\u00e9gociations d\u2019adh\u00e9sion avec la Bosnie-Herz\u00e9govine s\u2019est heurt\u00e9e \u00e0 une forte opposition d\u2019un groupe d\u2019\u00c9tats membres, dont les Pays-Bas, le Danemark, la France et l\u2019Estonie. Ces derniers ont fait valoir que les progr\u00e8s du pays sur la voie europ\u00e9enne \u00e9taient encore limit\u00e9s.&nbsp;<\/p>\n\n\n\n<p class=\"wp-block-paragraph\">Le Parlement n\u00e9erlandais envisageait de bloquer le d\u00e9but des n\u00e9gociations d\u2019adh\u00e9sion, mais n\u2019a finalement pas li\u00e9 les mains du Premier ministre Mark Rutte. Rutte a averti qu&rsquo;un veto causerait \u00ab&nbsp;d&rsquo;\u00e9normes dommages&nbsp;\u00bb aux Pays-Bas et a convaincu une majorit\u00e9 d&rsquo;opter pour une r\u00e9solution plus cl\u00e9mente. Le Parlement a demand\u00e9 \u00e0 Rutte de bloquer un accord sur le cadre de n\u00e9gociation, une \u00e9tape proc\u00e9durale avant que les v\u00e9ritables n\u00e9gociations puissent commencer, jusqu&rsquo;\u00e0 ce que la Bosnie-Herz\u00e9govine ait satisfait aux huit exigences suppl\u00e9mentaires fix\u00e9es par la Commission europ\u00e9enne \u00e0 la fin de l&rsquo;ann\u00e9e derni\u00e8re. Il a ainsi pu se mettre d&rsquo;accord sur le feu vert symbolique pour l&rsquo;ouverture des n\u00e9gociations d&rsquo;adh\u00e9sion.<\/p>\n\n\n\n<p class=\"wp-block-paragraph\">D\u2019autre part, le groupe des \u00ab Amis des Balkans \u00bb, qui comprend plusieurs \u00c9tats comme l\u2019Autriche, la Croatie, l\u2019Italie, la Hongrie et la Slov\u00e9nie, a acc\u00e9l\u00e9r\u00e9 les progr\u00e8s de Sarajevo dans le processus d\u2019int\u00e9gration. \u00ab\u00a0C&rsquo;est un grand pas en avant, dans ce que nous appelons la r\u00e9unification, l&rsquo;ouverture des n\u00e9gociations pour l&rsquo;adh\u00e9sion de la Bosnie-Herz\u00e9govine \u00e0 l&rsquo;UE\u00a0\u00bb, a d\u00e9clar\u00e9 la Premi\u00e8re ministre italienne Giorgia Meloni.<\/p>\n\n\n\n<p class=\"wp-block-paragraph\">Son homologue slov\u00e8ne Robert Golob a qualifi\u00e9 la d\u00e9cision du Conseil europ\u00e9en d\u2019ouvrir les n\u00e9gociations d\u2019adh\u00e9sion d\u2019\u00e9tape importante sur la voie de la Bosnie-Herz\u00e9govine vers la famille europ\u00e9enne. Cette d\u00e9cision, a-t-il d\u00e9clar\u00e9, constitue \u00e9galement un message important et encourageant adress\u00e9 \u00e0 l&rsquo;ensemble de la r\u00e9gion des Balkans occidentaux, contribuant \u00e0 sa stabilit\u00e9, son d\u00e9veloppement et un avenir meilleur.\u00a0<\/p>\n\n\n\n<p class=\"wp-block-paragraph\">Selon Juraj Blan\u00e1r, ministre slovaque des Affaires \u00e9trang\u00e8res et europ\u00e9ennes, l&rsquo;adh\u00e9sion de la Bosnie \u00e0 l&rsquo;UE est \u00e9galement dans l&rsquo;int\u00e9r\u00eat de la Slovaquie. Il a rappel\u00e9 que les pays des Balkans occidentaux attendent leur adh\u00e9sion \u00e0 l&rsquo;UE depuis plus de deux d\u00e9cennies.&nbsp;<\/p>\n\n\n\n<h2 class=\"wp-block-heading\"><strong>Appels \u00e0 des r\u00e9formes et calendriers d\u2019adh\u00e9sion pr\u00e9visibles pour l\u2019Ukraine et la Moldavie<\/strong>&nbsp;<\/h2>\n\n\n\n<p class=\"wp-block-paragraph\">Le Premier ministre portugais sortant, <strong>Ant\u00f3nio Costa<\/strong>, fait partie de ceux qui ont adopt\u00e9 une approche plus prudente \u00e0 l&rsquo;\u00e9gard de l&rsquo;\u00e9largissement : bien qu&rsquo;il ne soit pas oppos\u00e9 \u00e0 l&rsquo;adh\u00e9sion \u00e0 l&rsquo;UE, par exemple pour l&rsquo;Ukraine, la Moldavie et les Balkans occidentaux, il a d\u00e9clar\u00e9 \u00e0 plusieurs reprises que l&rsquo;UE ne pouvait pas acc\u00e9l\u00e9rer le processus d&rsquo;\u00e9largissement et en d\u00e9cider pour cause d\u2019\u00e9motions \u2013 en se r\u00e9f\u00e9rant sp\u00e9cifiquement \u00e0 l\u2019Ukraine.<\/p>\n\n\n\n<p class=\"wp-block-paragraph\">Le 6 octobre, apr\u00e8s le sommet informel du Conseil europ\u00e9en de Grenade, en Espagne, Costa a d\u00e9clar\u00e9 que \u00ab\u00a0pour que l&rsquo;\u00e9largissement soit un succ\u00e8s, il est fondamental de mener \u00e0 bien les r\u00e9formes internes\u00a0\u00bb, d\u00e9conseillant de \u00ab\u00a0faire des r\u00e9formes uniquement au nom de l&rsquo;\u00e9largissement\u00a0\u00bb, ajoutant que les deux processus \u00ab\u00a0devraient avancer de mani\u00e8re synchronis\u00e9e\u00a0\u00bb. Costa s&rsquo;est \u00e9galement dit pr\u00e9occup\u00e9 par le fait que l&rsquo;architecture budg\u00e9taire actuelle ne serait pas en mesure de faire face \u00e0 autant d&rsquo;\u00e9conomies diff\u00e9rentes, ajoutant que c&rsquo;\u00e9tait la raison pour laquelle il y avait des r\u00e9ticences \u00e0 la fixation d&rsquo;un d\u00e9lai pour les r\u00e9formes d&rsquo;\u00e9largissement de l&rsquo;UE.<\/p>\n\n\n\n<p class=\"wp-block-paragraph\">Le pr\u00e9sident roumain Klaus Iohannis a appel\u00e9 \u00e0 un calendrier d&rsquo;adh\u00e9sion pr\u00e9visible pour l&rsquo;Ukraine et la Moldavie, \u00e0 l&rsquo;adoption rapide des cadres de n\u00e9gociation propos\u00e9s par la Commission et \u00e0 l&rsquo;organisation des premi\u00e8res conf\u00e9rences intergouvernementales avec les deux pays candidats.&nbsp;<\/p>\n\n\n\n<h2 class=\"wp-block-heading\"><strong>La Croatie plaide fermement pour l\u2019adh\u00e9sion de la Bosnie-Herz\u00e9govine<\/strong>&nbsp;<\/h2>\n\n\n\n<p class=\"wp-block-paragraph\">La d\u00e9cision du Conseil europ\u00e9en d&rsquo;ouvrir les n\u00e9gociations d&rsquo;adh\u00e9sion avec la Bosnie-Herz\u00e9govine est une incitation pour le pays \u00e0 poursuivre ses r\u00e9formes, a d\u00e9clar\u00e9 le Premier ministre croate Andrej Plenkovi\u0107, ajoutant que pour cela, il est essentiel de modifier la loi \u00e9lectorale et de mettre fin au vote minoritaire des Croates, ces derniers consid\u00e9rant qu\u2019ils ne sont pas \u00e9quitablement repr\u00e9sent\u00e9s dans les institutions.<\/p>\n\n\n\n<p class=\"wp-block-paragraph\">\u00ab&nbsp;Cette d\u00e9cision [\u2026] est une brillante incitation \u00e0 poursuivre les r\u00e9formes et \u00e0 rattraper le retard, afin que la Bosnie-Herz\u00e9govine puisse entrer dans le convoi que l&rsquo;Ukraine et la Moldavie ont rejoint un peu plus t\u00f4t&nbsp;\u00bb, a d\u00e9clar\u00e9 Plenkovi\u0107 \u00e0 la radio-t\u00e9l\u00e9vision Herceg-Bosna de Mostar.<\/p>\n\n\n\n<p class=\"wp-block-paragraph\">Plenkovi\u0107 a d\u00e9clar\u00e9 que la Bosnie-Herz\u00e9govine pouvait acc\u00e9l\u00e9rer sa marche vers l&rsquo;UE en mettant en \u0153uvre des r\u00e9formes, car il estime que la r\u00e9forme \u00e9lectorale est la question cl\u00e9. \u00ab Il est essentiel de r\u00e9soudre la question de la repr\u00e9sentation l\u00e9gitime des Croates au sein de la pr\u00e9sidence coll\u00e9giale de la Bosnie-Herz\u00e9govine, car cette anomalie existe depuis 2006. [\u2026] C&rsquo;est un message de manque de respect envers un peuple constituant et une distorsion de l&rsquo;esprit, de la lettre et de l&rsquo;accord de Dayton [accord de paix sign\u00e9 formellement \u00e0 Paris en 1995].\u00a0\u00bb La Bosnie-Herz\u00e9govine a un syst\u00e8me \u00e9lectoral bas\u00e9 sur trois ethnies constituantes. Les partis politiques bosniaques pr\u00e9conisent l&rsquo;abandon du principe ethnique dans le processus \u00e9lectoral. Les Croates, trois fois moins nombreux que les Bosniaques dans la F\u00e9d\u00e9ration de Bosnie-Herz\u00e9govine, craignent d&rsquo;\u00eatre mis en minorit\u00e9 par les Bosniaques, ce qui s&rsquo;est d\u00e9j\u00e0 produit quatre fois lors de l&rsquo;\u00e9lection des membres de la pr\u00e9sidence tripartite.\u00a0<\/p>\n\n\n\n<h2 class=\"wp-block-heading\"><strong>Sofia appelle la Mac\u00e9doine du Nord \u00e0 reconna\u00eetre la minorit\u00e9 bulgare<\/strong>&nbsp;<\/h2>\n\n\n\n<p class=\"wp-block-paragraph\">S&rsquo;exprimant au congr\u00e8s du Parti populaire europ\u00e9en (PPE) \u00e0 Bucarest, la vice-Premi\u00e8re ministre bulgare Mariya Iwanowa Gabriel a promis le soutien de la Bulgarie \u00e0 l&rsquo;Ukraine, \u00e0 la Moldavie et \u00e0 la G\u00e9orgie dans leur cheminement vers l&rsquo;adh\u00e9sion \u00e0 l&rsquo;UE.&nbsp;<\/p>\n\n\n\n<p class=\"wp-block-paragraph\">Le processus d&rsquo;\u00e9largissement de l&rsquo;UE vers les Balkans occidentaux a fait l&rsquo;objet d&rsquo;une rencontre le 27 f\u00e9vrier entre le Premier ministre bulgare Nikola\u00ef Denkov et la pr\u00e9sidente slov\u00e8ne Nata\u0161a Pirc Musar. \u00ab&nbsp;Notre r\u00e9gion a un \u00e9norme potentiel de d\u00e9veloppement si nous travaillons ensemble&nbsp;\u00bb, a d\u00e9clar\u00e9 Denkov, pr\u00e9cisant que si la Bulgarie soutient l&rsquo;\u00e9largissement de l&rsquo;UE, les pays candidats doivent respecter leurs engagements.&nbsp;<\/p>\n\n\n\n<p class=\"wp-block-paragraph\">Le 6 mars, le minist\u00e8re bulgare des Affaires \u00e9trang\u00e8res a appel\u00e9 la Mac\u00e9doine du Nord \u00e0 mettre en \u0153uvre les engagements politiques pris dans le compromis de 2022, \u00e0 savoir la proposition que sa constitution soit amend\u00e9e pour reconna\u00eetre la minorit\u00e9 bulgare, ouvrant ainsi la voie aux n\u00e9gociations d&rsquo;adh\u00e9sion \u00e0 l&rsquo;UE.&nbsp;<\/p>\n\n\n\n<h2 class=\"wp-block-heading\"><strong>\u00c9largissement aux autres pays des Balkans occidentaux ?<\/strong><\/h2>\n\n\n\n<p class=\"wp-block-paragraph\">Le repr\u00e9sentant sp\u00e9cial de l\u2019UE pour le dialogue Belgrade-Pristina, Miroslav Laj\u010d\u00e1k, a soulign\u00e9 que l\u2019UE avait ouvert la porte \u00e0 l\u2019\u00e9largissement, y compris \u00e0 la r\u00e9gion des Balkans occidentaux. \u00ab&nbsp;L&rsquo;atmosph\u00e8re \u00e0 Bruxelles et dans les \u00c9tats membres a vraiment chang\u00e9. Les membres s&rsquo;int\u00e9ressent d\u00e9sormais s\u00e9rieusement \u00e0 l&rsquo;\u00e9largissement. Les portes s&rsquo;ouvrent. Il s\u2019agit maintenant de profiter de cette opportunit\u00e9. C\u2019est un enjeu g\u00e9opolitique pour l\u2019Europe. Sans la r\u00e9gion des Balkans, il n\u2019y a pas d\u2019int\u00e9gration compl\u00e8te&nbsp;\u00bb, a-t-il dit.&nbsp;<\/p>\n\n\n\n<p class=\"wp-block-paragraph\">Le Conseil europ\u00e9en a d\u00e9clar\u00e9 que les r\u00e9formes internes seraient abord\u00e9es lors d&rsquo;une prochaine r\u00e9union, l&rsquo;objectif \u00e9tant d&rsquo;adopter des conclusions d&rsquo;ici l&rsquo;\u00e9t\u00e9 2024.&nbsp;<\/p>\n\n\n\n<p class=\"wp-block-paragraph\">Concernant la Mac\u00e9doine du Nord, le repr\u00e9sentant sp\u00e9cial des \u00c9tats-Unis pour les Balkans occidentaux, Gabriel Escobar, a plaid\u00e9 pour que le pays devienne un candidat \u00e0 part enti\u00e8re \u00e0 l&rsquo;adh\u00e9sion \u00e0 l&rsquo;UE. \u00ab&nbsp;La Mac\u00e9doine du Nord est un partenaire tr\u00e8s solide, tant au niveau de forums bilat\u00e9raux que multilat\u00e9raux tels que l\u2019OTAN et l\u2019OSCE&nbsp;\u00bb, a-t-il estim\u00e9 sur X.<\/p>\n\n\n\n<figure class=\"wp-block-image aligncenter size-full\"><img loading=\"lazy\" decoding=\"async\" width=\"632\" height=\"820\" src=\"https:\/\/europeannewsroom.com\/wp-content\/uploads\/2024\/03\/Escobar.png\" alt=\"\" class=\"wp-image-223379\" srcset=\"https:\/\/europeannewsroom.com\/wp-content\/uploads\/2024\/03\/Escobar.png 632w, https:\/\/europeannewsroom.com\/wp-content\/uploads\/2024\/03\/Escobar-480x623.png 480w\" sizes=\"(min-width: 0px) and (max-width: 480px) 480px, (min-width: 481px) 632px, 100vw\" \/><\/figure>\n\n\n\n<p class=\"wp-block-paragraph\">Il a ajout\u00e9 que l&rsquo;administration am\u00e9ricaine s&rsquo;attend \u00e0 ce que le nouveau gouvernement s&rsquo;engage en faveur de l&rsquo;OTAN, de l&rsquo;adh\u00e9sion \u00e0 l&rsquo;UE et de la lutte contre la corruption.<\/p>\n","protected":false},"excerpt":{"rendered":"<p>La d\u00e9cision des dirigeants de l\u2019UE d\u2019entamer des n\u00e9gociations avec la Bosnie-Herz\u00e9govine (BiH) a marqu\u00e9 un moment historique pour ce pays. Apr\u00e8s cette d\u00e9cision consid\u00e9r\u00e9e comme politique dans un contexte g\u00e9opolitique changeant, en particulier apr\u00e8s que l&rsquo;Ukraine a obtenu le statut de candidat \u00e0 l&rsquo;adh\u00e9sion \u00e0 l&rsquo;UE, la Bosnie se heurte encore \u00e0 de nombreux obstacles sur la voie de son adh\u00e9sion \u00e0 l&rsquo;UE.<\/p>\n","protected":false},"author":21,"featured_media":76637,"comment_status":"closed","ping_status":"closed","sticky":false,"template":"","format":"standard","meta":{"_acf_changed":false,"_et_pb_use_builder":"","_et_pb_old_content":"","_et_gb_content_width":"","footnotes":""},"categories":[39],"tags":[],"class_list":["post-223328","post","type-post","status-publish","format-standard","has-post-thumbnail","hentry","category-key-story"],"acf":[],"_links":{"self":[{"href":"https:\/\/europeannewsroom.com\/fr\/wp-json\/wp\/v2\/posts\/223328","targetHints":{"allow":["GET"]}}],"collection":[{"href":"https:\/\/europeannewsroom.com\/fr\/wp-json\/wp\/v2\/posts"}],"about":[{"href":"https:\/\/europeannewsroom.com\/fr\/wp-json\/wp\/v2\/types\/post"}],"author":[{"embeddable":true,"href":"https:\/\/europeannewsroom.com\/fr\/wp-json\/wp\/v2\/users\/21"}],"replies":[{"embeddable":true,"href":"https:\/\/europeannewsroom.com\/fr\/wp-json\/wp\/v2\/comments?post=223328"}],"version-history":[{"count":0,"href":"https:\/\/europeannewsroom.com\/fr\/wp-json\/wp\/v2\/posts\/223328\/revisions"}],"wp:featuredmedia":[{"embeddable":true,"href":"https:\/\/europeannewsroom.com\/fr\/wp-json\/wp\/v2\/media\/76637"}],"wp:attachment":[{"href":"https:\/\/europeannewsroom.com\/fr\/wp-json\/wp\/v2\/media?parent=223328"}],"wp:term":[{"taxonomy":"category","embeddable":true,"href":"https:\/\/europeannewsroom.com\/fr\/wp-json\/wp\/v2\/categories?post=223328"},{"taxonomy":"post_tag","embeddable":true,"href":"https:\/\/europeannewsroom.com\/fr\/wp-json\/wp\/v2\/tags?post=223328"}],"curies":[{"name":"wp","href":"https:\/\/api.w.org\/{rel}","templated":true}]}}