{"id":223732,"date":"2024-03-27T18:22:21","date_gmt":"2024-03-27T17:22:21","guid":{"rendered":"https:\/\/europeannewsroom.dpa.com\/?p=223732"},"modified":"2024-03-27T18:22:29","modified_gmt":"2024-03-27T17:22:29","slug":"soupcons-de-detournement-de-fonds-europeens-marine-le-pen-jugee-cet-automne","status":"publish","type":"post","link":"https:\/\/europeannewsroom.com\/fr\/soupcons-de-detournement-de-fonds-europeens-marine-le-pen-jugee-cet-automne\/","title":{"rendered":"Soup\u00e7ons de d\u00e9tournement de fonds europ\u00e9ens : Marine Le Pen jug\u00e9e cet automne"},"content":{"rendered":"\n<p class=\"wp-block-paragraph\">Paris &#8211; Soup\u00e7onn\u00e9s de d\u00e9tournement de fonds europ\u00e9ens, la figure de l&rsquo;extr\u00eame droite fran\u00e7aise Marine Le Pen, son p\u00e8re Jean-Marie Le Pen, son parti et la direction du parti dans les ann\u00e9es 2010 seront jug\u00e9s cet automne par le tribunal correctionnel de Paris.<\/p>\n\n\n\n<p class=\"wp-block-paragraph\">Mme Le Pen et 26 autres personnes ainsi que le Rassemblement national (RN) en tant que personne morale sont soup\u00e7onn\u00e9s d&rsquo;avoir mis en place entre 2004 et 2016 un syst\u00e8me de r\u00e9mun\u00e9ration par l&rsquo;Union europ\u00e9enne des assistants d&rsquo;eurod\u00e9put\u00e9s qui travaillaient en r\u00e9alit\u00e9 pour le parti.<\/p>\n\n\n\n<p class=\"wp-block-paragraph\">Marine Le Pen, qui a toujours contest\u00e9 ces accusations, est poursuivie pour d\u00e9tournement de fonds publics et complicit\u00e9, tout comme son p\u00e8re, \u00e2g\u00e9 de 95 ans.<\/p>\n\n\n\n<p class=\"wp-block-paragraph\">Le proc\u00e8s se tiendra du 30 septembre au 27 novembre.<\/p>\n\n\n\n<p class=\"wp-block-paragraph\">Parmi les pr\u00e9venus figurent aussi onze eurod\u00e9put\u00e9s, \u00e9lus sur des listes Front national, douze assistants parlementaires, ainsi que quatre collaborateurs du parti.<\/p>\n","protected":false},"excerpt":{"rendered":"<p>Les grandes figures de l\u2019extr\u00eame droite fran\u00e7aise, Marine et Jean-Marie Le Pen seront jug\u00e9s cet automne, accus\u00e9s d\u2019avoir utilis\u00e9 des fonds europ\u00e9ens pour r\u00e9mun\u00e9rer des collaborateurs de leur parti. <\/p>\n","protected":false},"author":21,"featured_media":223734,"comment_status":"closed","ping_status":"closed","sticky":false,"template":"","format":"standard","meta":{"_acf_changed":false,"_et_pb_use_builder":"","_et_pb_old_content":"","_et_gb_content_width":"","footnotes":""},"categories":[45],"tags":[2667,9770],"class_list":["post-223732","post","type-post","status-publish","format-standard","has-post-thumbnail","hentry","category-europe-in-brief","tag-justice-3","tag-parlement-2"],"acf":[],"_links":{"self":[{"href":"https:\/\/europeannewsroom.com\/fr\/wp-json\/wp\/v2\/posts\/223732","targetHints":{"allow":["GET"]}}],"collection":[{"href":"https:\/\/europeannewsroom.com\/fr\/wp-json\/wp\/v2\/posts"}],"about":[{"href":"https:\/\/europeannewsroom.com\/fr\/wp-json\/wp\/v2\/types\/post"}],"author":[{"embeddable":true,"href":"https:\/\/europeannewsroom.com\/fr\/wp-json\/wp\/v2\/users\/21"}],"replies":[{"embeddable":true,"href":"https:\/\/europeannewsroom.com\/fr\/wp-json\/wp\/v2\/comments?post=223732"}],"version-history":[{"count":0,"href":"https:\/\/europeannewsroom.com\/fr\/wp-json\/wp\/v2\/posts\/223732\/revisions"}],"wp:featuredmedia":[{"embeddable":true,"href":"https:\/\/europeannewsroom.com\/fr\/wp-json\/wp\/v2\/media\/223734"}],"wp:attachment":[{"href":"https:\/\/europeannewsroom.com\/fr\/wp-json\/wp\/v2\/media?parent=223732"}],"wp:term":[{"taxonomy":"category","embeddable":true,"href":"https:\/\/europeannewsroom.com\/fr\/wp-json\/wp\/v2\/categories?post=223732"},{"taxonomy":"post_tag","embeddable":true,"href":"https:\/\/europeannewsroom.com\/fr\/wp-json\/wp\/v2\/tags?post=223732"}],"curies":[{"name":"wp","href":"https:\/\/api.w.org\/{rel}","templated":true}]}}