{"id":223804,"date":"2024-03-28T10:56:21","date_gmt":"2024-03-28T09:56:21","guid":{"rendered":"https:\/\/europeannewsroom.dpa.com\/?p=223804"},"modified":"2024-03-28T10:56:28","modified_gmt":"2024-03-28T09:56:28","slug":"laccord-ue-mercosur-est-tres-mauvais-batissons-un-nouvel-accord-dit-macron-au-bresil","status":"publish","type":"post","link":"https:\/\/europeannewsroom.com\/fr\/laccord-ue-mercosur-est-tres-mauvais-batissons-un-nouvel-accord-dit-macron-au-bresil\/","title":{"rendered":"L&rsquo;accord UE-Mercosur est \u00ab\u00a0tr\u00e8s mauvais\u00a0\u00bb, \u00ab\u00a0b\u00e2tissons un nouvel accord\u00a0\u00bb, dit Macron au Br\u00e9sil"},"content":{"rendered":"\n<p class=\"wp-block-paragraph\">Sao Paulo (Br\u00e9sil&nbsp;&#8211; Le pr\u00e9sident fran\u00e7ais Emmanuel Macron a martel\u00e9 mercredi au Br\u00e9sil que l&rsquo;accord commercial n\u00e9goci\u00e9 entre l&rsquo;Union europ\u00e9enne et le bloc sud-am\u00e9ricain du Mercosur \u00e9tait un \u00ab\u00a0tr\u00e8s mauvais accord\u00a0\u00bb et appel\u00e9 \u00e0 en construire \u00ab\u00a0un nouveau\u00a0\u00bb.<\/p>\n\n\n\n<p class=\"wp-block-paragraph\">L&rsquo;accord <strong>UE<\/strong>-Mercosur \u00ab\u00a0tel qu&rsquo;il est aujourd&rsquo;hui n\u00e9goci\u00e9 est un tr\u00e8s mauvais accord, pour vous et pour nous\u00a0\u00bb, a-t-il dit \u00e0 Sao Paulo (sud-est).&nbsp;<\/p>\n\n\n\n<p class=\"wp-block-paragraph\">\u00ab\u00a0Dans cet accord il n&rsquo;y a rien qui prend en compte le sujet de la biodiversit\u00e9 et du climat. Rien&nbsp;!\u00a0\u00bb, a-t-il ass\u00e9n\u00e9 devant un parterre d&rsquo;hommes d&rsquo;affaires br\u00e9siliens.<\/p>\n\n\n\n<p class=\"wp-block-paragraph\">Le pr\u00e9sident fran\u00e7ais a appel\u00e9 de ses v\u0153ux la conclusion d&rsquo;un autre accord qui tienne compte des enjeux environnementaux pour l&rsquo;UE comme pour le Mercosur (Br\u00e9sil, Argentine, Uruguay, Paraguay, Bolivie)&nbsp;: \u00ab&nbsp;un accord de nouvelle g\u00e9n\u00e9ration avec des clauses miroirs qui facilitera l\u2019acc\u00e8s au march\u00e9 europ\u00e9en de vos entreprises (&#8230;) et qui sera plus exigeant de part et d&rsquo;autre avec nos agriculteurs, nos industriels&nbsp;\u00bb, a-t-il dit.<\/p>\n","protected":false},"excerpt":{"rendered":"<p>Lors d\u2019une visite au Br\u00e9sil, le pr\u00e9sident fran\u00e7ais Emmanuel Macron a r\u00e9affirm\u00e9 son opposition \u00e0 l\u2019accord UE-Mercosur, dont les r\u00e8gles ne sont \u00e0 ses yeux pas \u00ab\u00a0homog\u00e8nes\u00a0\u00bb avec les r\u00e8gles europ\u00e9ennes.<\/p>\n","protected":false},"author":21,"featured_media":223806,"comment_status":"closed","ping_status":"closed","sticky":false,"template":"","format":"standard","meta":{"_acf_changed":false,"_et_pb_use_builder":"","_et_pb_old_content":"","_et_gb_content_width":"","footnotes":""},"categories":[45],"tags":[2187,5619,10726],"class_list":["post-223804","post","type-post","status-publish","format-standard","has-post-thumbnail","hentry","category-europe-in-brief","tag-agriculture-3","tag-bresil","tag-mercosur-4"],"acf":[],"_links":{"self":[{"href":"https:\/\/europeannewsroom.com\/fr\/wp-json\/wp\/v2\/posts\/223804","targetHints":{"allow":["GET"]}}],"collection":[{"href":"https:\/\/europeannewsroom.com\/fr\/wp-json\/wp\/v2\/posts"}],"about":[{"href":"https:\/\/europeannewsroom.com\/fr\/wp-json\/wp\/v2\/types\/post"}],"author":[{"embeddable":true,"href":"https:\/\/europeannewsroom.com\/fr\/wp-json\/wp\/v2\/users\/21"}],"replies":[{"embeddable":true,"href":"https:\/\/europeannewsroom.com\/fr\/wp-json\/wp\/v2\/comments?post=223804"}],"version-history":[{"count":0,"href":"https:\/\/europeannewsroom.com\/fr\/wp-json\/wp\/v2\/posts\/223804\/revisions"}],"wp:featuredmedia":[{"embeddable":true,"href":"https:\/\/europeannewsroom.com\/fr\/wp-json\/wp\/v2\/media\/223806"}],"wp:attachment":[{"href":"https:\/\/europeannewsroom.com\/fr\/wp-json\/wp\/v2\/media?parent=223804"}],"wp:term":[{"taxonomy":"category","embeddable":true,"href":"https:\/\/europeannewsroom.com\/fr\/wp-json\/wp\/v2\/categories?post=223804"},{"taxonomy":"post_tag","embeddable":true,"href":"https:\/\/europeannewsroom.com\/fr\/wp-json\/wp\/v2\/tags?post=223804"}],"curies":[{"name":"wp","href":"https:\/\/api.w.org\/{rel}","templated":true}]}}