{"id":224326,"date":"2024-03-29T14:07:52","date_gmt":"2024-03-29T13:07:52","guid":{"rendered":"https:\/\/europeannewsroom.dpa.com\/?p=224326"},"modified":"2024-03-29T14:07:58","modified_gmt":"2024-03-29T13:07:58","slug":"lue-veut-durcir-les-regles-sur-les-importations-agricoles-ukrainiennes","status":"publish","type":"post","link":"https:\/\/europeannewsroom.com\/fr\/lue-veut-durcir-les-regles-sur-les-importations-agricoles-ukrainiennes\/","title":{"rendered":"L\u2019UE veut durcir les r\u00e8gles sur les importations agricoles ukrainiennes"},"content":{"rendered":"\n<p class=\"wp-block-paragraph\">Mercredi, les 27 pays membres de l&rsquo;UE sont tomb\u00e9s d&rsquo;accord sur un nouveau compromis concernant les droits de douane pour certains produits agricoles ukrainiens, a annonc\u00e9 la pr\u00e9sidence belge du Conseil de l&rsquo;UE.&nbsp;<\/p>\n\n\n\n<p class=\"wp-block-paragraph\">Selon des diplomates, le compromis pr\u00e9voit qu&rsquo;un nombre moins important de marchandises que pr\u00e9vu initialement pourront \u00eatre vendues en franchise de droits dans l&rsquo;UE. Les produits concern\u00e9s comprennent les \u0153ufs, la volaille, le sucre et le ma\u00efs. &nbsp;<\/p>\n\n\n\n<p class=\"wp-block-paragraph\">Les marchandises concern\u00e9es ne pourront \u00eatre import\u00e9es dans l\u2019UE sans droits de douane que jusqu\u2019\u00e0 un certain montant. Lorsque ce montant sera atteint, les taxes s&rsquo;appliqueront \u00e0 nouveau.<\/p>\n\n\n\n<p class=\"wp-block-paragraph\">La France et la Pologne ont tent\u00e9 en vain d&rsquo;inclure le bl\u00e9 dans la liste des produits agricoles ukrainiens soumis au plafonnement.&nbsp;&nbsp;<\/p>\n\n\n\n<p class=\"wp-block-paragraph\">Au lieu de baser les plafonds de franchise de droits sur les volumes moyens de 2022 et 2023, la France avait demand\u00e9 que l\u2019ann\u00e9e 2021 soit incluse dans la fourchette de calcul des moyennes. Selon des sources diplomatiques, la p\u00e9riode de r\u00e9f\u00e9rence inclura d\u00e9sormais \u00e9galement le second semestre 2021, p\u00e9riode au cours de laquelle moins de produits ukrainiens concern\u00e9s ont \u00e9t\u00e9 introduits dans l&rsquo;UE. Ce qui fait que les droits de douane sur les produits ukrainiens entreront en vigueur plus t\u00f4t.&nbsp;<\/p>\n\n\n\n<p class=\"wp-block-paragraph\">Ces changements entreront en vigueur avec la prolongation d&rsquo;un an, \u00e0 compter de juin, d&rsquo;un accord de l&rsquo;UE qui permet aux produits agricoles ukrainiens d&rsquo;entrer hors douane.\u00a0<\/p>\n\n\n\n<p class=\"wp-block-paragraph\">Dans un communiqu\u00e9 publi\u00e9 jeudi, le groupe de pression <strong>Copa-Cogeca<\/strong> a qualifi\u00e9 l\u2019accord de \u00ab demi-r\u00e9ponse \u00bb qui ne va pas assez loin. Il a appel\u00e9 \u00e0 imposer des droits de douane automatiques sur le bl\u00e9 et l&rsquo;orge, ainsi qu&rsquo;\u00e0 r\u00e9duire les quantit\u00e9s de produits comme les \u0153ufs, la volaille et le sucre pouvant entrer en franchise de droits dans l&rsquo;UE.<\/p>\n\n\n\n<figure class=\"wp-block-image aligncenter size-full\"><img loading=\"lazy\" decoding=\"async\" width=\"572\" height=\"757\" src=\"https:\/\/europeannewsroom.com\/wp-content\/uploads\/2024\/03\/Copa-Cogeca.png\" alt=\"\" class=\"wp-image-224329\" srcset=\"https:\/\/europeannewsroom.com\/wp-content\/uploads\/2024\/03\/Copa-Cogeca.png 572w, https:\/\/europeannewsroom.com\/wp-content\/uploads\/2024\/03\/Copa-Cogeca-480x635.png 480w\" sizes=\"(min-width: 0px) and (max-width: 480px) 480px, (min-width: 481px) 572px, 100vw\" \/><\/figure>\n\n\n\n<p class=\"wp-block-paragraph\">Les n\u00e9gociateurs des pays membres et du Parlement europ\u00e9en se sont d\u00e9j\u00e0 mis d\u2019accord la semaine derni\u00e8re sur de nouvelles exigences douani\u00e8res pour les produits ukrainiens, sur fond de pression des agriculteurs de l\u2019UE qui refusent de voir leurs revenus baisser. Le Parlement doit maintenant donner son approbation finale au dernier texte de compromis des pays membres.\u00a0<\/p>\n\n\n\n<h2 class=\"wp-block-heading\"><strong>Trouver un \u00e9quilibre : aider l&rsquo;Ukraine ou les agriculteurs europ\u00e9ens ?<\/strong><\/h2>\n\n\n\n<p class=\"wp-block-paragraph\">Depuis le d\u00e9but de l\u2019ann\u00e9e 2024, les agriculteurs de toute l\u2019Europe protestent contre la hausse des co\u00fbts, la politique environnementale de l\u2019UE et les importations de produits alimentaires bon march\u00e9, notamment en provenance d\u2019Ukraine.&nbsp;<\/p>\n\n\n\n<p class=\"wp-block-paragraph\">Ils sont revenus \u00e0 Bruxelles avec leurs tracteurs mardi pour protester contre les r\u00e9glementations europ\u00e9ennes et la baisse de leurs b\u00e9n\u00e9fices. Ils ont manifest\u00e9 dans plusieurs pays de l&rsquo;UE, de la Belgique \u00e0 la France, en passant par l&rsquo;Espagne, l&rsquo;Italie et la Pologne, contre une longue liste de charges qui, selon eux, r\u00e9duisent leurs revenus.\u00a0<\/p>\n\n\n\n<p class=\"wp-block-paragraph\">Le d\u00e9bat se d\u00e9roule dans un contexte g\u00e9opolitique\u00a0particulier : l\u2019UE a exempt\u00e9 les produits ukrainiens des droits de douane peu apr\u00e8s le d\u00e9but de l\u2019attaque de la Russie contre son voisin en 2022. L\u2019objectif \u00e9tait de renforcer l\u2019\u00e9conomie ukrainienne.<\/p>\n\n\n\n<p class=\"wp-block-paragraph\">Bruxelles cherche d\u00e9sormais \u00e9galement \u00e0 imposer des droits de douane sur les importations de c\u00e9r\u00e9ales russes. La pr\u00e9sidente de la Commission europ\u00e9enne, Ursula von der Leyen, a d\u00e9clar\u00e9 que l\u2019UE ne voulait pas voir la Russie tirer des revenus c\u00e9r\u00e9aliers du march\u00e9 europ\u00e9en, ni \u00ab&nbsp;influencer&nbsp;\u00bb ce dernier. <\/p>\n\n\n\n<p class=\"wp-block-paragraph\">Les dirigeants de l\u2019UE cherchent \u00e0 r\u00e9tablir l\u2019\u00e9quilibre entre le soutien \u00e0 l\u2019\u00e9conomie ukrainienne et la protection de leurs producteurs agricoles. Les ministres de l\u2019Agriculture de l\u2019UE se sont r\u00e9unis mardi \u00e0 Bruxelles pour tenter d\u2019apaiser la col\u00e8re des agriculteurs gr\u00e2ce \u00e0 l\u2019approbation de mesures visant \u00e0 assouplir les conditions d\u2019acc\u00e8s aux subventions de la <strong>Politique agricole commune<\/strong> (PAC).&nbsp;<\/p>\n\n\n\n<p class=\"wp-block-paragraph\">\u00ab\u00a0En R\u00e9publique tch\u00e8que \u00e9galement, nous constatons \u00e0 quel point la confiance des agriculteurs tch\u00e8ques et europ\u00e9ens dans l&rsquo;Union europ\u00e9enne a \u00e9t\u00e9 \u00e9branl\u00e9e et mon souci est de pouvoir restaurer cette confiance\u00a0\u00bb, a d\u00e9clar\u00e9 aux journalistes le ministre de l&rsquo;Agriculture, <strong>Marek V\u00fdborn\u00fd<\/strong>.<\/p>\n\n\n\n<figure class=\"wp-block-image size-full\"><img loading=\"lazy\" decoding=\"async\" width=\"1920\" height=\"1301\" src=\"https:\/\/europeannewsroom.com\/wp-content\/uploads\/2024\/03\/urnnewsmldpa.com20090101240317-911-009333-v1-s2048.jpeg\" alt=\"\" class=\"wp-image-220263\"\/><figcaption class=\"wp-element-caption\"><em>Des agriculteurs polonais conduisent leurs v\u00e9hicules vers la fronti\u00e8re allemande. (Photo : Patrick Pleul\/dpa)<\/em><\/figcaption><\/figure>\n\n\n\n<h2 class=\"wp-block-heading\"><strong>Le blocus polonais met \u00e0 rude \u00e9preuve les relations avec l&rsquo;Ukraine<\/strong><\/h2>\n\n\n\n<p class=\"wp-block-paragraph\">Les agriculteurs polonais bloquent les produits ukrainiens pour protester contre ce qu&rsquo;ils consid\u00e8rent comme une concurrence d\u00e9loyale, tandis que la France fait des compromis avec ses propres agriculteurs pour apaiser une r\u00e9volte dans le secteur.\u00a0<\/p>\n\n\n\n<p class=\"wp-block-paragraph\">La Pologne et l&rsquo;Ukraine sont sur le point de r\u00e9soudre leur conflit sur les importations agricoles, a d\u00e9clar\u00e9 mercredi Varsovie, \u00e0 la veille de n\u00e9gociations bilat\u00e9rales sur cette question qui a suscit\u00e9 la col\u00e8re des agriculteurs du pays. \u00ab\u00a0On peut dire qu&rsquo;il y a eu un certain rapprochement entre les positions respectives, mais bien entendu (&#8230;) chacun se bat pour soi\u00a0\u00bb, a d\u00e9clar\u00e9 \u00e0 l&rsquo;AFP le ministre polonais de l&rsquo;Agriculture <strong>Czes\u0142aw Siekierski<\/strong>.&nbsp;<\/p>\n\n\n\n<p class=\"wp-block-paragraph\">Les blocus aux fronti\u00e8res et le conflit c\u00e9r\u00e9alier ont tendu les rapports entre les deux voisins, alors que la Pologne a apport\u00e9 un soutien ind\u00e9fectible \u00e0 l&rsquo;Ukraine depuis l&rsquo;invasion russe. Varsovie r\u00e9clame un plafonnement europ\u00e9en des importations ukrainiennes, apr\u00e8s en avoir impos\u00e9 un unilat\u00e9ralement l&rsquo;ann\u00e9e derni\u00e8re.\u00a0<\/p>\n\n\n\n<p class=\"wp-block-paragraph\">Le ministre danois de l&rsquo;Agriculture, <strong>Jacob Jensen<\/strong>, a d\u00e9clar\u00e9&nbsp;:<\/p>\n\n\n\n<blockquote class=\"wp-block-quote is-layout-flow wp-block-quote-is-layout-flow\">\n<p class=\"wp-block-paragraph\"><strong>\u00ab Il y a des choses dans ce monde qui sont plus importantes que tout. Sur le front de la s\u00e9curit\u00e9 et de la politique \u00e9trang\u00e8re, nous devons soutenir l\u2019Ukraine autant que possible.\u00bb\u00a0<\/strong><\/p>\n<cite>Jacob Jensen, ministre de l&rsquo;Agriculture du Danemark<\/cite><\/blockquote>\n\n\n\n<p class=\"wp-block-paragraph\">\u00ab\u00a0Nous le faisons sur le plan militaire, a-t-il dit, mais nous devons \u00e9galement le faire en veillant \u00e0 ce que le Danemark et l\u2019UE ne mettent pas d\u2019obstacles \u00e0 sa capacit\u00e9 \u00e0 vendre ses marchandises et \u00e0 soutenir l\u2019\u00e9conomie\u00a0\u00bb. Jensen a reconnu que certains march\u00e9s locaux, comme celui de la Pologne, peuvent \u00eatre particuli\u00e8rement expos\u00e9s \u00e0 des difficult\u00e9s.\u00a0<\/p>\n\n\n\n<h2 class=\"wp-block-heading\">Davantage de <strong>concessions aux agriculteurs avant les \u00e9lections europ\u00e9ennes\u00a0<\/strong><\/h2>\n\n\n\n<p class=\"wp-block-paragraph\">L&rsquo;Italie a soulign\u00e9 sa flexibilit\u00e9 pour prendre en compte \u00e0 la fois les besoins de l&rsquo;Ukraine et les pr\u00e9occupations exprim\u00e9es par les autres pays membres de l&rsquo;UE et le secteur agricole. Elle a soutenu la proposition de la pr\u00e9sidence belge \u2013 d&rsquo;\u00e9tendre la p\u00e9riode de r\u00e9f\u00e9rence pour les plafonds des franchises de droits de douane afin d&rsquo;inclure \u00e9galement le second semestre 2021 \u2013 et a soulign\u00e9 la n\u00e9cessit\u00e9 pour la Commission de renforcer le suivi de l\u2019impact des importations de bl\u00e9 et d\u2019autres c\u00e9r\u00e9ales en provenance d&rsquo;Ukraine, avec l&rsquo;activation des garanties g\u00e9n\u00e9rales m\u00eame si les probl\u00e8mes ne concernent qu\u2019un seul pays membre.<\/p>\n\n\n\n<p class=\"wp-block-paragraph\">La ministre slov\u00e8ne de l&rsquo;Agriculture, <strong>Mateja \u010calu\u0161i\u0107<\/strong>, a soulign\u00e9 que les propositions de modifications de la PAC devraient tenir compte des conditions naturelles et des sp\u00e9cificit\u00e9s de chaque membre de l&rsquo;UE, afin de faciliter l&rsquo;adaptation et de trouver des solutions rapidement. \u00ab\u00a0Nous consid\u00e9rons que cela serait bienvenu afin de faciliter l&rsquo;activit\u00e9 agricole en Slov\u00e9nie\u00a0\u00bb, a-t-elle insist\u00e9.&nbsp;<\/p>\n\n\n\n<p class=\"wp-block-paragraph\">La Slov\u00e9nie a soutenu l&rsquo;accord sur des r\u00e8gles douani\u00e8res plus strictes pour les marchandises ukrainiennes. En tant que petit pays, la Slov\u00e9nie est tr\u00e8s sensible aux fluctuations des prix et donc tr\u00e8s sensible \u00e0 tout volume suppl\u00e9mentaire de produits agricoles sur le march\u00e9 commun de l&rsquo;UE, a d\u00e9clar\u00e9 le minist\u00e8re slov\u00e8ne de l&rsquo;\u00c9conomie.&nbsp;<\/p>\n\n\n\n<p class=\"wp-block-paragraph\">La derni\u00e8re d\u2019une s\u00e9rie de concessions accord\u00e9es aux agriculteurs europ\u00e9ens intervient moins de trois mois avant les \u00e9lections au Parlement europ\u00e9en. Des sondages pr\u00e9disent que le vote verra une mont\u00e9e du soutien aux partis d\u2019extr\u00eame droite qui exploitent le m\u00e9contentement du monde agricole dans le cadre de leur campagne.\u00a0<\/p>\n\n\n\n<p class=\"wp-block-paragraph\">Le Parlement europ\u00e9en doit maintenant examiner l&rsquo;accord entre pays membres avant de le voter le mois prochain, afin qu&rsquo;il entre en vigueur avant la fin de la p\u00e9riode d&rsquo;exemption actuelle, le 5 juin. Si aucune nouvelle r\u00e9glementation n&rsquo;est mise en place d&rsquo;ici l\u00e0, les r\u00e8gles particuli\u00e8res ne s&rsquo;appliqueront plus.<\/p>\n\n\n\n<p class=\"wp-block-paragraph\"><em>Cet article est publi\u00e9 chaque semaine. Le contenu est bas\u00e9 sur les informations des agences participant \u00e0 l&rsquo;ENR.<\/em><\/p>\n","protected":false},"excerpt":{"rendered":"<p>Derni\u00e8re concession accord\u00e9e aux agriculteurs europ\u00e9ens, les 27 \u00c9tats membres de l&rsquo;UE ont d\u00e9cid\u00e9 d&rsquo;imposer des r\u00e8gles douani\u00e8res plus strictes sur les importations des produits agricoles ukrainiens. Les agriculteurs europ\u00e9ens, qui ont manifest\u00e9 \u00e0 nouveau cette semaine \u00e0 Bruxelles, \u00e9taient en col\u00e8re contre la concurrence d\u00e9loyale des importations bon march\u00e9.<\/p>\n","protected":false},"author":21,"featured_media":224053,"comment_status":"closed","ping_status":"closed","sticky":false,"template":"","format":"standard","meta":{"_acf_changed":false,"_et_pb_use_builder":"","_et_pb_old_content":"","_et_gb_content_width":"","footnotes":""},"categories":[39],"tags":[],"class_list":["post-224326","post","type-post","status-publish","format-standard","has-post-thumbnail","hentry","category-key-story"],"acf":[],"_links":{"self":[{"href":"https:\/\/europeannewsroom.com\/fr\/wp-json\/wp\/v2\/posts\/224326","targetHints":{"allow":["GET"]}}],"collection":[{"href":"https:\/\/europeannewsroom.com\/fr\/wp-json\/wp\/v2\/posts"}],"about":[{"href":"https:\/\/europeannewsroom.com\/fr\/wp-json\/wp\/v2\/types\/post"}],"author":[{"embeddable":true,"href":"https:\/\/europeannewsroom.com\/fr\/wp-json\/wp\/v2\/users\/21"}],"replies":[{"embeddable":true,"href":"https:\/\/europeannewsroom.com\/fr\/wp-json\/wp\/v2\/comments?post=224326"}],"version-history":[{"count":0,"href":"https:\/\/europeannewsroom.com\/fr\/wp-json\/wp\/v2\/posts\/224326\/revisions"}],"wp:featuredmedia":[{"embeddable":true,"href":"https:\/\/europeannewsroom.com\/fr\/wp-json\/wp\/v2\/media\/224053"}],"wp:attachment":[{"href":"https:\/\/europeannewsroom.com\/fr\/wp-json\/wp\/v2\/media?parent=224326"}],"wp:term":[{"taxonomy":"category","embeddable":true,"href":"https:\/\/europeannewsroom.com\/fr\/wp-json\/wp\/v2\/categories?post=224326"},{"taxonomy":"post_tag","embeddable":true,"href":"https:\/\/europeannewsroom.com\/fr\/wp-json\/wp\/v2\/tags?post=224326"}],"curies":[{"name":"wp","href":"https:\/\/api.w.org\/{rel}","templated":true}]}}