{"id":224791,"date":"2024-04-01T19:11:22","date_gmt":"2024-04-01T17:11:22","guid":{"rendered":"https:\/\/europeannewsroom.dpa.com\/?p=224791"},"modified":"2024-04-01T19:11:32","modified_gmt":"2024-04-01T17:11:32","slug":"agriculture-la-pac-a-contre-courant-des-objectifs-climatiques-etude","status":"publish","type":"post","link":"https:\/\/europeannewsroom.com\/fr\/agriculture-la-pac-a-contre-courant-des-objectifs-climatiques-etude\/","title":{"rendered":"Agriculture : la PAC \u00e0 contre-courant des objectifs climatiques (\u00e9tude)"},"content":{"rendered":"\n<p class=\"wp-block-paragraph\">Paris &#8211; Alors que les syst\u00e8mes alimentaires repr\u00e9sentent pr\u00e8s du tiers des \u00e9missions de gaz \u00e0 effet de serre qui contribuent au r\u00e9chauffement climatique, la PAC est \u00ab\u00a0\u00e9conomiquement dissuasive pour les transitions\u00a0\u00bb vers des pratiques plus durables, selon cette \u00e9tude de la revue scientifique Nature Food,<\/p>\n\n\n\n<p class=\"wp-block-paragraph\">\u00ab\u00a0Nous avons mis en \u00e9vidence que la PAC soutient de mani\u00e8re disproportionn\u00e9e les produits carn\u00e9s au d\u00e9triment des productions v\u00e9g\u00e9tales\u00a0\u00bb, indique l&rsquo;autrice principale de l&rsquo;\u00e9tude, Anniek Kortleve, de l&rsquo;universit\u00e9 n\u00e9erlandaise de Leiden.\u00a0<\/p>\n\n\n\n<p class=\"wp-block-paragraph\">Les subventions directes aux \u00e9leveurs repr\u00e9sentent la moiti\u00e9 des aides \u2014 qui se sont \u00e9lev\u00e9es \u00e0 57 milliards d&rsquo;euros en 2013 \u2014 finan\u00e7ant ainsi une agriculture hautement \u00e9mettrice de gaz \u00e0 effet de serre, selon les chercheurs.&nbsp;<\/p>\n\n\n\n<p class=\"wp-block-paragraph\">Le reste est en grande partie constitu\u00e9 de subventions en soutien \u00e0 l&rsquo;\u00e9levage, notamment \u00e0 la production d&rsquo;aliments. Les aides \u00e0 l&rsquo;\u00e9levage bovin passent ainsi de 71 centimes d&rsquo;euro par kilo \u00e0 1,42 euro, en incluant l&rsquo;aliment pour le b\u00e9tail.<\/p>\n","protected":false},"excerpt":{"rendered":"<p>Plus de 80% des versements de la Politique agricole commune (PAC) sont destin\u00e9s \u00e0 l&rsquo;\u00e9levage, mettant \u00e0 mal les objectifs climatiques de l\u2018UE, souligne une \u00e9tude publi\u00e9e lundi.<\/p>\n","protected":false},"author":21,"featured_media":224793,"comment_status":"closed","ping_status":"closed","sticky":false,"template":"","format":"standard","meta":{"_acf_changed":false,"_et_pb_use_builder":"","_et_pb_old_content":"","_et_gb_content_width":"","footnotes":""},"categories":[45],"tags":[2187,1903],"class_list":["post-224791","post","type-post","status-publish","format-standard","has-post-thumbnail","hentry","category-europe-in-brief","tag-agriculture-3","tag-climat"],"acf":[],"_links":{"self":[{"href":"https:\/\/europeannewsroom.com\/fr\/wp-json\/wp\/v2\/posts\/224791","targetHints":{"allow":["GET"]}}],"collection":[{"href":"https:\/\/europeannewsroom.com\/fr\/wp-json\/wp\/v2\/posts"}],"about":[{"href":"https:\/\/europeannewsroom.com\/fr\/wp-json\/wp\/v2\/types\/post"}],"author":[{"embeddable":true,"href":"https:\/\/europeannewsroom.com\/fr\/wp-json\/wp\/v2\/users\/21"}],"replies":[{"embeddable":true,"href":"https:\/\/europeannewsroom.com\/fr\/wp-json\/wp\/v2\/comments?post=224791"}],"version-history":[{"count":0,"href":"https:\/\/europeannewsroom.com\/fr\/wp-json\/wp\/v2\/posts\/224791\/revisions"}],"wp:featuredmedia":[{"embeddable":true,"href":"https:\/\/europeannewsroom.com\/fr\/wp-json\/wp\/v2\/media\/224793"}],"wp:attachment":[{"href":"https:\/\/europeannewsroom.com\/fr\/wp-json\/wp\/v2\/media?parent=224791"}],"wp:term":[{"taxonomy":"category","embeddable":true,"href":"https:\/\/europeannewsroom.com\/fr\/wp-json\/wp\/v2\/categories?post=224791"},{"taxonomy":"post_tag","embeddable":true,"href":"https:\/\/europeannewsroom.com\/fr\/wp-json\/wp\/v2\/tags?post=224791"}],"curies":[{"name":"wp","href":"https:\/\/api.w.org\/{rel}","templated":true}]}}