{"id":225738,"date":"2024-04-03T17:56:55","date_gmt":"2024-04-03T15:56:55","guid":{"rendered":"https:\/\/europeannewsroom.dpa.com\/?p=225738"},"modified":"2024-04-03T17:57:05","modified_gmt":"2024-04-03T15:57:05","slug":"adhesion-de-la-bosnie-herzegovine-a-lue-la-france-reste-vigilante","status":"publish","type":"post","link":"https:\/\/europeannewsroom.com\/fr\/adhesion-de-la-bosnie-herzegovine-a-lue-la-france-reste-vigilante\/","title":{"rendered":"Adh\u00e9sion de la Bosnie-Herz\u00e9govine \u00e0 l\u2019UE : la France reste vigilante"},"content":{"rendered":"\n<p class=\"wp-block-paragraph\">La France sera \u00ab\u00a0particuli\u00e8rement\u00a0\u00bb vigilante \u00e0 ce que la Bosnie-Herz\u00e9govine atteigne chacun des quatorze objectifs fix\u00e9s en octobre dernier pour adopter un cadre de n\u00e9gociations en vue de son adh\u00e9sion \u00e0 l&rsquo;Union europ\u00e9enne, a indiqu\u00e9 mercredi le ministre fran\u00e7ais d\u00e9l\u00e9gu\u00e9 \u00e0 l&rsquo;Europe, Jean-No\u00ebl Barrot.<\/p>\n\n\n\n<p class=\"wp-block-paragraph\">Le 21 mars, les dirigeants des pays membres ont donn\u00e9 leur feu vert \u00e0 l&rsquo;ouverture de n\u00e9gociations avec Sarajevo. Mais celles-ci ne commenceront qu&rsquo;une fois r\u00e9alis\u00e9es un certain nombre de r\u00e9formes.<\/p>\n\n\n\n<p class=\"wp-block-paragraph\">L&rsquo;analyse de la Commission, pr\u00e9sent\u00e9e quelques jours avant le Conseil europ\u00e9en des 21 et 22 mars, montrait que \u00ab\u00a0pour l&rsquo;essentiel, les quatorze points avaient \u00e9t\u00e9 remplis\u00a0\u00bb, a admis M. Barrot devant le S\u00e9nat.&nbsp;<\/p>\n\n\n\n<p class=\"wp-block-paragraph\">Mais \u00ab\u00a0nous consid\u00e9rons que du travail reste \u00e0 faire pour pr\u00e9server un environnement favorable \u00e0 la soci\u00e9t\u00e9 civile, aux m\u00e9dias, \u00e0 la libert\u00e9 d&rsquo;expression, l&rsquo;am\u00e9lioration du fonctionnement du syst\u00e8me judiciaire et la lutte contre la corruption et la criminalit\u00e9 organis\u00e9e\u00a0\u00bb, a d\u00e9taill\u00e9 le ministre.&nbsp;<\/p>\n","protected":false},"excerpt":{"rendered":"<p>Paris estime que la Bosnie-Herz\u00e9govine doit encore faire quelques efforts de r\u00e9forme pour que s\u2019ouvrent les n\u00e9gociations sur son adh\u00e9sion \u00e0 l\u2019UE  <\/p>\n","protected":false},"author":21,"featured_media":225740,"comment_status":"closed","ping_status":"closed","sticky":false,"template":"","format":"standard","meta":{"_acf_changed":false,"_et_pb_use_builder":"","_et_pb_old_content":"","_et_gb_content_width":"","footnotes":""},"categories":[45],"tags":[],"class_list":["post-225738","post","type-post","status-publish","format-standard","has-post-thumbnail","hentry","category-europe-in-brief"],"acf":[],"_links":{"self":[{"href":"https:\/\/europeannewsroom.com\/fr\/wp-json\/wp\/v2\/posts\/225738","targetHints":{"allow":["GET"]}}],"collection":[{"href":"https:\/\/europeannewsroom.com\/fr\/wp-json\/wp\/v2\/posts"}],"about":[{"href":"https:\/\/europeannewsroom.com\/fr\/wp-json\/wp\/v2\/types\/post"}],"author":[{"embeddable":true,"href":"https:\/\/europeannewsroom.com\/fr\/wp-json\/wp\/v2\/users\/21"}],"replies":[{"embeddable":true,"href":"https:\/\/europeannewsroom.com\/fr\/wp-json\/wp\/v2\/comments?post=225738"}],"version-history":[{"count":0,"href":"https:\/\/europeannewsroom.com\/fr\/wp-json\/wp\/v2\/posts\/225738\/revisions"}],"wp:featuredmedia":[{"embeddable":true,"href":"https:\/\/europeannewsroom.com\/fr\/wp-json\/wp\/v2\/media\/225740"}],"wp:attachment":[{"href":"https:\/\/europeannewsroom.com\/fr\/wp-json\/wp\/v2\/media?parent=225738"}],"wp:term":[{"taxonomy":"category","embeddable":true,"href":"https:\/\/europeannewsroom.com\/fr\/wp-json\/wp\/v2\/categories?post=225738"},{"taxonomy":"post_tag","embeddable":true,"href":"https:\/\/europeannewsroom.com\/fr\/wp-json\/wp\/v2\/tags?post=225738"}],"curies":[{"name":"wp","href":"https:\/\/api.w.org\/{rel}","templated":true}]}}