{"id":228146,"date":"2024-04-09T08:53:20","date_gmt":"2024-04-09T06:53:20","guid":{"rendered":"https:\/\/europeannewsroom.dpa.com\/?p=228146"},"modified":"2024-04-09T08:53:29","modified_gmt":"2024-04-09T06:53:29","slug":"macron-encourage-la-serbie-a-faire-un-effort-pour-aller-vers-lue","status":"publish","type":"post","link":"https:\/\/europeannewsroom.com\/fr\/macron-encourage-la-serbie-a-faire-un-effort-pour-aller-vers-lue\/","title":{"rendered":"Macron encourage la Serbie \u00e0 faire un effort pour aller vers l\u2019UE"},"content":{"rendered":"\n<p class=\"wp-block-paragraph\">Emmanuel Macron a d\u00e9clar\u00e9 lundi que l&rsquo;avenir de la Serbie se situait \u00ab\u00a0au sein de l&rsquo;Union europ\u00e9enne\u00a0\u00bb et \u00ab\u00a0nulle part ailleurs\u00a0\u00bb et appel\u00e9 le Kosovo&nbsp;et Belgrade \u00e0 faire \u00ab\u00a0chacun sa part du chemin\u00a0\u00bb et \u00e0 \u00ab\u00a0aller plus loin\u00a0\u00bb sur la voie de la normalisation.&nbsp;<\/p>\n\n\n\n<p class=\"wp-block-paragraph\">\u00ab\u00a0La Serbie ne doit pas douter, quelles que soient les blessures du pass\u00e9 r\u00e9cent, que son avenir est au sein de l&rsquo;Union europ\u00e9enne et nulle part ailleurs\u00a0\u00bb, a-t-il d\u00e9clar\u00e9 au c\u00f4t\u00e9 d\u2019Aleksandar Vucic \u00e0 l&rsquo;Elys\u00e9e. \u00ab\u00a0Aucune vicissitude ne doit nous faire douter de ce chemin\u00a0\u00bb, a-t-il insist\u00e9.<\/p>\n\n\n\n<p class=\"wp-block-paragraph\">La Serbie, qui n\u00e9gocie son adh\u00e9sion \u00e0 l\u2019UE, a condamn\u00e9 l&rsquo;invasion de l&rsquo;Ukraine par la Russie mais refuse de se joindre aux sanctions impos\u00e9es \u00e0 Moscou par l&rsquo;Occident et garde des relations privil\u00e9gi\u00e9es avec ce pays.<\/p>\n\n\n\n<p class=\"wp-block-paragraph\">\u00ab\u00a0Il est important que la Serbie continue de concr\u00e9tiser ce choix (europ\u00e9en, ndlr), notamment par un plus grand alignement sur nos d\u00e9cisions de politique \u00e9trang\u00e8re\u00a0\u00bb, a soulign\u00e9 Emmanuel Macron.<\/p>\n","protected":false},"excerpt":{"rendered":"<p>Le pr\u00e9sident fran\u00e7ais Emmanuel Macron, qui a re\u00e7u \u00e0 Paris son homologue serbe Aleksandar Vucic, lui a dit que son pays devait croire \u00e0 son avenir dans l\u2019UE et adh\u00e9rer \u00e0 sa politique \u00e9trang\u00e8re.  <\/p>\n","protected":false},"author":21,"featured_media":228149,"comment_status":"closed","ping_status":"closed","sticky":false,"template":"","format":"standard","meta":{"_acf_changed":false,"_et_pb_use_builder":"","_et_pb_old_content":"","_et_gb_content_width":"","footnotes":""},"categories":[45],"tags":[2663,2661],"class_list":["post-228146","post","type-post","status-publish","format-standard","has-post-thumbnail","hentry","category-europe-in-brief","tag-kosovo-4","tag-serbie"],"acf":[],"_links":{"self":[{"href":"https:\/\/europeannewsroom.com\/fr\/wp-json\/wp\/v2\/posts\/228146","targetHints":{"allow":["GET"]}}],"collection":[{"href":"https:\/\/europeannewsroom.com\/fr\/wp-json\/wp\/v2\/posts"}],"about":[{"href":"https:\/\/europeannewsroom.com\/fr\/wp-json\/wp\/v2\/types\/post"}],"author":[{"embeddable":true,"href":"https:\/\/europeannewsroom.com\/fr\/wp-json\/wp\/v2\/users\/21"}],"replies":[{"embeddable":true,"href":"https:\/\/europeannewsroom.com\/fr\/wp-json\/wp\/v2\/comments?post=228146"}],"version-history":[{"count":0,"href":"https:\/\/europeannewsroom.com\/fr\/wp-json\/wp\/v2\/posts\/228146\/revisions"}],"wp:featuredmedia":[{"embeddable":true,"href":"https:\/\/europeannewsroom.com\/fr\/wp-json\/wp\/v2\/media\/228149"}],"wp:attachment":[{"href":"https:\/\/europeannewsroom.com\/fr\/wp-json\/wp\/v2\/media?parent=228146"}],"wp:term":[{"taxonomy":"category","embeddable":true,"href":"https:\/\/europeannewsroom.com\/fr\/wp-json\/wp\/v2\/categories?post=228146"},{"taxonomy":"post_tag","embeddable":true,"href":"https:\/\/europeannewsroom.com\/fr\/wp-json\/wp\/v2\/tags?post=228146"}],"curies":[{"name":"wp","href":"https:\/\/api.w.org\/{rel}","templated":true}]}}