{"id":228223,"date":"2024-04-09T09:37:16","date_gmt":"2024-04-09T07:37:16","guid":{"rendered":"https:\/\/europeannewsroom.dpa.com\/?p=228223"},"modified":"2024-04-09T09:38:57","modified_gmt":"2024-04-09T07:38:57","slug":"elections-europeennes-des-eveques-inquiets-pour-lavenir-de-lunion","status":"publish","type":"post","link":"https:\/\/europeannewsroom.com\/fr\/elections-europeennes-des-eveques-inquiets-pour-lavenir-de-lunion\/","title":{"rendered":"Elections europ\u00e9ennes : des \u00e9v\u00eaques inquiets pour l\u2019avenir de l\u2019Union"},"content":{"rendered":"\n<p class=\"wp-block-paragraph\">Scy-Chazelles (Est de la France) &#8211; Dans une lettre pastorale publi\u00e9e \u00e0 deux mois des \u00e9lections du 9 juin, intitul\u00e9e \u00ab\u00a0Un souffle nouveau pour l&rsquo;Europe\u00a0\u00bb, huit \u00e9v\u00eaques allemands, belges, fran\u00e7ais et luxembourgeois appellent \u00e0 \u00ab\u00a0un renouveau de la construction europ\u00e9enne (&#8230;) mettant la solidarit\u00e9 et la place de l\u2019homme au c\u0153ur de ce projet\u00a0\u00bb, a indiqu\u00e9 le dioc\u00e8se de Metz (Est de la France) dans un communiqu\u00e9.<\/p>\n\n\n\n<p class=\"wp-block-paragraph\">\u00ab\u00a0L&rsquo;Union europ\u00e9enne court-elle le risque de dispara\u00eetre si elle ne retrouve pas sa raison d&rsquo;\u00eatre ?\u00a0\u00bb, se demandent-ils.<\/p>\n\n\n\n<p class=\"wp-block-paragraph\">\u00ab\u00a0Ce qui paralyse aujourd&rsquo;hui le vivre ensemble europ\u00e9en, c&rsquo;est la crainte de la perte de contr\u00f4le des nations sur leur destin. Une crainte qui provoque le repli sur soi et la tension avec les autres\u00a0\u00bb, notent-ils dans la lettre consult\u00e9e par l&rsquo;AFP. Evoquant cette \u00ab&nbsp;crise nationaliste&nbsp;\u00bb et le ch\u00f4mage, ils d\u00e9plorent des \u00ab&nbsp;incertitudes&nbsp;\u00bb engendrant \u00ab&nbsp;le populisme, qui est aussi la cons\u00e9quence de la crise \u00e9conomique et qui critique le projet europ\u00e9en&nbsp;\u00bb.<\/p>\n","protected":false},"excerpt":{"rendered":"<p>Des \u00e9v\u00eaques catholiques de quatre pays se sont inqui\u00e9t\u00e9s de l\u2019avenir de l\u2019Union europ\u00e9enne, d\u00e9plorant une \u00ab crise nationaliste \u00bb, et critiquant le populisme.<\/p>\n","protected":false},"author":21,"featured_media":228227,"comment_status":"closed","ping_status":"closed","sticky":false,"template":"","format":"standard","meta":{"_acf_changed":false,"_et_pb_use_builder":"","_et_pb_old_content":"","_et_gb_content_width":"","footnotes":""},"categories":[45],"tags":[],"class_list":["post-228223","post","type-post","status-publish","format-standard","has-post-thumbnail","hentry","category-europe-in-brief"],"acf":[],"_links":{"self":[{"href":"https:\/\/europeannewsroom.com\/fr\/wp-json\/wp\/v2\/posts\/228223","targetHints":{"allow":["GET"]}}],"collection":[{"href":"https:\/\/europeannewsroom.com\/fr\/wp-json\/wp\/v2\/posts"}],"about":[{"href":"https:\/\/europeannewsroom.com\/fr\/wp-json\/wp\/v2\/types\/post"}],"author":[{"embeddable":true,"href":"https:\/\/europeannewsroom.com\/fr\/wp-json\/wp\/v2\/users\/21"}],"replies":[{"embeddable":true,"href":"https:\/\/europeannewsroom.com\/fr\/wp-json\/wp\/v2\/comments?post=228223"}],"version-history":[{"count":0,"href":"https:\/\/europeannewsroom.com\/fr\/wp-json\/wp\/v2\/posts\/228223\/revisions"}],"wp:featuredmedia":[{"embeddable":true,"href":"https:\/\/europeannewsroom.com\/fr\/wp-json\/wp\/v2\/media\/228227"}],"wp:attachment":[{"href":"https:\/\/europeannewsroom.com\/fr\/wp-json\/wp\/v2\/media?parent=228223"}],"wp:term":[{"taxonomy":"category","embeddable":true,"href":"https:\/\/europeannewsroom.com\/fr\/wp-json\/wp\/v2\/categories?post=228223"},{"taxonomy":"post_tag","embeddable":true,"href":"https:\/\/europeannewsroom.com\/fr\/wp-json\/wp\/v2\/tags?post=228223"}],"curies":[{"name":"wp","href":"https:\/\/api.w.org\/{rel}","templated":true}]}}