{"id":228973,"date":"2024-04-10T17:03:40","date_gmt":"2024-04-10T15:03:40","guid":{"rendered":"https:\/\/europeannewsroom.dpa.com\/?p=228973"},"modified":"2024-04-10T17:03:47","modified_gmt":"2024-04-10T15:03:47","slug":"elections-europeennes-les-professionnels-de-lautomobile-affichent-leurs-demandes","status":"publish","type":"post","link":"https:\/\/europeannewsroom.com\/fr\/elections-europeennes-les-professionnels-de-lautomobile-affichent-leurs-demandes\/","title":{"rendered":"Elections europ\u00e9ennes\u00a0: les professionnels de l\u2019automobile affichent leurs demandes"},"content":{"rendered":"\n<p class=\"wp-block-paragraph\">Deux organisations patronales des services de l\u2019automobile, les f\u00e9d\u00e9rations fran\u00e7aise Mobilians et allemande Zentralverband Deutsches Kraftfahrzeuggewerbe (ZDK) \u00ab\u00a0soutiennent fondamentalement\u00a0\u00bb l&rsquo;intention de l\u2019UE d\u2019atteindre les objectifs climatiques, mais consid\u00e8rent que les voitures \u00e9lectriques seules \u00ab\u00a0ne suffisent pas \u00e0 y parvenir\u00a0\u00bb, alors qu&rsquo;elles doivent \u00eatre les seules en vente en 2035.\u00a0<\/p>\n\n\n\n<p class=\"wp-block-paragraph\">Elles plaident dans leur d\u00e9claration pour \u00ab\u00a0un mix de solutions, parmi lesquelles les carburants alternatifs ou synth\u00e9tiques\u00a0\u00bb, notamment soutenus par les constructeurs allemands mais aussi par les Fran\u00e7ais Stellantis et Renault.<\/p>\n\n\n\n<p class=\"wp-block-paragraph\">Du c\u00f4t\u00e9 de l&rsquo;\u00e9lectrique, \u00ab\u00a0le plus grand obstacle\u00a0\u00bb pour son d\u00e9veloppement en Europe \u00ab\u00a0reste le scepticisme des clients\u00a0\u00bb, selon les f\u00e9d\u00e9rations.<\/p>\n\n\n\n<p class=\"wp-block-paragraph\">Les voitures restent ch\u00e8res, il n&rsquo;y a pas assez de bornes et il faudrait subventionner au niveau europ\u00e9en tant l&rsquo;achat des voitures que l&rsquo;installation de bornes \u00e9lectriques.<\/p>\n","protected":false},"excerpt":{"rendered":"<p>Les entrepreneurs allemands et fran\u00e7ais du secteur de l\u2019automobile (ventes et r\u00e9parations) ont publi\u00e9 leur liste de demandes pour les \u00e9lections europ\u00e9ennes du mois de juin.<\/p>\n","protected":false},"author":21,"featured_media":228996,"comment_status":"closed","ping_status":"closed","sticky":false,"template":"","format":"standard","meta":{"_acf_changed":false,"_et_pb_use_builder":"","_et_pb_old_content":"","_et_gb_content_width":"","footnotes":""},"categories":[45],"tags":[9309],"class_list":["post-228973","post","type-post","status-publish","format-standard","has-post-thumbnail","hentry","category-europe-in-brief","tag-automobile"],"acf":[],"_links":{"self":[{"href":"https:\/\/europeannewsroom.com\/fr\/wp-json\/wp\/v2\/posts\/228973","targetHints":{"allow":["GET"]}}],"collection":[{"href":"https:\/\/europeannewsroom.com\/fr\/wp-json\/wp\/v2\/posts"}],"about":[{"href":"https:\/\/europeannewsroom.com\/fr\/wp-json\/wp\/v2\/types\/post"}],"author":[{"embeddable":true,"href":"https:\/\/europeannewsroom.com\/fr\/wp-json\/wp\/v2\/users\/21"}],"replies":[{"embeddable":true,"href":"https:\/\/europeannewsroom.com\/fr\/wp-json\/wp\/v2\/comments?post=228973"}],"version-history":[{"count":0,"href":"https:\/\/europeannewsroom.com\/fr\/wp-json\/wp\/v2\/posts\/228973\/revisions"}],"wp:featuredmedia":[{"embeddable":true,"href":"https:\/\/europeannewsroom.com\/fr\/wp-json\/wp\/v2\/media\/228996"}],"wp:attachment":[{"href":"https:\/\/europeannewsroom.com\/fr\/wp-json\/wp\/v2\/media?parent=228973"}],"wp:term":[{"taxonomy":"category","embeddable":true,"href":"https:\/\/europeannewsroom.com\/fr\/wp-json\/wp\/v2\/categories?post=228973"},{"taxonomy":"post_tag","embeddable":true,"href":"https:\/\/europeannewsroom.com\/fr\/wp-json\/wp\/v2\/tags?post=228973"}],"curies":[{"name":"wp","href":"https:\/\/api.w.org\/{rel}","templated":true}]}}