{"id":230079,"date":"2024-04-13T19:54:12","date_gmt":"2024-04-13T17:54:12","guid":{"rendered":"https:\/\/europeannewsroom.dpa.com\/?p=230079"},"modified":"2024-04-13T19:54:20","modified_gmt":"2024-04-13T17:54:20","slug":"pro-europeen-egale-pro-francais-dit-le-chef-du-gouvernement-albanais","status":"publish","type":"post","link":"https:\/\/europeannewsroom.com\/fr\/pro-europeen-egale-pro-francais-dit-le-chef-du-gouvernement-albanais\/","title":{"rendered":"\u00ab\u00a0Pro-europ\u00e9en\u00a0\u00bb \u00e9gale \u00ab\u00a0pro-fran\u00e7ais\u00a0\u00bb, dit le chef du gouvernement albanais"},"content":{"rendered":"\n<p class=\"wp-block-paragraph\">Paris &#8211; \u00ab\u00a0On est pro-fran\u00e7ais parce qu&rsquo;\u00eatre pro-fran\u00e7ais, c&rsquo;est un peu l&rsquo;\u00e9talon du +\u00eatre pro-europ\u00e9en+. Tu ne peux pas \u00eatre pro-europ\u00e9en et ne pas \u00eatre pro-fran\u00e7ais\u00a0\u00bb, a d\u00e9clar\u00e9 Edi Rama, en fran\u00e7ais, lors d&rsquo;une visite \u00e0 l&rsquo;Elys\u00e9e vendredi.\u00a0<\/p>\n\n\n\n<p class=\"wp-block-paragraph\">Emmanuel Macron a lui salu\u00e9 une \u00ab\u00a0relation singuli\u00e8re\u00a0\u00bb entre les deux pays ainsi que le chemin de l&rsquo;Albanie vers l&rsquo;Europe.<\/p>\n\n\n\n<p class=\"wp-block-paragraph\">Il a \u00e9voqu\u00e9 \u00ab\u00a0une r\u00e9volution profonde, une ouverture r\u00e9solue\u00a0\u00bb de cet ancien pays du bloc communiste et \u00ab\u00a0l&rsquo;ensemble des r\u00e9formes, textes pris et la capacit\u00e9 \u00e0 avancer sous votre commandement\u00a0\u00bb.<\/p>\n\n\n\n<p class=\"wp-block-paragraph\">Les deux pays ont par ailleurs sign\u00e9 un accord intergouvernemental comprenant notamment l&rsquo;octroi d&rsquo;un pr\u00eat de 120 millions d&rsquo;euros de l&rsquo;Agence fran\u00e7aise de d\u00e9veloppement (AFD) pour aider Tirana en mati\u00e8re d&rsquo;efficacit\u00e9 \u00e9nerg\u00e9tique.<\/p>\n","protected":false},"excerpt":{"rendered":"<p>Re\u00e7u par le pr\u00e9sident Emmanuel Macron, le Premier ministre albanais Edi Rama a lou\u00e9 le partenariat avec la France, qu\u2019il a plac\u00e9 dans le contexte europ\u00e9en.<\/p>\n","protected":false},"author":21,"featured_media":230080,"comment_status":"closed","ping_status":"closed","sticky":false,"template":"","format":"standard","meta":{"_acf_changed":false,"_et_pb_use_builder":"","_et_pb_old_content":"","_et_gb_content_width":"","footnotes":""},"categories":[45],"tags":[],"class_list":["post-230079","post","type-post","status-publish","format-standard","has-post-thumbnail","hentry","category-europe-in-brief"],"acf":[],"_links":{"self":[{"href":"https:\/\/europeannewsroom.com\/fr\/wp-json\/wp\/v2\/posts\/230079","targetHints":{"allow":["GET"]}}],"collection":[{"href":"https:\/\/europeannewsroom.com\/fr\/wp-json\/wp\/v2\/posts"}],"about":[{"href":"https:\/\/europeannewsroom.com\/fr\/wp-json\/wp\/v2\/types\/post"}],"author":[{"embeddable":true,"href":"https:\/\/europeannewsroom.com\/fr\/wp-json\/wp\/v2\/users\/21"}],"replies":[{"embeddable":true,"href":"https:\/\/europeannewsroom.com\/fr\/wp-json\/wp\/v2\/comments?post=230079"}],"version-history":[{"count":0,"href":"https:\/\/europeannewsroom.com\/fr\/wp-json\/wp\/v2\/posts\/230079\/revisions"}],"wp:featuredmedia":[{"embeddable":true,"href":"https:\/\/europeannewsroom.com\/fr\/wp-json\/wp\/v2\/media\/230080"}],"wp:attachment":[{"href":"https:\/\/europeannewsroom.com\/fr\/wp-json\/wp\/v2\/media?parent=230079"}],"wp:term":[{"taxonomy":"category","embeddable":true,"href":"https:\/\/europeannewsroom.com\/fr\/wp-json\/wp\/v2\/categories?post=230079"},{"taxonomy":"post_tag","embeddable":true,"href":"https:\/\/europeannewsroom.com\/fr\/wp-json\/wp\/v2\/tags?post=230079"}],"curies":[{"name":"wp","href":"https:\/\/api.w.org\/{rel}","templated":true}]}}