{"id":230496,"date":"2024-04-15T21:31:12","date_gmt":"2024-04-15T19:31:12","guid":{"rendered":"https:\/\/europeannewsroom.dpa.com\/?p=230496"},"modified":"2024-04-15T21:31:18","modified_gmt":"2024-04-15T19:31:18","slug":"europeennes-lextreme-droite-francaise-monte-encore","status":"publish","type":"post","link":"https:\/\/europeannewsroom.com\/fr\/europeennes-lextreme-droite-francaise-monte-encore\/","title":{"rendered":"Europ\u00e9ennes : l\u2019extr\u00eame droite fran\u00e7aise monte encore"},"content":{"rendered":"\n<p class=\"wp-block-paragraph\">Paris \u2013 La liste du parti de Marine Le Pen est cr\u00e9dit\u00e9e de 32,5% et distance de plus en plus celle du camp du pr\u00e9sident Emmanuel Macron, qui perd un point et se retrouve \u00e0 18%, selon un sondage Ifop-Fiducial pour LCI, Sud Radio et Le Figaro publi\u00e9 lundi, \u00e0 moins de deux mois des \u00e9lections au Parlement europ\u00e9en.<\/p>\n\n\n\n<p class=\"wp-block-paragraph\">Les r\u00e9sultats de ce sondage sont publi\u00e9s quotidiennement depuis une semaine et la liste emmen\u00e9e par le pr\u00e9sident du RN Jordan Bardella n&rsquo;avait jamais \u00e9t\u00e9 aussi haute. &nbsp;<\/p>\n\n\n\n<p class=\"wp-block-paragraph\">Par rapport au 8 avril, RN gagne un demi-point, tandis que celle du camp pr\u00e9sidentiel, dont la t\u00eate de liste est Val\u00e9rie Hayer, en perd un.<\/p>\n\n\n\n<p class=\"wp-block-paragraph\">Suivent ensuite la liste Parti socialiste-Place publique de Rapha\u00ebl Glucksmann (12%, +1 point), puis celles des R\u00e9publicains (droite, Fran\u00e7ois-Xavier Bellamy, 8%, +0,5) et de La France insoumise (gauche radicale, Manon Aubry, 7,5%, stable).<\/p>\n\n\n\n<p class=\"wp-block-paragraph\">Les Ecologistes emmen\u00e9s par Marie Toussaint (7%, +0,5) et la liste Reconqu\u00eate (extr\u00eame droite) de Marion Mar\u00e9chal (6%, stable) figurent toujours hors du top 5 selon cette enqu\u00eate. (15.04.2024)<\/p>\n","protected":false},"excerpt":{"rendered":"<p>Le principal parti d\u2019extr\u00eame droite fran\u00e7ais, Rassemblement national (RN) renforce sa position en t\u00eate des intentions de vote aux \u00e9lections europ\u00e9ennes, selon un sondage.<\/p>\n","protected":false},"author":21,"featured_media":213847,"comment_status":"closed","ping_status":"closed","sticky":false,"template":"","format":"standard","meta":{"_acf_changed":false,"_et_pb_use_builder":"","_et_pb_old_content":"","_et_gb_content_width":"","footnotes":""},"categories":[45],"tags":[],"class_list":["post-230496","post","type-post","status-publish","format-standard","has-post-thumbnail","hentry","category-europe-in-brief"],"acf":[],"_links":{"self":[{"href":"https:\/\/europeannewsroom.com\/fr\/wp-json\/wp\/v2\/posts\/230496","targetHints":{"allow":["GET"]}}],"collection":[{"href":"https:\/\/europeannewsroom.com\/fr\/wp-json\/wp\/v2\/posts"}],"about":[{"href":"https:\/\/europeannewsroom.com\/fr\/wp-json\/wp\/v2\/types\/post"}],"author":[{"embeddable":true,"href":"https:\/\/europeannewsroom.com\/fr\/wp-json\/wp\/v2\/users\/21"}],"replies":[{"embeddable":true,"href":"https:\/\/europeannewsroom.com\/fr\/wp-json\/wp\/v2\/comments?post=230496"}],"version-history":[{"count":0,"href":"https:\/\/europeannewsroom.com\/fr\/wp-json\/wp\/v2\/posts\/230496\/revisions"}],"wp:featuredmedia":[{"embeddable":true,"href":"https:\/\/europeannewsroom.com\/fr\/wp-json\/wp\/v2\/media\/213847"}],"wp:attachment":[{"href":"https:\/\/europeannewsroom.com\/fr\/wp-json\/wp\/v2\/media?parent=230496"}],"wp:term":[{"taxonomy":"category","embeddable":true,"href":"https:\/\/europeannewsroom.com\/fr\/wp-json\/wp\/v2\/categories?post=230496"},{"taxonomy":"post_tag","embeddable":true,"href":"https:\/\/europeannewsroom.com\/fr\/wp-json\/wp\/v2\/tags?post=230496"}],"curies":[{"name":"wp","href":"https:\/\/api.w.org\/{rel}","templated":true}]}}