{"id":230918,"date":"2024-04-16T19:30:28","date_gmt":"2024-04-16T17:30:28","guid":{"rendered":"https:\/\/europeannewsroom.dpa.com\/?p=230918"},"modified":"2024-04-16T19:30:37","modified_gmt":"2024-04-16T17:30:37","slug":"des-syndicats-europeens-font-front-commun-contre-lextreme-droite","status":"publish","type":"post","link":"https:\/\/europeannewsroom.com\/fr\/des-syndicats-europeens-font-front-commun-contre-lextreme-droite\/","title":{"rendered":"Des syndicats europ\u00e9ens font front commun contre l&rsquo;extr\u00eame droite"},"content":{"rendered":"\n<p class=\"wp-block-paragraph\">Paris &#8211; Les deux premiers syndicats fran\u00e7ais, la CGT et la CFDT, ont organis\u00e9 mardi une conf\u00e9rence de presse commune avec d&rsquo;autres syndicats europ\u00e9ens, affichant une m\u00eame volont\u00e9 de \u00ab\u00a0d\u00e9masquer l&rsquo;imposture sociale de l&rsquo;extr\u00eame droite\u00a0\u00bb, donn\u00e9e en progression \u00e0 l&rsquo;approche des \u00e9lections europ\u00e9ennes.<\/p>\n\n\n\n<p class=\"wp-block-paragraph\">\u00ab\u00a0L&rsquo;extr\u00eame-droite se coordonne au niveau europ\u00e9en, nous aussi\u00a0\u00bb, s&rsquo;est f\u00e9licit\u00e9e la cheffe de la CGT Sophie Binet aux c\u00f4t\u00e9s de d\u00e9l\u00e9gu\u00e9s des conf\u00e9d\u00e9rations allemande DGB et italienne CGIL, ainsi que de la Conf\u00e9d\u00e9ration europ\u00e9enne des syndicats (CES).<\/p>\n\n\n\n<p class=\"wp-block-paragraph\">Citant l&rsquo;Alternative pour l&rsquo;Allemagne (AfD) ou le gouvernement de Giorgia Meloni en Italie, Sophie Binet a affirm\u00e9 que \u00ab\u00a0le point commun de toutes&nbsp;ces extr\u00eames-droites europ\u00e9ennes est qu&rsquo;effectivement, elles savent qu&rsquo;il faut qu&rsquo;elles gagnent le vote des travailleurs, mais au fond elles ont un logiciel au service du capital, pro-patronal\u00a0\u00bb.<\/p>\n\n\n\n<p class=\"wp-block-paragraph\">\u00ab\u00a0Nous sommes les pare-feux&nbsp;contre l&rsquo;extr\u00eame-droite\u00a0\u00bb, a rench\u00e9ri la secr\u00e9taire g\u00e9n\u00e9rale adjointe de la CES Isabelle Sch\u00f6mann.<\/p>\n","protected":false},"excerpt":{"rendered":"<p>R\u00e9unis \u00e0 Paris, les repr\u00e9sentants de plusieurs syndicats europ\u00e9ens, ont affich\u00e9 leur d\u00e9termination \u00e0 s\u2019opposer \u00e0 l\u2019extr\u00eame droite, accus\u00e9e de vouloir gagner des voix des travailleurs en vue des \u00e9lections europ\u00e9ennes.<\/p>\n","protected":false},"author":21,"featured_media":230945,"comment_status":"closed","ping_status":"closed","sticky":false,"template":"","format":"standard","meta":{"_acf_changed":false,"_et_pb_use_builder":"","_et_pb_old_content":"","_et_gb_content_width":"","footnotes":""},"categories":[45],"tags":[14126],"class_list":["post-230918","post","type-post","status-publish","format-standard","has-post-thumbnail","hentry","category-europe-in-brief","tag-syndicats"],"acf":[],"_links":{"self":[{"href":"https:\/\/europeannewsroom.com\/fr\/wp-json\/wp\/v2\/posts\/230918","targetHints":{"allow":["GET"]}}],"collection":[{"href":"https:\/\/europeannewsroom.com\/fr\/wp-json\/wp\/v2\/posts"}],"about":[{"href":"https:\/\/europeannewsroom.com\/fr\/wp-json\/wp\/v2\/types\/post"}],"author":[{"embeddable":true,"href":"https:\/\/europeannewsroom.com\/fr\/wp-json\/wp\/v2\/users\/21"}],"replies":[{"embeddable":true,"href":"https:\/\/europeannewsroom.com\/fr\/wp-json\/wp\/v2\/comments?post=230918"}],"version-history":[{"count":0,"href":"https:\/\/europeannewsroom.com\/fr\/wp-json\/wp\/v2\/posts\/230918\/revisions"}],"wp:featuredmedia":[{"embeddable":true,"href":"https:\/\/europeannewsroom.com\/fr\/wp-json\/wp\/v2\/media\/230945"}],"wp:attachment":[{"href":"https:\/\/europeannewsroom.com\/fr\/wp-json\/wp\/v2\/media?parent=230918"}],"wp:term":[{"taxonomy":"category","embeddable":true,"href":"https:\/\/europeannewsroom.com\/fr\/wp-json\/wp\/v2\/categories?post=230918"},{"taxonomy":"post_tag","embeddable":true,"href":"https:\/\/europeannewsroom.com\/fr\/wp-json\/wp\/v2\/tags?post=230918"}],"curies":[{"name":"wp","href":"https:\/\/api.w.org\/{rel}","templated":true}]}}