{"id":231023,"date":"2024-04-17T10:14:05","date_gmt":"2024-04-17T08:14:05","guid":{"rendered":"https:\/\/europeannewsroom.dpa.com\/?p=231023"},"modified":"2024-04-17T10:14:15","modified_gmt":"2024-04-17T08:14:15","slug":"europeennes-campagne-de-desinformation-contre-la-tete-de-liste-des-socialistes-francais","status":"publish","type":"post","link":"https:\/\/europeannewsroom.com\/fr\/europeennes-campagne-de-desinformation-contre-la-tete-de-liste-des-socialistes-francais\/","title":{"rendered":"Europ\u00e9ennes : campagne de d\u00e9sinformation contre la t\u00eate de liste des socialistes fran\u00e7ais"},"content":{"rendered":"\n<p class=\"wp-block-paragraph\">Rapha\u00ebl Glucksmann, t\u00eate de liste des socialistes fran\u00e7ais pour les \u00e9lections europ\u00e9ennes, a \u00e9t\u00e9 averti d&rsquo;une campagne de d\u00e9sinformation le visant sur les r\u00e9seaux sociaux, provenant de comptes li\u00e9s \u00e0 la Chine, a fait savoir son entourage \u00e0 l&rsquo;AFP.<\/p>\n\n\n\n<p class=\"wp-block-paragraph\">M. Glucksmann \u00ab\u00a0fait l\u2019objet de man\u0153uvres informationnelles d\u2019acteurs prochinois et venant de comptes prochinois, qui l\u2019accusent d\u2019\u00eatre le cheval de Troie des Am\u00e9ricains &#8211; notamment de la CIA en Europe\u00a0\u00bb, a confirm\u00e9 \u00e0 l&rsquo;AFP une source s\u00e9curitaire.<\/p>\n\n\n\n<p class=\"wp-block-paragraph\">Il a \u00e9t\u00e9 averti de cette campagne par l&rsquo;organisme gouvernemental Viginum, charg\u00e9 de traquer la d\u00e9sinformation en p\u00e9riode \u00e9lectorale.<\/p>\n\n\n\n<p class=\"wp-block-paragraph\">\u00ab\u00a0Nous ne nous laisserons pas intimider\u00a0\u00bb, a assur\u00e9 en retour l\u2019eurod\u00e9put\u00e9 sur X. &nbsp;<\/p>\n\n\n\n<p class=\"wp-block-paragraph\">Fondateur de la petite formation de gauche Place Publique, il b\u00e9n\u00e9ficie de sondages encourageants&nbsp;: sa liste obtiendrait ainsi autour de 12-13% des votes, contre 16-18% pour le camp du pr\u00e9sident Emmanuel Macron, et 30-32% pour le Rassemblement national (extr\u00eame droite). (16.04.2024)<\/p>\n","protected":false},"excerpt":{"rendered":"<p>Une campagne de d\u00e9sinformation attribu\u00e9e \u00e0 des sources prochinoises accuse l&rsquo;eurod\u00e9put\u00e9 socialiste fran\u00e7ais Rapha\u00ebl Glucksmann de travailler pour les Am\u00e9ricains en Europe. <\/p>\n","protected":false},"author":21,"featured_media":231024,"comment_status":"closed","ping_status":"closed","sticky":false,"template":"","format":"standard","meta":{"_acf_changed":false,"_et_pb_use_builder":"","_et_pb_old_content":"","_et_gb_content_width":"","footnotes":""},"categories":[45],"tags":[],"class_list":["post-231023","post","type-post","status-publish","format-standard","has-post-thumbnail","hentry","category-europe-in-brief"],"acf":[],"_links":{"self":[{"href":"https:\/\/europeannewsroom.com\/fr\/wp-json\/wp\/v2\/posts\/231023","targetHints":{"allow":["GET"]}}],"collection":[{"href":"https:\/\/europeannewsroom.com\/fr\/wp-json\/wp\/v2\/posts"}],"about":[{"href":"https:\/\/europeannewsroom.com\/fr\/wp-json\/wp\/v2\/types\/post"}],"author":[{"embeddable":true,"href":"https:\/\/europeannewsroom.com\/fr\/wp-json\/wp\/v2\/users\/21"}],"replies":[{"embeddable":true,"href":"https:\/\/europeannewsroom.com\/fr\/wp-json\/wp\/v2\/comments?post=231023"}],"version-history":[{"count":0,"href":"https:\/\/europeannewsroom.com\/fr\/wp-json\/wp\/v2\/posts\/231023\/revisions"}],"wp:featuredmedia":[{"embeddable":true,"href":"https:\/\/europeannewsroom.com\/fr\/wp-json\/wp\/v2\/media\/231024"}],"wp:attachment":[{"href":"https:\/\/europeannewsroom.com\/fr\/wp-json\/wp\/v2\/media?parent=231023"}],"wp:term":[{"taxonomy":"category","embeddable":true,"href":"https:\/\/europeannewsroom.com\/fr\/wp-json\/wp\/v2\/categories?post=231023"},{"taxonomy":"post_tag","embeddable":true,"href":"https:\/\/europeannewsroom.com\/fr\/wp-json\/wp\/v2\/tags?post=231023"}],"curies":[{"name":"wp","href":"https:\/\/api.w.org\/{rel}","templated":true}]}}