{"id":231807,"date":"2024-04-18T21:39:39","date_gmt":"2024-04-18T19:39:39","guid":{"rendered":"https:\/\/europeannewsroom.dpa.com\/?p=231807"},"modified":"2024-04-18T21:39:45","modified_gmt":"2024-04-18T19:39:45","slug":"macron-presentera-ses-objectifs-europeens-dans-un-discours-a-la-sorbonne","status":"publish","type":"post","link":"https:\/\/europeannewsroom.com\/fr\/macron-presentera-ses-objectifs-europeens-dans-un-discours-a-la-sorbonne\/","title":{"rendered":"Macron pr\u00e9sentera ses objectifs europ\u00e9ens dans un discours \u00e0 la Sorbonne"},"content":{"rendered":"\n<p class=\"wp-block-paragraph\">Bruxelles \u2013 Emmanuel Macron a l\u2019intention d\u2019exposer ses grandes orientations europ\u00e9ennes en reprenant jeudi prochain la formule d\u2019un discours \u00e0 la Sorbonne qu\u2019il avait choisie en 2017.<\/p>\n\n\n\n<p class=\"wp-block-paragraph\">\u00ab\u00a0Je donnerai un peu le cap de ce que le pays a fait et ce vers quoi nous allons et surtout pour les ann\u00e9es \u00e0 venir\u00a0\u00bb, a dit le chef de l&rsquo;Etat, interrog\u00e9 en conf\u00e9rence de presse \u00e0 l&rsquo;issue du Conseil europ\u00e9en \u00e0 Bruxelles.&nbsp;<\/p>\n\n\n\n<p class=\"wp-block-paragraph\">Le 26 septembre 2017, quatre mois apr\u00e8s le d\u00e9but de son premier quinquennat, Emmanuel Macron avait pr\u00e9sent\u00e9 une ambitieuse s\u00e9rie de propositions, notamment la cr\u00e9ation d&rsquo;une v\u00e9ritable d\u00e9fense commune.<\/p>\n\n\n\n<p class=\"wp-block-paragraph\">&nbsp;Il avait alors prononc\u00e9 un vibrant plaidoyer pour l\u2019UE, d\u00e9pourvue selon lui de vision de long terme depuis des ann\u00e9es, enlis\u00e9e dans la bureaucratie et la surr\u00e8glementation, une Europe \u00ab&nbsp;trop faible, trop lente, trop inefficace&nbsp;\u00bb.<\/p>\n\n\n\n<p class=\"wp-block-paragraph\">Ce discours solennel de plus d\u2019une heure et demie avait pris de court un certain nombre de ses partenaires, \u00e0 commencer par la chanceli\u00e8re allemande Angela Merkel. (18.04.2024)<\/p>\n","protected":false},"excerpt":{"rendered":"<p>Le pr\u00e9sident fran\u00e7ais Emmanuel Macron prononcera un discours sur l\u2019Europe, le 25 avril \u00e0 Paris, a-t-il annonc\u00e9 jeudi \u00e0 Bruxelles. <\/p>\n","protected":false},"author":21,"featured_media":231808,"comment_status":"closed","ping_status":"closed","sticky":false,"template":"","format":"standard","meta":{"_acf_changed":false,"_et_pb_use_builder":"","_et_pb_old_content":"","_et_gb_content_width":"","footnotes":""},"categories":[45],"tags":[],"class_list":["post-231807","post","type-post","status-publish","format-standard","has-post-thumbnail","hentry","category-europe-in-brief"],"acf":[],"_links":{"self":[{"href":"https:\/\/europeannewsroom.com\/fr\/wp-json\/wp\/v2\/posts\/231807","targetHints":{"allow":["GET"]}}],"collection":[{"href":"https:\/\/europeannewsroom.com\/fr\/wp-json\/wp\/v2\/posts"}],"about":[{"href":"https:\/\/europeannewsroom.com\/fr\/wp-json\/wp\/v2\/types\/post"}],"author":[{"embeddable":true,"href":"https:\/\/europeannewsroom.com\/fr\/wp-json\/wp\/v2\/users\/21"}],"replies":[{"embeddable":true,"href":"https:\/\/europeannewsroom.com\/fr\/wp-json\/wp\/v2\/comments?post=231807"}],"version-history":[{"count":0,"href":"https:\/\/europeannewsroom.com\/fr\/wp-json\/wp\/v2\/posts\/231807\/revisions"}],"wp:featuredmedia":[{"embeddable":true,"href":"https:\/\/europeannewsroom.com\/fr\/wp-json\/wp\/v2\/media\/231808"}],"wp:attachment":[{"href":"https:\/\/europeannewsroom.com\/fr\/wp-json\/wp\/v2\/media?parent=231807"}],"wp:term":[{"taxonomy":"category","embeddable":true,"href":"https:\/\/europeannewsroom.com\/fr\/wp-json\/wp\/v2\/categories?post=231807"},{"taxonomy":"post_tag","embeddable":true,"href":"https:\/\/europeannewsroom.com\/fr\/wp-json\/wp\/v2\/tags?post=231807"}],"curies":[{"name":"wp","href":"https:\/\/api.w.org\/{rel}","templated":true}]}}