{"id":232283,"date":"2024-04-19T19:16:31","date_gmt":"2024-04-19T17:16:31","guid":{"rendered":"https:\/\/europeannewsroom.dpa.com\/?p=232283"},"modified":"2024-04-19T19:16:38","modified_gmt":"2024-04-19T17:16:38","slug":"europeennes-une-eurodepute-ecologiste-francaise-prone-une-souverainete-pharmaceutique-europeenne","status":"publish","type":"post","link":"https:\/\/europeannewsroom.com\/fr\/europeennes-une-eurodepute-ecologiste-francaise-prone-une-souverainete-pharmaceutique-europeenne\/","title":{"rendered":"Europ\u00e9ennes\u00a0: une eurod\u00e9put\u00e9 \u00e9cologiste fran\u00e7aise pr\u00f4ne \u00ab\u00a0une souverainet\u00e9 pharmaceutique europ\u00e9enne\u00a0\u00bb"},"content":{"rendered":"\n<p class=\"wp-block-paragraph\">Paris \u2013 L\u2019eurod\u00e9put\u00e9e \u00e9cologiste fran\u00e7aise Marie Toussaint a pr\u00e9sent\u00e9 vendredi son objectif d\u2019une \u00ab&nbsp;souverainet\u00e9 pharmaceutique europ\u00e9enne&nbsp;\u00bb, en r\u00e9ponse \u00e0 la possible vente du g\u00e9ant fran\u00e7ais des m\u00e9dicaments g\u00e9n\u00e9riques Biogaran par le groupe Servier.<\/p>\n\n\n\n<p class=\"wp-block-paragraph\">\u00ab\u00a0Nous avons besoin d&rsquo;un droit de pr\u00e9emption europ\u00e9en pour \u00e9viter les d\u00e9localisations\u00a0\u00bb, a-t-elle expliqu\u00e9 aux journalistes. &nbsp;<\/p>\n\n\n\n<p class=\"wp-block-paragraph\">L&rsquo;enjeu, c&rsquo;est \u00ab&nbsp;comment est-ce qu&rsquo;on recr\u00e9e des capacit\u00e9s de production de m\u00e9dicaments en France et en Roumanie et en Pologne et au Portugal\u00a0\u00bb, a-t-elle d\u00e9taill\u00e9, rappelant que les Ecologistes sont un parti \u00ab\u00a0f\u00e9d\u00e9raliste\u00a0\u00bb.&nbsp;<\/p>\n\n\n\n<p class=\"wp-block-paragraph\">Selon plusieurs m\u00e9dias, au moins deux acqu\u00e9reurs indiens sont sur les rangs pour reprendre Biogaran.<\/p>\n\n\n\n<p class=\"wp-block-paragraph\">La candidate a \u00e9galement plaid\u00e9 pour un \u00ab\u00a0Airbus du m\u00e9dicament\u00a0\u00bb, donc une coop\u00e9ration industrielle europ\u00e9enne, \u00ab\u00a0en particulier pour produire les substances actives\u00a0\u00bb.<\/p>\n\n\n\n<p class=\"wp-block-paragraph\">\u00ab\u00a0On ne peut pas continuer \u00e0 importer 80&nbsp;% d&rsquo;entre elles depuis la Chine et l&rsquo;Inde, ce n&rsquo;est pas possible, ce n&rsquo;est pas acceptable&nbsp;\u00bb, a-t-elle dit. (19.04.2024)<\/p>\n","protected":false},"excerpt":{"rendered":"<p>La t\u00eate de liste des Ecologistes fran\u00e7ais pour les \u00e9lections europ\u00e9ennes plaide pour \u00ab\u00a0une souverainet\u00e9 pharmaceutique europ\u00e9enne\u00a0\u00bb et d\u00e9plore la d\u00e9pendance des importations de substances actives de Chine et d\u2019Inde.<\/p>\n","protected":false},"author":21,"featured_media":232284,"comment_status":"closed","ping_status":"closed","sticky":false,"template":"","format":"standard","meta":{"_acf_changed":false,"_et_pb_use_builder":"","_et_pb_old_content":"","_et_gb_content_width":"","footnotes":""},"categories":[45],"tags":[14187,11134],"class_list":["post-232283","post","type-post","status-publish","format-standard","has-post-thumbnail","hentry","category-europe-in-brief","tag-ecologie","tag-pharmacie"],"acf":[],"_links":{"self":[{"href":"https:\/\/europeannewsroom.com\/fr\/wp-json\/wp\/v2\/posts\/232283","targetHints":{"allow":["GET"]}}],"collection":[{"href":"https:\/\/europeannewsroom.com\/fr\/wp-json\/wp\/v2\/posts"}],"about":[{"href":"https:\/\/europeannewsroom.com\/fr\/wp-json\/wp\/v2\/types\/post"}],"author":[{"embeddable":true,"href":"https:\/\/europeannewsroom.com\/fr\/wp-json\/wp\/v2\/users\/21"}],"replies":[{"embeddable":true,"href":"https:\/\/europeannewsroom.com\/fr\/wp-json\/wp\/v2\/comments?post=232283"}],"version-history":[{"count":0,"href":"https:\/\/europeannewsroom.com\/fr\/wp-json\/wp\/v2\/posts\/232283\/revisions"}],"wp:featuredmedia":[{"embeddable":true,"href":"https:\/\/europeannewsroom.com\/fr\/wp-json\/wp\/v2\/media\/232284"}],"wp:attachment":[{"href":"https:\/\/europeannewsroom.com\/fr\/wp-json\/wp\/v2\/media?parent=232283"}],"wp:term":[{"taxonomy":"category","embeddable":true,"href":"https:\/\/europeannewsroom.com\/fr\/wp-json\/wp\/v2\/categories?post=232283"},{"taxonomy":"post_tag","embeddable":true,"href":"https:\/\/europeannewsroom.com\/fr\/wp-json\/wp\/v2\/tags?post=232283"}],"curies":[{"name":"wp","href":"https:\/\/api.w.org\/{rel}","templated":true}]}}