{"id":232842,"date":"2024-04-22T17:31:57","date_gmt":"2024-04-22T15:31:57","guid":{"rendered":"https:\/\/europeannewsroom.dpa.com\/?p=232842"},"modified":"2024-04-24T14:37:18","modified_gmt":"2024-04-24T12:37:18","slug":"europeennes-les-francs-macons-sinquietent-du-danger-du-populisme","status":"publish","type":"post","link":"https:\/\/europeannewsroom.com\/fr\/europeennes-les-francs-macons-sinquietent-du-danger-du-populisme\/","title":{"rendered":"Europ\u00e9ennes : Les francs-ma\u00e7ons s&rsquo;inqui\u00e8tent du danger du populisme"},"content":{"rendered":"\n<p class=\"wp-block-paragraph\">Strasbourg &#8211; Des ob\u00e9diences ma\u00e7onniques europ\u00e9ennes ont lanc\u00e9 lundi \u00e0 Strasbourg un \u00ab\u00a0appel \u00e0 une Europe des libert\u00e9s\u00a0\u00bb, faisant le constat que \u00ab\u00a0l&rsquo;id\u00e9al europ\u00e9en\u00a0\u00bb et ses \u00ab\u00a0fondements universalistes\u00a0\u00bb sont \u00ab\u00a0en danger\u00a0\u00bb \u00e0 quelques semaines des \u00e9lections europ\u00e9ennes.<\/p>\n\n\n\n<p class=\"wp-block-paragraph\">\u00ab\u00a0Le 9 juin prochain, nous allons \u00eatre amen\u00e9s \u00e0 \u00e9lire nos repr\u00e9sentants (au Parlement europ\u00e9en), donc c&rsquo;est un geste grave dans un contexte o\u00f9 les partis populistes progressent en Europe, et notamment l&rsquo;extr\u00eame-droite\u00a0\u00bb,&nbsp;a d\u00e9clar\u00e9 \u00e0 l&rsquo;AFP Guillaume Trichard, Grand Ma\u00eetre du Grand Orient de France.<\/p>\n\n\n\n<p class=\"wp-block-paragraph\">L&rsquo;appel est sign\u00e9 par 21 ob\u00e9diences ma\u00e7onniques, dont le Grand Orient de Belgique, celui de Hongrie et celui de Pologne, ainsi que la Grande Loge symbolique d&rsquo;Espagne et la Grande Loge lib\u00e9rale d&rsquo;Autriche.<\/p>\n\n\n\n<p class=\"wp-block-paragraph\">Il met en garde contre \u00ab\u00a0des courants politiques qui ne cachent pas leur volont\u00e9 de remettre en question un \u00e9difice b\u00e2ti depuis plusieurs d\u00e9cennies au service de la paix, du droit et de l&rsquo;\u00e9mancipation\u00a0\u00bb. (22.04.2024)<\/p>\n","protected":false},"excerpt":{"rendered":"<p>Les francs-ma\u00e7ons d&rsquo;Europe se sont r\u00e9unis \u00e0 Strasbourg pour lancer un \u00ab\u00a0Appel pour une Europe des libert\u00e9s\u00a0\u00bb face \u00e0 la mont\u00e9e des populismes<\/p>\n","protected":false},"author":21,"featured_media":232844,"comment_status":"closed","ping_status":"closed","sticky":false,"template":"","format":"standard","meta":{"_acf_changed":false,"_et_pb_use_builder":"","_et_pb_old_content":"","_et_gb_content_width":"","footnotes":""},"categories":[45],"tags":[14225,14226],"class_list":["post-232842","post","type-post","status-publish","format-standard","has-post-thumbnail","hentry","category-europe-in-brief","tag-francs-macons","tag-populisme"],"acf":[],"_links":{"self":[{"href":"https:\/\/europeannewsroom.com\/fr\/wp-json\/wp\/v2\/posts\/232842","targetHints":{"allow":["GET"]}}],"collection":[{"href":"https:\/\/europeannewsroom.com\/fr\/wp-json\/wp\/v2\/posts"}],"about":[{"href":"https:\/\/europeannewsroom.com\/fr\/wp-json\/wp\/v2\/types\/post"}],"author":[{"embeddable":true,"href":"https:\/\/europeannewsroom.com\/fr\/wp-json\/wp\/v2\/users\/21"}],"replies":[{"embeddable":true,"href":"https:\/\/europeannewsroom.com\/fr\/wp-json\/wp\/v2\/comments?post=232842"}],"version-history":[{"count":0,"href":"https:\/\/europeannewsroom.com\/fr\/wp-json\/wp\/v2\/posts\/232842\/revisions"}],"wp:featuredmedia":[{"embeddable":true,"href":"https:\/\/europeannewsroom.com\/fr\/wp-json\/wp\/v2\/media\/232844"}],"wp:attachment":[{"href":"https:\/\/europeannewsroom.com\/fr\/wp-json\/wp\/v2\/media?parent=232842"}],"wp:term":[{"taxonomy":"category","embeddable":true,"href":"https:\/\/europeannewsroom.com\/fr\/wp-json\/wp\/v2\/categories?post=232842"},{"taxonomy":"post_tag","embeddable":true,"href":"https:\/\/europeannewsroom.com\/fr\/wp-json\/wp\/v2\/tags?post=232842"}],"curies":[{"name":"wp","href":"https:\/\/api.w.org\/{rel}","templated":true}]}}