{"id":316596,"date":"2024-04-24T12:51:00","date_gmt":"2024-04-24T10:51:00","guid":{"rendered":"https:\/\/europeannewsroom.com\/?p=316596"},"modified":"2024-07-17T13:00:12","modified_gmt":"2024-07-17T11:00:12","slug":"workplace-europe-la-fondation-hans-bockler-visite-la-european-newsroom","status":"publish","type":"post","link":"https:\/\/europeannewsroom.com\/fr\/workplace-europe-la-fondation-hans-bockler-visite-la-european-newsroom\/","title":{"rendered":"Workplace Europe\u00a0: la fondation Hans-B\u00f6ckler visite la European Newsroom"},"content":{"rendered":"\n<p class=\"wp-block-paragraph\">Le 24&nbsp;avril 2024, un groupe d\u2019une vingtaine d\u2019\u00e9tudiants a visit\u00e9 la European Newsroom (enr) dans le cadre d\u2019un atelier avec la fondation Hans-B\u00f6ckler (en allemand&nbsp;: Hans B\u00f6ckler Stiftung).<\/p>\n\n\n\n<p class=\"wp-block-paragraph\">L\u2019atelier \u00ab&nbsp;Workplace Europe&nbsp;\u00bb (en allemand&nbsp;: \u00ab&nbsp;Arbeitsplatz Europa&nbsp;\u00bb) a eu lieu du 23 au 25&nbsp;avril \u00e0 Bruxelles. L\u2019objectif de cet atelier \u00e9tait de pr\u00e9senter aux participants le large \u00e9ventail d\u2019opportunit\u00e9s de carri\u00e8re au sein de l\u2019UE.<\/p>\n\n\n\n<p class=\"wp-block-paragraph\">La fondation Hans-B\u00f6ckler est l\u2019une des 13 organisations d\u00e9di\u00e9es \u00e0 la promotion des jeunes talents en Allemagne. Elle est financ\u00e9e par le minist\u00e8re f\u00e9d\u00e9ral de l\u2019\u00c9ducation et de la Recherche et par la fondation de la Conf\u00e9d\u00e9ration allemande des syndicats.<\/p>\n\n\n\n<p class=\"wp-block-paragraph\">La fondation soutient les jeunes avec des bourses d\u2019\u00e9tudes et de doctorat et, par le biais de ses quatre instituts et de ses financements de recherche, vise \u00e0 cr\u00e9er du savoir \u00e0 travers des publications, des rapports et des \u00e9v\u00e9nements.<\/p>\n\n\n\n<p class=\"wp-block-paragraph\">L\u2019\u00e9quipe de la European Newsroom a accueilli les participants dans ses bureaux de l\u2019agence de presse Belga et leur a expliqu\u00e9 ce qu\u2019est l\u2019enr, comment elle fonctionne \u2013 et en quoi il s\u2019agit v\u00e9ritablement d\u2019un lieu de travail europ\u00e9en. Parmi les principaux sujets abord\u00e9s figuraient l\u2019implication et la collaboration de ses 23 agences de presse de toute l\u2019Europe, le travail \u00e9ditorial et les processus de la r\u00e9daction, et la mani\u00e8re dont l\u2019enr aide ses agences participantes \u00e0 am\u00e9liorer leurs reportages sur l\u2019actualit\u00e9 europ\u00e9enne.<\/p>\n\n\n\n<p class=\"wp-block-paragraph\">L\u2019\u00e9quipe de l\u2019ENR a \u00e9galement expliqu\u00e9 comment elle menait des entretiens conjoints, souvent avec de hauts fonctionnaires de l\u2019UE, et a \u00e9voqu\u00e9 la formation p\u00e9dagogique. L\u2019enr propose \u00e0 ses membres des ateliers sur des sujets vari\u00e9s, dont la v\u00e9rification des faits et le journalisme mobile.<\/p>\n\n\n\n<p class=\"wp-block-paragraph\">Apprenez-en davantage sur les <a href=\"https:\/\/europeannewsroom.com\/fr\/about\/agencies\/\">agences participantes<\/a> et le travail de l\u2019enr <a href=\"https:\/\/europeannewsroom.com\/fr\/about\/le-projet\/\">ici<\/a>. Vous pouvez d\u00e9couvrir sur le site Internet le travail \u00e9ditorial de l\u2019enr, ses <a href=\"https:\/\/europeannewsroom.com\/fr\/services\/key-story\/\">Key Stories<\/a> produites conjointement et ses actualit\u00e9s l\u2019<a href=\"https:\/\/europeannewsroom.com\/fr\/services\/europe-in-brief\/\">Europe in brief<\/a>, et une s\u00e9lection de l\u2019actualit\u00e9 europ\u00e9enne des agences.<\/p>\n","protected":false},"excerpt":{"rendered":"<p>Qu\u2019est-ce que l\u2019European Newsroom (enr) et comment compte-t-elle am\u00e9liorer le journalisme europ\u00e9en\u00a0? Dans le cadre d\u2019un atelier \u00e0 Bruxelles avec la fondation Hans-B\u00f6ckler, un groupe d\u2019\u00e9tudiants a visit\u00e9 l\u2019enr pour en apprendre davantage sur le projet et son fonctionnement quotidien.<\/p>\n","protected":false},"author":119,"featured_media":307083,"comment_status":"closed","ping_status":"closed","sticky":false,"template":"","format":"standard","meta":{"_acf_changed":true,"_et_pb_use_builder":"","_et_pb_old_content":"","_et_gb_content_width":"","footnotes":""},"categories":[9393],"tags":[],"class_list":["post-316596","post","type-post","status-publish","format-standard","has-post-thumbnail","hentry","category-press"],"acf":[],"_links":{"self":[{"href":"https:\/\/europeannewsroom.com\/fr\/wp-json\/wp\/v2\/posts\/316596","targetHints":{"allow":["GET"]}}],"collection":[{"href":"https:\/\/europeannewsroom.com\/fr\/wp-json\/wp\/v2\/posts"}],"about":[{"href":"https:\/\/europeannewsroom.com\/fr\/wp-json\/wp\/v2\/types\/post"}],"author":[{"embeddable":true,"href":"https:\/\/europeannewsroom.com\/fr\/wp-json\/wp\/v2\/users\/119"}],"replies":[{"embeddable":true,"href":"https:\/\/europeannewsroom.com\/fr\/wp-json\/wp\/v2\/comments?post=316596"}],"version-history":[{"count":0,"href":"https:\/\/europeannewsroom.com\/fr\/wp-json\/wp\/v2\/posts\/316596\/revisions"}],"wp:featuredmedia":[{"embeddable":true,"href":"https:\/\/europeannewsroom.com\/fr\/wp-json\/wp\/v2\/media\/307083"}],"wp:attachment":[{"href":"https:\/\/europeannewsroom.com\/fr\/wp-json\/wp\/v2\/media?parent=316596"}],"wp:term":[{"taxonomy":"category","embeddable":true,"href":"https:\/\/europeannewsroom.com\/fr\/wp-json\/wp\/v2\/categories?post=316596"},{"taxonomy":"post_tag","embeddable":true,"href":"https:\/\/europeannewsroom.com\/fr\/wp-json\/wp\/v2\/tags?post=316596"}],"curies":[{"name":"wp","href":"https:\/\/api.w.org\/{rel}","templated":true}]}}