{"id":483024,"date":"2024-10-04T14:40:12","date_gmt":"2024-10-04T12:40:12","guid":{"rendered":"https:\/\/europeannewsroom.com\/?p=483024"},"modified":"2024-10-04T14:40:14","modified_gmt":"2024-10-04T12:40:14","slug":"georgie-la-presidente-espere-une-victoire-des-pro-europeens-aux-legislatives","status":"publish","type":"post","link":"https:\/\/europeannewsroom.com\/fr\/georgie-la-presidente-espere-une-victoire-des-pro-europeens-aux-legislatives\/","title":{"rendered":"G\u00e9orgie : la pr\u00e9sidente esp\u00e8re une victoire des pro-europ\u00e9ens aux l\u00e9gislatives"},"content":{"rendered":"\n<p class=\"wp-block-paragraph\">Paris &#8211; La pr\u00e9sidente de la G\u00e9orgie, Salom\u00e9 Zourabichvili, pro-europ\u00e9enne et en rupture avec le gouvernement prorusse et conservateur, assure \u00eatre \u00ab\u00a0assez optimiste\u00a0\u00bb quant \u00e0 la victoire de son camp aux l\u00e9gislatives du 26 octobre, qu&rsquo;elle qualifie d\u2019&nbsp;\u00ab&nbsp;existentielles&nbsp;\u00bb pour son pays.<\/p>\n\n\n\n<p class=\"wp-block-paragraph\">\u00ab&nbsp;Nous avons un quasi-r\u00e9f\u00e9rendum sur le choix entre l&rsquo;Europe ou le retour \u00e0 un pass\u00e9 incertain russe&nbsp;\u00bb, a jug\u00e9 Salom\u00e9 Zourabichvili dans un entretien t\u00e9l\u00e9phonique vendredi avec l&rsquo;AFP.<\/p>\n\n\n\n<p class=\"wp-block-paragraph\">\u00ab&nbsp;Je suis assez optimiste sur le fait que la population g\u00e9orgienne, qui a \u00e9t\u00e9 \u00e0 80% en faveur de l&rsquo;Europe ces trois derni\u00e8res d\u00e9cennies, ne va pas tout d&rsquo;un coup se renier&nbsp;\u00bb, a-t-elle ajout\u00e9. &nbsp;<\/p>\n\n\n\n<p class=\"wp-block-paragraph\">Selon elle, un succ\u00e8s du parti conservateur au pouvoir, le R\u00eave g\u00e9orgien du milliardaire Bidzina Ivanichvili, reviendrait \u00e0 \u00ab\u00a0s&rsquo;\u00e9loigner de la libert\u00e9\u00a0\u00bb et retourner vers un \u00ab\u00a0pass\u00e9\u00a0\u00bb sous joug russe.<\/p>\n\n\n\n<p class=\"wp-block-paragraph\">La G\u00e9orgie a obtenu le 14 d\u00e9cembre 2023 le statut de candidat officiel pour int\u00e9grer l\u2019UE. Mais une loi controvers\u00e9e sur \u00ab\u00a0l&rsquo;influence \u00e9trang\u00e8re\u00a0\u00bb, adopt\u00e9e en mai, a conduit Bruxelles \u00e0 stopper \u00ab&nbsp;de facto&nbsp;\u00bb le processus d\u2019adh\u00e9sion. (4 octobre 2024)<\/p>\n","protected":false},"excerpt":{"rendered":"<p>Les \u00e9lections l\u00e9gislatives en G\u00e9orgie, pr\u00e9vues le 26 octobre, devraient d\u00e9boucher sur la victoire des formations pro-europ\u00e9ennes, estime la cheffe de l\u2019Etat, Salom\u00e9 Zourabichvili. <\/p>\n","protected":false},"author":21,"featured_media":483028,"comment_status":"closed","ping_status":"closed","sticky":false,"template":"","format":"standard","meta":{"_acf_changed":false,"_et_pb_use_builder":"","_et_pb_old_content":"","_et_gb_content_width":"","footnotes":""},"categories":[],"tags":[],"class_list":["post-483024","post","type-post","status-publish","format-standard","has-post-thumbnail","hentry"],"acf":[],"_links":{"self":[{"href":"https:\/\/europeannewsroom.com\/fr\/wp-json\/wp\/v2\/posts\/483024","targetHints":{"allow":["GET"]}}],"collection":[{"href":"https:\/\/europeannewsroom.com\/fr\/wp-json\/wp\/v2\/posts"}],"about":[{"href":"https:\/\/europeannewsroom.com\/fr\/wp-json\/wp\/v2\/types\/post"}],"author":[{"embeddable":true,"href":"https:\/\/europeannewsroom.com\/fr\/wp-json\/wp\/v2\/users\/21"}],"replies":[{"embeddable":true,"href":"https:\/\/europeannewsroom.com\/fr\/wp-json\/wp\/v2\/comments?post=483024"}],"version-history":[{"count":0,"href":"https:\/\/europeannewsroom.com\/fr\/wp-json\/wp\/v2\/posts\/483024\/revisions"}],"wp:featuredmedia":[{"embeddable":true,"href":"https:\/\/europeannewsroom.com\/fr\/wp-json\/wp\/v2\/media\/483028"}],"wp:attachment":[{"href":"https:\/\/europeannewsroom.com\/fr\/wp-json\/wp\/v2\/media?parent=483024"}],"wp:term":[{"taxonomy":"category","embeddable":true,"href":"https:\/\/europeannewsroom.com\/fr\/wp-json\/wp\/v2\/categories?post=483024"},{"taxonomy":"post_tag","embeddable":true,"href":"https:\/\/europeannewsroom.com\/fr\/wp-json\/wp\/v2\/tags?post=483024"}],"curies":[{"name":"wp","href":"https:\/\/api.w.org\/{rel}","templated":true}]}}