{"id":61735,"date":"2022-11-03T10:02:08","date_gmt":"2022-11-03T09:02:08","guid":{"rendered":"https:\/\/enr.today\/?p=61735"},"modified":"2022-11-03T10:28:47","modified_gmt":"2022-11-03T09:28:47","slug":"leurope-en-bref-meloni-a-bruxelles-force-europeenne-en-bosnie-britanniques-mecontents-du-brexit-barriere-polonaise-avertissement-de-berlin-a-belgrade","status":"publish","type":"post","link":"https:\/\/europeannewsroom.com\/fr\/leurope-en-bref-meloni-a-bruxelles-force-europeenne-en-bosnie-britanniques-mecontents-du-brexit-barriere-polonaise-avertissement-de-berlin-a-belgrade\/","title":{"rendered":"L&rsquo;Europe en bref : Meloni \u00e0 Bruxelles, force europ\u00e9enne en Bosnie, Britanniques m\u00e9contents du Brexit, barri\u00e8re polonaise, avertissement de Berlin \u00e0 Belgrade"},"content":{"rendered":"\n<p class=\"wp-block-paragraph\"><\/p>\n\n\n\n<h2 class=\"wp-block-heading\"><strong>Premi\u00e8re rencontre entre Meloni et les dirigeants europ\u00e9ens \u00e0 Bruxelles<\/strong><\/h2>\n\n\n\n<p class=\"wp-block-paragraph\"><strong>Rome<\/strong> &#8211; La Premi\u00e8re ministre italienne d&rsquo;extr\u00eame droite Giorgia Meloni devait rejoindre jeudi \u00e0 Bruxelles les dirigeants de l&rsquo;Union europ\u00e9enne&nbsp;pour la premi\u00e8re fois depuis sa prise de fonction, une rencontre qui devrait \u00eatre domin\u00e9e par la crise \u00e9nerg\u00e9tique.<\/p>\n\n\n\n<p class=\"wp-block-paragraph\">Le voyage de la dirigeante souverainiste de 45 ans, qui s&rsquo;est engag\u00e9e \u00e0 d\u00e9fendre avant tout les int\u00e9r\u00eats italiens, allait \u00eatre suivi de pr\u00e8s dans un climat d&rsquo;inqui\u00e9tude vis-\u00e0-vis des possibles turbulences pouvant na\u00eetre entre son gouvernement et les instances europ\u00e9ennes.<\/p>\n\n\n\n<p class=\"wp-block-paragraph\">\u00ab\u00a0Bruxelles ne devrait pas s&rsquo;occuper de ce que Rome peut mieux faire\u00a0\u00bb, estime-t-elle dans un livre d&rsquo;entretiens \u00e0 para\u00eetre vendredi, fustigeant \u00ab\u00a0une Europe envahissante sur les petites choses et absente s&rsquo;agissant des grands probl\u00e8mes\u00a0\u00bb.<\/p>\n\n\n\n<p class=\"wp-block-paragraph\">Pour son premier d\u00e9placement \u00e0 l&rsquo;\u00e9tranger depuis sa nomination &#8211; elle s&rsquo;est bri\u00e8vement entretenue avec le pr\u00e9sident fran\u00e7ais Emmanuel Macron le 23 octobre \u00e0 Rome -, elle devait rencontrer la pr\u00e9sidente de la Commission Ursula von der Leyen, le pr\u00e9sident du Conseil europ\u00e9en Charles Michel et la cheffe du parlement europ\u00e9en Roberta Metsola.<\/p>\n\n\n\n<p class=\"wp-block-paragraph\">Son face-\u00e0-face avec Mme von der Leyen allait \u00eatre le premier depuis le toll\u00e9 provoqu\u00e9 en Italie par les propos de la pr\u00e9sidente de la Commission, qui avait mis en garde avant les \u00e9lections dans la p\u00e9ninsule contre les cons\u00e9quences auxquelles s&rsquo;exposerait l&rsquo;Italie en cas de d\u00e9rive par rapport aux principes d\u00e9mocratiques. (3 novembre 2022)<\/p>\n\n\n\n<h2 class=\"wp-block-heading\"><strong>Le Conseil de s\u00e9curit\u00e9 de l&rsquo;ONU renouvelle la force europ\u00e9enne en Bosnie<\/strong><\/h2>\n\n\n\n<p class=\"wp-block-paragraph\"><strong>Nations unies (Etats-Unis)<\/strong> &#8211; Le Conseil de s\u00e9curit\u00e9 de l&rsquo;ONU a renouvel\u00e9 mercredi \u00e0 l&rsquo;unanimit\u00e9 pour un an le mandat de la mission militaire europ\u00e9enne en Bosnie (Eufor-Althea), malgr\u00e9 les r\u00e9serves exprim\u00e9es par la Russie.<\/p>\n\n\n\n<p class=\"wp-block-paragraph\">La r\u00e9solution, qui a recueilli le soutien des 15 membres du Conseil, permet \u00e0 l&rsquo;Union europ\u00e9enne de prolonger, pour douze mois \u00e0 partir de ce mercredi, cette mission dont le r\u00f4le est d&rsquo;assurer le respect de l&rsquo;accord de paix de Dayton qui a mis fin \u00e0 la guerre en Bosnie de 1992 \u00e0 1995 (100.000 morts).<\/p>\n\n\n\n<p class=\"wp-block-paragraph\">\u00ab\u00a0Nous avons vot\u00e9 en faveur de l&rsquo;extension du mandat pour un an\u00a0\u00bb parce que le texte est \u00ab\u00a0d\u00e9politis\u00e9, purement technique\u00a0\u00bb, a comment\u00e9 l&rsquo;ambassadrice adjointe de la Russie Anna Evstigneeva, r\u00e9p\u00e9tant toutefois les r\u00e9serves russes exprim\u00e9es ces derniers mois.&nbsp;<\/p>\n\n\n\n<p class=\"wp-block-paragraph\">\u00ab\u00a0Nous voulons dire encore une fois que nous sommes inquiets concernant le doublement injustifi\u00e9 et toujours pas expliqu\u00e9 du contingent de la force europ\u00e9enne en 2022\u00a0\u00bb, a-t-elle notamment indiqu\u00e9. (2 novembre 2022)<\/p>\n\n\n\n<h2 class=\"wp-block-heading\"><strong>L&rsquo;opposition des Britanniques au Brexit au plus haut<\/strong><\/h2>\n\n\n\n<p class=\"wp-block-paragraph\"><strong>Londres<\/strong>&nbsp;&#8211; Les sondages montrent d\u00e9sormais avec constance qu&rsquo;une large majorit\u00e9 de Britanniques pensent que le Brexit \u00e9tait une erreur, a indiqu\u00e9 mercredi le politologue John Curtice, pr\u00e9sident du British Polling Council, association r\u00e9unissant des soci\u00e9t\u00e9s de sondages.<\/p>\n\n\n\n<figure class=\"wp-block-image size-full\"><img loading=\"lazy\" decoding=\"async\" width=\"1024\" height=\"791\" src=\"https:\/\/europeannewsroom.com\/wp-content\/uploads\/2022\/11\/000_32KL86J.jpg\" alt=\"\" class=\"wp-image-62017\" srcset=\"https:\/\/europeannewsroom.com\/wp-content\/uploads\/2022\/11\/000_32KL86J.jpg 1024w, https:\/\/europeannewsroom.com\/wp-content\/uploads\/2022\/11\/000_32KL86J-980x757.jpg 980w, https:\/\/europeannewsroom.com\/wp-content\/uploads\/2022\/11\/000_32KL86J-480x371.jpg 480w\" sizes=\"(min-width: 0px) and (max-width: 480px) 480px, (min-width: 481px) and (max-width: 980px) 980px, (min-width: 981px) 1024px, 100vw\" \/><figcaption><em>L&rsquo;activiste anti-Brexit et anti-conservateur Steve Bray (\u00e0 droite) manifeste au deuxi\u00e8me jour de la conf\u00e9rence du parti conservateur \u00e0 Birmingham, dans le centre de l&rsquo;Angleterre, le 3 octobre 2022. (Photo Paul ELLIS \/ AFP)<\/em><\/figcaption><\/figure>\n\n\n\n<p class=\"wp-block-paragraph\">\u00ab\u00a0Le Brexit est aujourd&rsquo;hui probablement \u00e0 son plus bas niveau de popularit\u00e9 depuis juin 2016\u00a0\u00bb, date du r\u00e9f\u00e9rendum ayant ent\u00e9rin\u00e9 la volont\u00e9 des Britanniques de quitter l&rsquo;Union europ\u00e9enne, a affirm\u00e9 l&rsquo;expert lors d&rsquo;une rencontre avec des journalistes.<\/p>\n\n\n\n<p class=\"wp-block-paragraph\">Les \u00e9lecteurs s&rsquo;\u00e9taient alors prononc\u00e9s \u00e0 52% pour la sortie de l\u2019UE, contre 48% voulant y rester.<\/p>\n\n\n\n<p class=\"wp-block-paragraph\">D\u00e9sormais les sondages montrent qu&rsquo;environ 43% des personnes interrog\u00e9es estiment que le Brexit \u00e9tait une bonne d\u00e9cision, contre 57% pensant l&rsquo;inverse.<\/p>\n\n\n\n<p class=\"wp-block-paragraph\">Cette tendance est devenue claire depuis l&rsquo;automne 2021, quand les p\u00e9nuries de chauffeurs routiers au Royaume-Uni ont fait appara\u00eetre le co\u00fbt de la sortie de l\u2019UE, a soulign\u00e9 M. Curtice.<\/p>\n\n\n\n<p class=\"wp-block-paragraph\">L&rsquo;\u00e9cart entre ceux favorables au Brexit et ceux regrettant la sortie de l\u2019UE s&rsquo;est encore accentu\u00e9 depuis le d\u00e9but de l&rsquo;ann\u00e9e avec la crise du co\u00fbt de la vie. (2 novembre 2022)<\/p>\n\n\n\n<h2 class=\"wp-block-heading\"><strong>La Pologne construit une barri\u00e8re \u00e0 la fronti\u00e8re avec l&rsquo;enclave russe de Kaliningrad<\/strong><\/h2>\n\n\n\n<p class=\"wp-block-paragraph\"><strong>Varsovie<\/strong> &#8211; Le ministre polonais de la D\u00e9fense a annonc\u00e9 mercredi la construction d&rsquo;une barri\u00e8re le long de la fronti\u00e8re avec l&rsquo;enclave russe de Kaliningrad, pour emp\u00eacher des passages ill\u00e9gaux de migrants, orchestr\u00e9s, selon Varsovie, par la Russie.<\/p>\n\n\n\n<p class=\"wp-block-paragraph\">La Pologne s&rsquo;est d\u00e9j\u00e0 dot\u00e9e d&rsquo;une barri\u00e8re physique et \u00e9lectronique le long de sa fronti\u00e8re avec le B\u00e9larus, alli\u00e9 de la Russie, accusant le r\u00e9gime b\u00e9larusse de laisser venir des migrants d\u00e9sireux de gagner l&rsquo;Union europ\u00e9enne, ce que Minsk d\u00e9ment.<\/p>\n\n\n\n<p class=\"wp-block-paragraph\">A la suite du lancement de vols reliant le Moyen-Orient et l&rsquo;Afrique du nord avec Kaliningrad, \u00ab\u00a0j&rsquo;ai d\u00e9cid\u00e9 d&rsquo;agir en vue d&rsquo;augmenter la s\u00e9curit\u00e9 \u00e0 la fronti\u00e8re avec l&rsquo;enclave de Kaliningrad. Nous commen\u00e7ons \u00e0 y construire une barri\u00e8re provisoire\u00a0\u00bb, a d\u00e9clar\u00e9 \u00e0 la presse M. Mariusz Blaszczak.<\/p>\n\n\n\n<p class=\"wp-block-paragraph\">Selon lui, la barri\u00e8re sera compos\u00e9e de trois cl\u00f4tures parall\u00e8les de barbel\u00e9es, hautes de 2,5 m\u00e8tres et d&rsquo;une largeur globale de 3 m\u00e8tres, ainsi que d&rsquo;\u00e9quipements \u00e9lectroniques. (2 novembre 2022)<\/p>\n\n\n\n<h2 class=\"wp-block-heading\"><strong>Berlin met en garde Belgrade contre ses liens avec la Russie<\/strong><\/h2>\n\n\n\n<p class=\"wp-block-paragraph\"><strong>Berlin<\/strong> &#8211; Berlin a mis en garde la Serbie contre sa proximit\u00e9 avec la Russie, qui pourrait compliquer son rapprochement de l\u2019UE, a indiqu\u00e9 mardi une source gouvernementale allemande.<\/p>\n\n\n\n<p class=\"wp-block-paragraph\">A deux jours d&rsquo;un sommet \u00e0 Berlin destin\u00e9 \u00e0 renforcer la coop\u00e9ration de l\u2019UE avec six pays situ\u00e9s dans les Balkans occidentaux (Albanie, Bosnie-Herz\u00e9govine, Kosovo, Mac\u00e9doine du Nord, Mont\u00e9n\u00e9gro et Serbie), cette source allemande a \u00e9voqu\u00e9 \u00ab\u00a0la lumi\u00e8re et l&rsquo;ombre\u00a0\u00bb du cas serbe.<\/p>\n\n\n\n<p class=\"wp-block-paragraph\">\u00ab\u00a0Les relations de la Serbie avec la Russie appartiennent certainement \u00e0 la part d&rsquo;ombre\u00a0\u00bb, a-t-elle dit. Il a notamment cit\u00e9 l&rsquo;accord sign\u00e9&nbsp;fin septembre par le ministre russe des Affaires \u00e9trang\u00e8res Sergue\u00ef Lavrov et son homologue serbe de l\u2019\u00e9poque Nikola Selakovic sur la poursuite de consultations entre les deux minist\u00e8res pour les deux ann\u00e9es \u00e0 venir.&nbsp;<\/p>\n\n\n\n<p class=\"wp-block-paragraph\">\u00ab\u00a0Nous \u00e9tions surpris et d\u00e9\u00e7us\u00a0\u00bb, a reconnu la source allemande.<\/p>\n\n\n\n<p class=\"wp-block-paragraph\">Si la Serbie a condamn\u00e9 \u00e0 l&rsquo;ONU l&rsquo;invasion de l&rsquo;Ukraine par la Russie, elle refuse de s&rsquo;aligner sur les sanctions europ\u00e9ennes contre Moscou. (1<sup>er<\/sup> novembre 2022)<\/p>\n\n\n\n<p class=\"wp-block-paragraph\"><em>Cette compilation est une s\u00e9lection \u00e9ditoriale bas\u00e9e sur la couverture Europe de l\u2019AFP. La responsabilit\u00e9 \u00e9ditoriale de cette publication incombe \u00e0 l\u2019AFP. Elle est publi\u00e9e le lundi et le jeudi.<\/em><\/p>\n","protected":false},"excerpt":{"rendered":"<p>La visite de la Premi\u00e8re ministre italienne \u00e0 Bruxelles devait dominer la semaine europ\u00e9enne, venant apr\u00e8s deux \u00e9v\u00e9nements concernant les Balkans, la d\u00e9cision de maintenir la force europ\u00e9enne en Bosnie et une mise en garde de Berlin \u00e0 la Serbie concernant ses liens avec Moscou, alors que la Pologne a commenc\u00e9 \u00e0 construire une barri\u00e8re \u00e0 sa fronti\u00e8re avec l&rsquo;enclave russe de Kaliningrad et que les Britanniques se montraient de plus en plus convaincus que le Brexit avait \u00e9t\u00e9 une erreur.<\/p>\n","protected":false},"author":21,"featured_media":61813,"comment_status":"closed","ping_status":"closed","sticky":false,"template":"","format":"standard","meta":{"_acf_changed":false,"_et_pb_use_builder":"","_et_pb_old_content":"","_et_gb_content_width":"","footnotes":""},"categories":[45],"tags":[2183,3461,5029,2665,521],"class_list":["post-61735","post","type-post","status-publish","format-standard","has-post-thumbnail","hentry","category-europe-in-brief","tag-allemagne-2","tag-bosnie","tag-brexit-5","tag-pologne","tag-ue-2"],"acf":[],"_links":{"self":[{"href":"https:\/\/europeannewsroom.com\/fr\/wp-json\/wp\/v2\/posts\/61735","targetHints":{"allow":["GET"]}}],"collection":[{"href":"https:\/\/europeannewsroom.com\/fr\/wp-json\/wp\/v2\/posts"}],"about":[{"href":"https:\/\/europeannewsroom.com\/fr\/wp-json\/wp\/v2\/types\/post"}],"author":[{"embeddable":true,"href":"https:\/\/europeannewsroom.com\/fr\/wp-json\/wp\/v2\/users\/21"}],"replies":[{"embeddable":true,"href":"https:\/\/europeannewsroom.com\/fr\/wp-json\/wp\/v2\/comments?post=61735"}],"version-history":[{"count":0,"href":"https:\/\/europeannewsroom.com\/fr\/wp-json\/wp\/v2\/posts\/61735\/revisions"}],"wp:featuredmedia":[{"embeddable":true,"href":"https:\/\/europeannewsroom.com\/fr\/wp-json\/wp\/v2\/media\/61813"}],"wp:attachment":[{"href":"https:\/\/europeannewsroom.com\/fr\/wp-json\/wp\/v2\/media?parent=61735"}],"wp:term":[{"taxonomy":"category","embeddable":true,"href":"https:\/\/europeannewsroom.com\/fr\/wp-json\/wp\/v2\/categories?post=61735"},{"taxonomy":"post_tag","embeddable":true,"href":"https:\/\/europeannewsroom.com\/fr\/wp-json\/wp\/v2\/tags?post=61735"}],"curies":[{"name":"wp","href":"https:\/\/api.w.org\/{rel}","templated":true}]}}