{"id":619546,"date":"2024-11-11T16:33:34","date_gmt":"2024-11-11T15:33:34","guid":{"rendered":"https:\/\/europeannewsroom.com\/?p=619546"},"modified":"2024-11-11T16:33:39","modified_gmt":"2024-11-11T15:33:39","slug":"potentielles-sanctions-de-lue-bientot-contre-les-colons-israeliens-ministre-francais","status":"publish","type":"post","link":"https:\/\/europeannewsroom.com\/fr\/potentielles-sanctions-de-lue-bientot-contre-les-colons-israeliens-ministre-francais\/","title":{"rendered":"Potentielles sanctions de l\u2019UE \u00ab\u00a0bient\u00f4t\u00a0\u00bb contre les colons isra\u00e9liens (ministre fran\u00e7ais)"},"content":{"rendered":"\n<p class=\"wp-block-paragraph\">Paris &#8211; De nouvelles sanctions pourraient \u00eatre prises \u00ab\u00a0bient\u00f4t\u00a0\u00bb par l&rsquo;Union europ\u00e9enne contre les colons extr\u00e9mistes isra\u00e9liens exer\u00e7ant des violences contre les Palestiniens en Cisjordanie, a affirm\u00e9 lundi le ministre fran\u00e7ais des Affaires \u00e9trang\u00e8res.<\/p>\n\n\n\n<p class=\"wp-block-paragraph\">\u00ab\u00a0Nous avons pris des sanctions, des sanctions au niveau national contre les colons violents, et des sanctions au niveau europ\u00e9en\u00a0\u00bb, a d\u00e9clar\u00e9 Jean-No\u00ebl Barrot, soulignant que \u00ab\u00a0ce r\u00e9gime de sanctions avait d\u00e9j\u00e0 \u00e9t\u00e9 activ\u00e9 deux fois et qu&rsquo;il pourrait \u00eatre activ\u00e9 une troisi\u00e8me fois bient\u00f4t\u00a0\u00bb.<\/p>\n\n\n\n<p class=\"wp-block-paragraph\">La France n&rsquo;a eu de cesse de d\u00e9noncer les violences exerc\u00e9es par des colons isra\u00e9liens extr\u00e9mistes contre des Palestiniens en Cisjordanie.<\/p>\n\n\n\n<p class=\"wp-block-paragraph\">\u00ab\u00a0Nous sommes tr\u00e8s attach\u00e9s \u00e0 la s\u00e9curit\u00e9 d&rsquo;Isra\u00ebl, mais sans faire offense au peuple d&rsquo;Isra\u00ebl, ou au peuple juif plus g\u00e9n\u00e9ralement (&#8230;) il est dans l&rsquo;int\u00e9r\u00eat d&rsquo;Isra\u00ebl, de sa s\u00e9curit\u00e9, que le droit international soit respect\u00e9 et que la justice soit faite\u00a0\u00bb, a d\u00e9clar\u00e9 Jean-No\u00ebl Barrot qui participait \u00e0 un panel sur le Proche-Orient au Forum de Paris sur la paix. (11 novembre 2024)<\/p>\n","protected":false},"excerpt":{"rendered":"<p>L\u2019UE pourrait adopter des sanctions contre les colons extr\u00e9mistes isra\u00e9liens, a indiqu\u00e9 Jean-No\u00ebl Barrot, ministre fran\u00e7ais des Affaires \u00e9trang\u00e8res.  <\/p>\n","protected":false},"author":21,"featured_media":619548,"comment_status":"closed","ping_status":"closed","sticky":false,"template":"","format":"standard","meta":{"_acf_changed":false,"_et_pb_use_builder":"","_et_pb_old_content":"","_et_gb_content_width":"","footnotes":""},"categories":[45],"tags":[],"class_list":["post-619546","post","type-post","status-publish","format-standard","has-post-thumbnail","hentry","category-europe-in-brief"],"acf":[],"_links":{"self":[{"href":"https:\/\/europeannewsroom.com\/fr\/wp-json\/wp\/v2\/posts\/619546","targetHints":{"allow":["GET"]}}],"collection":[{"href":"https:\/\/europeannewsroom.com\/fr\/wp-json\/wp\/v2\/posts"}],"about":[{"href":"https:\/\/europeannewsroom.com\/fr\/wp-json\/wp\/v2\/types\/post"}],"author":[{"embeddable":true,"href":"https:\/\/europeannewsroom.com\/fr\/wp-json\/wp\/v2\/users\/21"}],"replies":[{"embeddable":true,"href":"https:\/\/europeannewsroom.com\/fr\/wp-json\/wp\/v2\/comments?post=619546"}],"version-history":[{"count":0,"href":"https:\/\/europeannewsroom.com\/fr\/wp-json\/wp\/v2\/posts\/619546\/revisions"}],"wp:featuredmedia":[{"embeddable":true,"href":"https:\/\/europeannewsroom.com\/fr\/wp-json\/wp\/v2\/media\/619548"}],"wp:attachment":[{"href":"https:\/\/europeannewsroom.com\/fr\/wp-json\/wp\/v2\/media?parent=619546"}],"wp:term":[{"taxonomy":"category","embeddable":true,"href":"https:\/\/europeannewsroom.com\/fr\/wp-json\/wp\/v2\/categories?post=619546"},{"taxonomy":"post_tag","embeddable":true,"href":"https:\/\/europeannewsroom.com\/fr\/wp-json\/wp\/v2\/tags?post=619546"}],"curies":[{"name":"wp","href":"https:\/\/api.w.org\/{rel}","templated":true}]}}