{"id":62655,"date":"2022-11-04T14:10:48","date_gmt":"2022-11-04T13:10:48","guid":{"rendered":"https:\/\/enr.today\/?p=62655"},"modified":"2022-11-04T14:16:41","modified_gmt":"2022-11-04T13:16:41","slug":"les-ambitions-climatiques-de-leurope-au-sommet-mondial-sur-le-climat-la-cop27","status":"publish","type":"post","link":"https:\/\/europeannewsroom.com\/fr\/les-ambitions-climatiques-de-leurope-au-sommet-mondial-sur-le-climat-la-cop27\/","title":{"rendered":"Les ambitions climatiques de l\u2019Europe au sommet mondial sur le climat, la COP27"},"content":{"rendered":"\n<p class=\"wp-block-paragraph\">Le gaz russe ne coule plus vers l\u2019Europe. L\u2019Allemagne, par exemple, investit des milliards dans de nouveaux terminaux de gaz liqu\u00e9fi\u00e9 sur ses c\u00f4tes. Des centrales \u00e0 charbon ont \u00e9t\u00e9 relanc\u00e9es pour assurer l\u2019approvisionnement en \u00e9lectricit\u00e9 cet hiver, et des mesures similaires sont prises dans d\u2019autres parties de l\u2019Europe. Pourtant, les \u00c9tats membres de l\u2019UE assurent vouloir atteindre l\u2019objectif de l\u2019UE en mati\u00e8re de protection climatique, \u00e0 savoir r\u00e9duire d\u2019ici 2030 d\u2019au moins 55&nbsp;pourcent les gaz \u00e0 effet de serre par rapport \u00e0 1990.<\/p>\n\n\n\n<p class=\"wp-block-paragraph\">\u00c0 l\u2019approche de la conf\u00e9rence des Nations unies sur le climat COP27, qui d\u00e9butera le 6&nbsp;novembre \u00e0 Charm el-Cheikh en \u00c9gypte, le Parlement europ\u00e9en demande plus de d\u00e9termination dans la lutte contre le changement climatique. L\u2019UE doit jouer un r\u00f4le moteur et augmenter ses objectifs de r\u00e9duction des \u00e9missions pour 2030, lit-on dans une r\u00e9solution vot\u00e9e par le Parlement europ\u00e9en en octobre.<\/p>\n\n\n\n<p class=\"wp-block-paragraph\">Le Parlement europ\u00e9en demande aux pays industrialis\u00e9s de revoir \u00e0 la hausse leurs objectifs de protection du climat. La guerre de la Russie contre l\u2019Ukraine et ses cons\u00e9quences rendent d\u2019autant plus urgente la transformation du syst\u00e8me \u00e9nerg\u00e9tique mondial, estime le Parlement. En outre, les pays industrialis\u00e9s doivent s\u2019assurer que les pays en d\u00e9veloppement re\u00e7oivent comme promis 100&nbsp;milliards de dollars par an pour la protection du climat, pr\u00e9cisent les d\u00e9put\u00e9s.<\/p>\n\n\n\n<p class=\"wp-block-paragraph\">La secr\u00e9taire d\u2019\u00c9tat et repr\u00e9sentante sp\u00e9ciale pour les mesures internationales de lutte contre le changement climatique au minist\u00e8re des Affaires \u00e9trang\u00e8res allemand, <strong>Jennifer Morgan<\/strong>, a demand\u00e9 \u00e0 l\u2019UE de prendre les devants lors de la conf\u00e9rence internationale&nbsp;: \u00ab&nbsp;L\u2019UE doit montrer la voie de l\u2019acc\u00e9l\u00e9ration de la transition \u00e9nerg\u00e9tique en solidarit\u00e9 avec les nations plus faibles.&nbsp;\u00bb Il est \u00e9galement important de respecter les engagements financiers pris envers les pays en d\u00e9veloppement et de soutenir gr\u00e2ce \u00e0 un pacte de solidarit\u00e9 les nations particuli\u00e8rement touch\u00e9es par le changement climatique, a-t-elle d\u00e9clar\u00e9. L\u2019Allemagne a doubl\u00e9 ses engagements financiers internationaux en faveur de la protection de l\u2019environnement pour les porter \u00e0 1,5&nbsp;milliard d\u2019euros par an \u00e0 partir de 2025 au plus tard.<\/p>\n\n\n\n<h2 class=\"wp-block-heading\"><strong>Financement climatique&nbsp;: l\u2019UE a promis plus de 23&nbsp;milliards d\u2019euros aux pays du Sud<\/strong><\/h2>\n\n\n\n<p class=\"wp-block-paragraph\">Le 28&nbsp;octobre, le Conseil de l\u2019Union europ\u00e9enne a annonc\u00e9 que l\u2019UE et ses 27 \u00c9tats membres avaient promis 23,04&nbsp;milliards d\u2019euros de financement climatique pour les pays du Sud. Ce financement de source publique vise \u00e0 \u00ab&nbsp;aider les pays en d\u00e9veloppement \u00e0 r\u00e9duire leurs \u00e9missions de gaz \u00e0 effet de serre et \u00e0 s\u2019adapter aux effets du changement climatique&nbsp;\u00bb, lit-on dans un communiqu\u00e9 de presse.<\/p>\n\n\n\n<p class=\"wp-block-paragraph\">54 pourcent des fonds ont \u00e9t\u00e9 allou\u00e9s soit \u00e0 l\u2019adaptation aux changements climatiques, soit \u00e0 des mesures qui concernent \u00e0 la fois cette adaptation et l\u2019att\u00e9nuation de ces changements, indique la d\u00e9claration en citant des chiffres de la Commission europ\u00e9enne. Pr\u00e8s de la moiti\u00e9 du montant total a \u00e9t\u00e9 allou\u00e9e sous forme de subventions. Le financement public international de la politique climatique vise \u00e0 aider les pays du Sud \u00e0 mettre en \u0153uvre l\u2019accord de Paris sur le climat de 2015.<\/p>\n\n\n\n<h2 class=\"wp-block-heading\"><strong>La Slov\u00e9nie parmi les pays les plus touch\u00e9s par le r\u00e9chauffement<\/strong><\/h2>\n\n\n\n<p class=\"wp-block-paragraph\">Les engagements nationaux de l\u2019accord de Paris sur le climat sont de plus en plus menac\u00e9s. La Slov\u00e9nie est un des pays qui se r\u00e9chauffent le plus. Des scientifiques de la facult\u00e9 de math\u00e9matiques et de physique de Ljubljana ont calcul\u00e9 que le pays avait d\u00e9j\u00e0 franchi la limite des 2&nbsp;\u00b0C de r\u00e9chauffement en 2020. Ils mettent en garde : si les mesures prises restent mod\u00e9r\u00e9es, les temp\u00e9ratures moyennes en Slov\u00e9nie pourraient augmenter de pr\u00e8s de 5&nbsp;\u00b0C d\u2019ici la fin du si\u00e8cle.<\/p>\n\n\n\n<p class=\"wp-block-paragraph\">Le ministre slov\u00e8ne de l\u2019Environnement et de l\u2019Am\u00e9nagement du territoire, <strong>Uro\u0161 Bre\u017ean<\/strong>, voit un grand potentiel dans l\u2019\u00e9nergie solaire, alors qu\u2019un d\u00e9bat est en cours sur la construction d\u2019un deuxi\u00e8me r\u00e9acteur \u00e0 la centrale nucl\u00e9aire de Kr\u0161ko. La dur\u00e9e d\u2019exploitation du premier r\u00e9acteur de cette centrale doit \u00eatre prolong\u00e9e jusqu\u2019en 2043.<\/p>\n\n\n\n<p class=\"wp-block-paragraph\">Le pays devrait adopter l\u2019ann\u00e9e prochaine une loi sur le changement climatique qui pr\u00e9voit la cr\u00e9ation d\u2019un conseil r\u00e9unissant des experts, des acteurs politiques et des organisations non gouvernementales charg\u00e9s de d\u00e9terminer les meilleures mesures pour lutter contre le changement climatique.<\/p>\n\n\n\n<p class=\"wp-block-paragraph\">La Slov\u00e9nie s\u2019attend \u00e0 ce que la conf\u00e9rence COP27 sur le climat se concentre sur des questions qui concernent principalement les pays en d\u00e9veloppement. Le ministre de l\u2019Environnement Bre\u017ean, qui participera au sommet de Charm el-Cheikh, a d\u00e9clar\u00e9 que la question du financement ressurgirait toujours dans le cadre des relations entre les pays d\u00e9velopp\u00e9s et les pays en d\u00e9veloppement. Selon lui, la promesse d\u2019allouer 100&nbsp;milliards de dollars par an aux pays en d\u00e9veloppement au titre de l\u2019aide climatique n\u2019a pas \u00e9t\u00e9 tenue. \u00ab&nbsp;Je pense que nous pouvons faire des progr\u00e8s dans ce domaine. La Slov\u00e9nie, en tant que pays d\u00e9velopp\u00e9, s\u2019est engag\u00e9e \u00e0 en faire un peu plus&nbsp;\u00bb, a d\u00e9clar\u00e9 Bre\u017ean.<\/p>\n\n\n\n<h2 class=\"wp-block-heading\"><strong>La promesse pour le climat de la Serbie<\/strong><\/h2>\n\n\n\n<p class=\"wp-block-paragraph\">La Serbie s\u2019est engag\u00e9e \u00e0 r\u00e9duire ses \u00e9missions de gaz \u00e0 effet de serre de 33,3&nbsp;pourcent d\u2019ici 2030 et a annonc\u00e9 qu\u2019elle publierait d\u2019ici la fin de l\u2019ann\u00e9e le premier plan national d\u2019adaptation au changement climatique en Serbie. Le pays s\u2019est fix\u00e9 pour objectif d\u2019abandonner les combustibles fossiles au profit de sources d\u2019\u00e9nergie renouvelables, de passer \u00e0 un mod\u00e8le d\u2019\u00e9conomie circulaire, et de r\u00e9duire les d\u00e9chets.<\/p>\n\n\n\n<p class=\"wp-block-paragraph\">La d\u00e9l\u00e9gation de l\u2019UE en Serbie a salu\u00e9 l\u2019engagement accru du pays en faveur de la protection du climat et a appel\u00e9 \u00e0 l\u2019adoption de strat\u00e9gies \u00e0 long terme pour la neutralit\u00e9 climatique d\u2019ici 2050. Le chef de la d\u00e9l\u00e9gation de l\u2019UE en Serbie, <strong>Emanuele Giaufret<\/strong>, a d\u00e9clar\u00e9 que \u00ab&nbsp;l\u2019UE fournirait un soutien budg\u00e9taire direct de 165&nbsp;millions d\u2019euros pour lutter contre la crise \u00e9nerg\u00e9tique. Parall\u00e8lement, l\u2019UE aide la Serbie \u00e0 am\u00e9liorer l\u2019efficacit\u00e9 \u00e9nerg\u00e9tique des \u00e9tablissements publics et priv\u00e9s et \u00e0 augmenter la part des sources d\u2019\u00e9nergie renouvelables&nbsp;\u00bb.<\/p>\n\n\n\n<p class=\"wp-block-paragraph\">L\u2019atlas climatique num\u00e9rique de la Serbie a \u00e9t\u00e9 pr\u00e9sent\u00e9 \u00e0 Belgrade en amont du sommet des Nations unies sur le climat COP27. Cette plateforme en ligne se base sur des donn\u00e9es m\u00e9t\u00e9orologiques et spatiales et offre un aper\u00e7u des changements climatiques actuels et futurs sur l\u2019ensemble du territoire serbe.<\/p>\n\n\n\n<h2 class=\"wp-block-heading\"><strong>La d\u00e9pendance aux centrales thermiques de la Bosnie-Herz\u00e9govine<\/strong><\/h2>\n\n\n\n<p class=\"wp-block-paragraph\">La Bosnie-Herz\u00e9govine voisine (BiH) a adh\u00e9r\u00e9 \u00e0 la convention-cadre des Nations unies sur les changements climatiques (CCNUCC) en d\u00e9cembre&nbsp;2000. Cependant, la BiH reste d\u00e9pendante de la production de centrales thermiques, sources d\u2019une importante pollution. Les autorit\u00e9s de Bosnie-Herz\u00e9govine ont autoris\u00e9 la poursuite de l\u2019exploitation de deux centrales thermiques, l\u2019une \u00e0 Tuzla et l\u2019autre \u00e0 Kakanj, dont la dur\u00e9e de fonctionnement est d\u00e9j\u00e0 arriv\u00e9e \u00e0 expiration. Cette mesure vise \u00e0 maintenir la stabilit\u00e9 de la production d\u2019\u00e9lectricit\u00e9. Les autorit\u00e9s du pays s\u2019\u00e9taient auparavant engag\u00e9es \u00e0 ne pas faire fonctionner ces centrales pendant plus de 20&nbsp;000&nbsp;heures apr\u00e8s le 1<sup>er<\/sup>&nbsp;janvier 2018.<\/p>\n\n\n\n<p class=\"wp-block-paragraph\">La Communaut\u00e9 europ\u00e9enne de l\u2019\u00e9nergie, une organisation internationale entre l\u2019UE et un certain nombre de pays tiers, a entam\u00e9 une proc\u00e9dure contre la Bosnie-Herz\u00e9govine pour non-respect de la r\u00e9glementation. Comme l\u2019a constat\u00e9 la Communaut\u00e9 de l\u2019\u00e9nergie, les syst\u00e8mes d\u2019exploitation pour la protection de l\u2019environnement n\u2019ont pas encore \u00e9t\u00e9 modernis\u00e9s. Elle a \u00e9galement \u00e9tabli que la poursuite de l\u2019exploitation de ces deux centrales thermiques \u00e9tait contraire \u00e0 la directive sur les grandes installations de combustion et au plan national de la Bosnie-Herz\u00e9govine pour la r\u00e9duction des \u00e9missions polluantes. La Communaut\u00e9 de l\u2019\u00e9nergie vise \u00e0 garantir que les pays signataires s\u2019engagent \u00e0 lib\u00e9raliser leurs march\u00e9s \u00e9nerg\u00e9tiques conform\u00e9ment aux dispositions du trait\u00e9 de l\u2019UE.<\/p>\n\n\n\n<p class=\"wp-block-paragraph\">Selon la Commission nationale de r\u00e9gulation de l\u2019\u00e9lectricit\u00e9, la Bosnie-Herz\u00e9govine a produit en 2021 42,3&nbsp;pourcent de son \u00e9nergie totale \u00e0 partir de sources renouvelables.<\/p>\n\n\n\n<h2 class=\"wp-block-heading\"><strong>Malgr\u00e9 ses progr\u00e8s dans la r\u00e9duction des \u00e9missions, l\u2019Europe est une des r\u00e9gions du monde qui se r\u00e9chauffent le plus rapidement&nbsp;<\/strong><\/h2>\n\n\n\n<p class=\"wp-block-paragraph\">Pendant ce temps, au cours des trois derni\u00e8res d\u00e9cennies, les temp\u00e9ratures en Europe ont augment\u00e9 plus de deux fois plus vite que la moyenne mondiale&nbsp;; c\u2019est la hausse la plus rapide de tous les continents, selon un rapport conjoint de l\u2019Organisation m\u00e9t\u00e9orologique mondiale des Nations unies et du Copernicus Climate Change Service de l\u2019Union europ\u00e9enne.<\/p>\n\n\n\n<p class=\"wp-block-paragraph\">Selon des chiffres provisoires, les \u00e9missions des 27 \u00c9tats membres de l\u2019UE ont cependant baiss\u00e9 de 32&nbsp;pourcent entre&nbsp;1990 et&nbsp;2020, ce qui signifie que l\u2019objectif climatique de 20&nbsp;pourcents de r\u00e9duction fix\u00e9 pour 2020 a \u00e9t\u00e9 largement atteint, lit-on dans un rapport de l\u2019Agence europ\u00e9enne pour l\u2019environnement (AEE) publi\u00e9 le 26&nbsp;octobre.<\/p>\n\n\n\n<p class=\"wp-block-paragraph\">Toutefois, pour atteindre les objectifs plus ambitieux en mati\u00e8re de climat et d\u2019\u00e9nergie de 2030, il faudrait plus que doubler les progr\u00e8s annuels, \u00e9crivent les experts de l\u2019agence europ\u00e9enne bas\u00e9e \u00e0 Copenhague. Les \u00e9missions devraient diminuer en moyenne de 134&nbsp;millions de tonnes de CO<sub>2<\/sub> par an, soit 4&nbsp;pourcents, pour concr\u00e9tiser l\u2019objectif de r\u00e9duire les \u00e9missions d\u2019au moins 55&nbsp;pourcent d\u2019ici 2030.<\/p>\n\n\n\n<p class=\"wp-block-paragraph\">Selon le secr\u00e9taire g\u00e9n\u00e9ral de l\u2019Organisation m\u00e9t\u00e9orologique mondiale (OMM), <strong>Petteri Taalas<\/strong>, \u00ab&nbsp;l\u2019Europe donne une image claire d\u2019un monde qui se r\u00e9chauffe et nous rappelle que m\u00eame les soci\u00e9t\u00e9s bien pr\u00e9par\u00e9es ne sont pas \u00e0 l\u2019abri des effets des ph\u00e9nom\u00e8nes m\u00e9t\u00e9orologiques extr\u00eames&nbsp;\u00bb.<\/p>\n\n\n\n<p class=\"wp-block-paragraph\">Mais l\u2019OMM constate aussi qu\u2019il n\u2019y a pas que des mauvaises nouvelles&nbsp;: \u00ab&nbsp;L\u2019Europe peut jouer un r\u00f4le cl\u00e9 pour parvenir \u00e0 une soci\u00e9t\u00e9 neutre en carbone d\u2019ici le milieu du si\u00e8cle, dans le respect de l\u2019accord de Paris&nbsp;\u00bb, a d\u00e9clar\u00e9 Petteri Taalas. Pour <strong>Carlo Buontempo<\/strong>, directeur du Copernicus Climate Change Service, \u00ab&nbsp;la soci\u00e9t\u00e9 europ\u00e9enne est vuln\u00e9rable \u00e0 la variabilit\u00e9 et aux changements climatiques, mais l\u2019Europe est aussi \u00e0 la pointe des efforts internationaux pour att\u00e9nuer le changement climatique et d\u00e9velopper des solutions innovantes d\u2019adaptation au nouveau climat avec lequel les Europ\u00e9ens doivent d\u00e9sormais vivre&nbsp;\u00bb.<\/p>\n","protected":false},"excerpt":{"rendered":"<p>En 2015, dans le cadre de l\u2019accord de Paris sur le climat, la communaut\u00e9 internationale a r\u00e9solu de maintenir le r\u00e9chauffement climatique en dessous de 2 \u00b0C. En 2021, \u00e0 Glasgow, plusieurs \u00c9tats ont assur\u00e9 qu\u2019ils n\u2019investiraient plus dans le charbon, le p\u00e9trole ni le gaz. La guerre russe contre l\u2019Ukraine a boulevers\u00e9 bien des choses. La conf\u00e9rence des Nations unies sur le climat COP27, en \u00c9gypte, doit maintenant permettre d\u2019am\u00e9liorer les objectifs climatiques et le soutien aux pays du Sud.<\/p>\n","protected":false},"author":119,"featured_media":62589,"comment_status":"closed","ping_status":"closed","sticky":false,"template":"","format":"standard","meta":{"_acf_changed":false,"_et_pb_use_builder":"","_et_pb_old_content":"","_et_gb_content_width":"","footnotes":""},"categories":[39],"tags":[1903,5099],"class_list":["post-62655","post","type-post","status-publish","format-standard","has-post-thumbnail","hentry","category-key-story","tag-climat","tag-cop27-2"],"acf":[],"_links":{"self":[{"href":"https:\/\/europeannewsroom.com\/fr\/wp-json\/wp\/v2\/posts\/62655","targetHints":{"allow":["GET"]}}],"collection":[{"href":"https:\/\/europeannewsroom.com\/fr\/wp-json\/wp\/v2\/posts"}],"about":[{"href":"https:\/\/europeannewsroom.com\/fr\/wp-json\/wp\/v2\/types\/post"}],"author":[{"embeddable":true,"href":"https:\/\/europeannewsroom.com\/fr\/wp-json\/wp\/v2\/users\/119"}],"replies":[{"embeddable":true,"href":"https:\/\/europeannewsroom.com\/fr\/wp-json\/wp\/v2\/comments?post=62655"}],"version-history":[{"count":0,"href":"https:\/\/europeannewsroom.com\/fr\/wp-json\/wp\/v2\/posts\/62655\/revisions"}],"wp:featuredmedia":[{"embeddable":true,"href":"https:\/\/europeannewsroom.com\/fr\/wp-json\/wp\/v2\/media\/62589"}],"wp:attachment":[{"href":"https:\/\/europeannewsroom.com\/fr\/wp-json\/wp\/v2\/media?parent=62655"}],"wp:term":[{"taxonomy":"category","embeddable":true,"href":"https:\/\/europeannewsroom.com\/fr\/wp-json\/wp\/v2\/categories?post=62655"},{"taxonomy":"post_tag","embeddable":true,"href":"https:\/\/europeannewsroom.com\/fr\/wp-json\/wp\/v2\/tags?post=62655"}],"curies":[{"name":"wp","href":"https:\/\/api.w.org\/{rel}","templated":true}]}}