{"id":63463,"date":"2022-11-07T11:44:10","date_gmt":"2022-11-07T10:44:10","guid":{"rendered":"https:\/\/enr.today\/?p=63463"},"modified":"2022-11-07T11:44:10","modified_gmt":"2022-11-07T10:44:10","slug":"leurope-en-bref-lue-modernise-ses-regles-budgetaires-pas-delections-en-irlande-du-nord-filtrage-de-migrants-en-italie-affaire-decoutes-en-grece-tensions","status":"publish","type":"post","link":"https:\/\/europeannewsroom.com\/fr\/leurope-en-bref-lue-modernise-ses-regles-budgetaires-pas-delections-en-irlande-du-nord-filtrage-de-migrants-en-italie-affaire-decoutes-en-grece-tensions\/","title":{"rendered":"L\u2019Europe en bref\u00a0: L\u2019UE modernise ses r\u00e8gles budg\u00e9taires, pas d\u2019\u00e9lections en Irlande du Nord, filtrage de migrants en Italie, affaire d\u2019\u00e9coutes en Gr\u00e8ce, tensions Pologne-CE"},"content":{"rendered":"\n<h2 class=\"wp-block-heading\"><strong>Bruxelles tente de moderniser ses r\u00e8gles budg\u00e9taires, complexes et obsol\u00e8tes<\/strong><\/h2>\n\n\n\n<p class=\"wp-block-paragraph\"><strong>Bruxelles<\/strong> &#8211; La Commission europ\u00e9enne doit d\u00e9voiler mercredi ses pistes de r\u00e9formes des &#8211; vieilles &#8211; r\u00e8gles budg\u00e9taires de l\u2019UE, afin de permettre des investissements massifs tout en renfor\u00e7ant le s\u00e9rieux des comptes publics.<\/p>\n\n\n\n<p class=\"wp-block-paragraph\">\u00ab\u00a0Il est temps d&rsquo;avancer. Si on ne le fait pas maintenant, on le fera quand ?\u00a0\u00bb, a averti le commissaire europ\u00e9en \u00e0 l&rsquo;Economie, Paolo Gentiloni.<\/p>\n\n\n\n<p class=\"wp-block-paragraph\">Ces r\u00e8gles, rassembl\u00e9es dans le Pacte de stabilit\u00e9 et de croissance, ont \u00e9t\u00e9 suspendues d\u00e9but 2020 pour \u00e9viter un effondrement de l&rsquo;\u00e9conomie europ\u00e9enne touch\u00e9e par la pand\u00e9mie de Covid. Face \u00e0 une r\u00e9cession historique, il fallait laisser filer les d\u00e9ficits.&nbsp;<\/p>\n\n\n\n<p class=\"wp-block-paragraph\">L&rsquo;orage pass\u00e9, et malgr\u00e9 la guerre en Ukraine, le Pacte doit \u00eatre r\u00e9activ\u00e9 fin 2023 alors que la crise a fait exploser la dette des pays les plus fragiles et qu&rsquo;il n&rsquo;est plus applicable en l&rsquo;\u00e9tat.&nbsp;<\/p>\n\n\n\n<p class=\"wp-block-paragraph\">Le Pacte de stabilit\u00e9 est un instrument adopt\u00e9 par les pays de la zone euro en 1997, en vue de l&rsquo;arriv\u00e9e de la monnaie unique au 1er janvier 1999. R\u00e9pondant au souci de l&rsquo;Allemagne d&rsquo;\u00e9viter que des pays membres m\u00e8nent des politiques budg\u00e9taires laxistes, il impose l&rsquo;objectif de comptes \u00e0 l&rsquo;\u00e9quilibre. (7 novembre 2022)<\/p>\n\n\n\n<h2 class=\"wp-block-heading\"><strong>Irlande du Nord : Londres renonce \u00e0 convoquer des \u00e9lections en d\u00e9cembre<\/strong><\/h2>\n\n\n\n<p class=\"wp-block-paragraph\"><strong>Londres<\/strong> &#8211; Le gouvernement britannique a renonc\u00e9 vendredi \u00e0 sa menace de convoquer des \u00e9lections&nbsp;anticip\u00e9es en Irlande du Nord, entretenant le flou sur ses intentions face au blocage politique li\u00e9 au statut post-Brexit.<\/p>\n\n\n\n<figure class=\"wp-block-image size-full\"><img loading=\"lazy\" decoding=\"async\" width=\"1024\" height=\"680\" src=\"https:\/\/europeannewsroom.com\/wp-content\/uploads\/2022\/11\/000_32MA2TG.jpg\" alt=\"\" class=\"wp-image-63471\" srcset=\"https:\/\/europeannewsroom.com\/wp-content\/uploads\/2022\/11\/000_32MA2TG.jpg 1024w, https:\/\/europeannewsroom.com\/wp-content\/uploads\/2022\/11\/000_32MA2TG-980x651.jpg 980w, https:\/\/europeannewsroom.com\/wp-content\/uploads\/2022\/11\/000_32MA2TG-480x319.jpg 480w\" sizes=\"(min-width: 0px) and (max-width: 480px) 480px, (min-width: 481px) and (max-width: 980px) 980px, (min-width: 981px) 1024px, 100vw\" \/><figcaption><em>Naomi Long,  leader du  Parti de l&rsquo;Alliance d&rsquo;Irlande du Nord, s&rsquo;adresse aux m\u00e9dias apr\u00e8s que l&rsquo;Assembl\u00e9e a \u00e9chou\u00e9 \u00e0 \u00e9lire son pr\u00e9sident, au palais de Stormont \u00e0 Belfast, en Irlande du Nord, le 27 octobre 2022. (Photo by Paul Faith \/ AFP)<\/em><\/figcaption><\/figure>\n\n\n\n<p class=\"wp-block-paragraph\">Le sort de la province britannique au pass\u00e9 sanglant, frontali\u00e8re de l&rsquo;Union europ\u00e9enne, constituait un casse-t\u00eate pendant les n\u00e9gociations menant au Brexit. Il le reste pr\u00e8s de trois ans apr\u00e8s la sortie de l&rsquo;Union europ\u00e9enne.&nbsp;<\/p>\n\n\n\n<p class=\"wp-block-paragraph\">Londres avait donn\u00e9 aux partis politiques jusqu&rsquo;au 28 octobre pour s&rsquo;entendre et former un nouvel ex\u00e9cutif. Mais les unionistes, attach\u00e9s \u00e0 l&rsquo;ancrage de la province au sein du Royaume-Uni, sont rest\u00e9s inflexibles, comme ils le sont depuis leur d\u00e9part du gouvernement local en f\u00e9vrier.<\/p>\n\n\n\n<p class=\"wp-block-paragraph\">Le ministre britannique charg\u00e9 de l&rsquo;Irlande du Nord, Chris Heaton-Harris a consult\u00e9 toute la semaine les diff\u00e9rentes communaut\u00e9s pour tenter d&rsquo;arriver \u00e0 une solution, en vain. Il a fini par reculer. (4 novembre 2022)<\/p>\n\n\n\n<h2 class=\"wp-block-heading\"><strong>Migrants : L&rsquo;Italie autorise uniquement le d\u00e9barquement de mineurs ou malades<\/strong><\/h2>\n\n\n\n<p class=\"wp-block-paragraph\"><strong>Rome<\/strong> \u2013 Le nouveau gouvernement italien d&rsquo;extr\u00eame droite a autoris\u00e9 dimanche le d\u00e9barquement de mineurs et d&rsquo;autres migrants souffrant de probl\u00e8mes m\u00e9dicaux, mais entend, selon des sources gouvernementales, en renvoyer d&rsquo;autres \u00e0 bord de navires d&rsquo;ONG humanitaires.<\/p>\n\n\n\n<p class=\"wp-block-paragraph\">Trois mineures et un b\u00e9b\u00e9 ont \u00e9t\u00e9 les premiers \u00e0 d\u00e9barquer \u00e0 l&rsquo;aube du bateau Humanit\u00e9 1, suivis des gar\u00e7ons mineurs et des hommes adultes ayant des probl\u00e8mes m\u00e9dicaux, a d\u00e9clar\u00e9 \u00e0 l&rsquo;AFP Petra Krischok, attach\u00e9e de presse de SOS Humanit\u00e9.&nbsp;<\/p>\n\n\n\n<p class=\"wp-block-paragraph\">Au total, 144 personnes ont d\u00e9barqu\u00e9 du Humanity 1, navire sous drapeau allemand, au port de Catane mais 35 sont rest\u00e9s \u00e0 bord, selon cette source.<\/p>\n\n\n\n<p class=\"wp-block-paragraph\">De son c\u00f4t\u00e9, le ministre de l&rsquo;Int\u00e9rieur fran\u00e7ais G\u00e9rald Darmanin a dit vendredi qu\u2019il ne \u00ab\u00a0doutait pas\u00a0\u00bb que l&rsquo;Italie allait \u00ab\u00a0respecter le droit international\u00a0\u00bb et accueillir l&rsquo;Ocean Viking, le navire de l&rsquo;ONG europ\u00e9enne SOS M\u00e9diterran\u00e9e bloqu\u00e9 en mer avec 234 migrants rescap\u00e9s et toujours \u00e0 la recherche d&rsquo;un port s\u00fbr.&nbsp;(6 novembre 2022)<\/p>\n\n\n\n<h2 class=\"wp-block-heading\"><strong>Ecoutes : Le Parlement europ\u00e9en appelle la Gr\u00e8ce \u00e0 une enqu\u00eate \u00ab\u00a0urgente\u00a0\u00bb<\/strong><\/h2>\n\n\n\n<p class=\"wp-block-paragraph\"><strong>Ath\u00e8nes<\/strong>&nbsp;&#8211; La commission d&rsquo;enqu\u00eate du Parlement europ\u00e9en sur les logiciels malveillants (PEGA) a appel\u00e9 vendredi le gouvernement grec \u00e0 proc\u00e9der \u00e0 \u00ab\u00a0une enqu\u00eate urgente et approfondie\u00a0\u00bb sur le scandale des \u00e9coutes ill\u00e9gales, une affaire qui empoisonne le climat politique du pays ces derniers mois.<\/p>\n\n\n\n<p class=\"wp-block-paragraph\">\u00ab\u00a0Cette affaire doit faire l&rsquo;objet d&rsquo;une enqu\u00eate d&rsquo;une mani\u00e8re urgente et approfondie avant les \u00e9lections nationales de l&rsquo;ann\u00e9e prochaine\u00a0\u00bb, a martel\u00e9 la d\u00e9put\u00e9e europ\u00e9enne Sophie in &lsquo;t Veld, rapporteuse de ce dossier \u00e0 la Pega lors d&rsquo;une conf\u00e9rence de presse.<\/p>\n\n\n\n<p class=\"wp-block-paragraph\">Les r\u00e9v\u00e9lations cette ann\u00e9e de la mise sur \u00e9coute par le renseignement grec (EYP) des journalistes et politiciens dont Nikos Androulakis, d\u00e9put\u00e9 europ\u00e9en et chef du parti socialiste grec Kinal-Pasok, ont port\u00e9 un coup majeur au gouvernement conservateur du Premier ministre Kyriakos Mitsotakis \u00e0 huit mois des \u00e9lections l\u00e9gislatives, pr\u00e9vues d&rsquo;ici juillet 2023. (4 novembre 2022)<\/p>\n\n\n\n<h2 class=\"wp-block-heading\"><strong>Etat de droit : Varsovie ne doit plus de concessions \u00e0 l\u2019UE (pr\u00e9sident polonais)<\/strong><\/h2>\n\n\n\n<p class=\"wp-block-paragraph\"><strong>Varsovie<\/strong>&nbsp;&#8211; Le pr\u00e9sident polonais Andrzej Duda s&rsquo;est dit oppos\u00e9 \u00e0 de nouvelles concessions \u00e0 la Commission europ\u00e9enne, qui bloque d&rsquo;importants fonds de l\u2019UE en raison de pr\u00e9occupations sur l&rsquo;ind\u00e9pendance de la justice en Pologne.<\/p>\n\n\n\n<p class=\"wp-block-paragraph\">\u00ab\u00a0Je n&rsquo;offrirai plus aucune r\u00e9ponse aux suggestions de l&rsquo;autre partie\u00a0\u00bb, a dit M. Duda dans une interview \u00e0 para\u00eetre lundi dans l&rsquo;hebdomadaire Sieci et cit\u00e9e samedi par le portail wpolityce.pl, proche des conservateurs nationalistes au pouvoir.&nbsp;<\/p>\n\n\n\n<p class=\"wp-block-paragraph\">\u00ab\u00a0A ma connaissance, nous avons rempli toutes les conditions pour recevoir les fonds du plan de relance\u00a0\u00bb, a-t-il ajout\u00e9. Il s&rsquo;agit de quelque 35 milliards d&rsquo;euros destin\u00e9s \u00e0 rem\u00e9dier aux cons\u00e9quences de la pand\u00e9mie du Covid-19.&nbsp;<\/p>\n\n\n\n<p class=\"wp-block-paragraph\">Varsovie a proc\u00e9d\u00e9 \u00e0 quelques modifications de ses r\u00e9formes de la justice pour r\u00e9pondre formellement aux critiques de Bruxelles, mais ces changements n&rsquo;ont pas \u00e9t\u00e9 consid\u00e9r\u00e9s suffisants aux yeux de la Commission europ\u00e9enne. (6 novembre 2022)<\/p>\n\n\n\n<p class=\"wp-block-paragraph\"><em>Cette compilation est une s\u00e9lection \u00e9ditoriale bas\u00e9e sur la couverture Europe de l\u2019AFP. La responsabilit\u00e9 \u00e9ditoriale de cette publication incombe \u00e0 l\u2019AFP. Elle est publi\u00e9e le lundi et le jeudi.<\/em><\/p>\n","protected":false},"excerpt":{"rendered":"<p>La semaine sera marqu\u00e9e par l\u2019annonce mercredi de r\u00e9formes des r\u00e8gles budg\u00e9taires de l\u2019UE. Les autres points marquants de l\u2019actualit\u00e9 sont la d\u00e9cision britannique de renoncer \u00e0 organiser des \u00e9lections en Irlande du Nord, la politique s\u00e9lective de Rome face aux arriv\u00e9es de migrants, l\u2019affaire d\u2019\u00e9coutes en Gr\u00e8ce et une interview du pr\u00e9sident polonais exprimant sa r\u00e9ticence \u00e0 faire des concessions \u00e0 Bruxelles.<\/p>\n","protected":false},"author":21,"featured_media":63431,"comment_status":"closed","ping_status":"closed","sticky":false,"template":"","format":"standard","meta":{"_acf_changed":false,"_et_pb_use_builder":"","_et_pb_old_content":"","_et_gb_content_width":"","footnotes":""},"categories":[45],"tags":[],"class_list":["post-63463","post","type-post","status-publish","format-standard","has-post-thumbnail","hentry","category-europe-in-brief"],"acf":[],"_links":{"self":[{"href":"https:\/\/europeannewsroom.com\/fr\/wp-json\/wp\/v2\/posts\/63463","targetHints":{"allow":["GET"]}}],"collection":[{"href":"https:\/\/europeannewsroom.com\/fr\/wp-json\/wp\/v2\/posts"}],"about":[{"href":"https:\/\/europeannewsroom.com\/fr\/wp-json\/wp\/v2\/types\/post"}],"author":[{"embeddable":true,"href":"https:\/\/europeannewsroom.com\/fr\/wp-json\/wp\/v2\/users\/21"}],"replies":[{"embeddable":true,"href":"https:\/\/europeannewsroom.com\/fr\/wp-json\/wp\/v2\/comments?post=63463"}],"version-history":[{"count":0,"href":"https:\/\/europeannewsroom.com\/fr\/wp-json\/wp\/v2\/posts\/63463\/revisions"}],"wp:featuredmedia":[{"embeddable":true,"href":"https:\/\/europeannewsroom.com\/fr\/wp-json\/wp\/v2\/media\/63431"}],"wp:attachment":[{"href":"https:\/\/europeannewsroom.com\/fr\/wp-json\/wp\/v2\/media?parent=63463"}],"wp:term":[{"taxonomy":"category","embeddable":true,"href":"https:\/\/europeannewsroom.com\/fr\/wp-json\/wp\/v2\/categories?post=63463"},{"taxonomy":"post_tag","embeddable":true,"href":"https:\/\/europeannewsroom.com\/fr\/wp-json\/wp\/v2\/tags?post=63463"}],"curies":[{"name":"wp","href":"https:\/\/api.w.org\/{rel}","templated":true}]}}