{"id":705591,"date":"2024-12-02T18:49:25","date_gmt":"2024-12-02T17:49:25","guid":{"rendered":"https:\/\/europeannewsroom.com\/?p=705591"},"modified":"2024-12-02T18:59:58","modified_gmt":"2024-12-02T17:59:58","slug":"la-fusee-vega-c-cruciale-pour-leurope-prete-a-redecoller-deux-ans-apres-un-echec","status":"publish","type":"post","link":"https:\/\/europeannewsroom.com\/fr\/la-fusee-vega-c-cruciale-pour-leurope-prete-a-redecoller-deux-ans-apres-un-echec\/","title":{"rendered":"La fus\u00e9e Vega C, cruciale pour l&rsquo;Europe, pr\u00eate \u00e0 red\u00e9coller deux ans apr\u00e8s un \u00e9chec"},"content":{"rendered":"\n<p class=\"wp-block-paragraph\">Paris &#8211; Apr\u00e8s le succ\u00e8s du vol inaugural de la fus\u00e9e Ariane 6 en juillet, qui a permis \u00e0 l&rsquo;Europe de retrouver l&rsquo;acc\u00e8s \u00e0 l&rsquo;espace, les yeux sont d\u00e9sormais riv\u00e9s sur le lanceur Vega C, qui doit transporter le satellite Sentinel-1C pour le programme d&rsquo;observation de la Terre Copernicus de l&rsquo;Union europ\u00e9enne.&nbsp;<\/p>\n\n\n\n<p class=\"wp-block-paragraph\">Le d\u00e9collage est pr\u00e9vu le mercredi 4 d\u00e9cembre \u00e0 18H20 heure locale (21H20 GMT) depuis le port spatial europ\u00e9en de Kourou, en Guyane fran\u00e7aise.<\/p>\n\n\n\n<p class=\"wp-block-paragraph\">Ce vol sera particuli\u00e8rement scrut\u00e9 car le pr\u00e9d\u00e9cesseur de Vega C, Vega, n&rsquo;est plus en service apr\u00e8s son dernier lancement en septembre.<\/p>\n\n\n\n<p class=\"wp-block-paragraph\">\u00ab\u00a0C&rsquo;est crucial parce que l&rsquo;autonomie strat\u00e9gique europ\u00e9enne repose sur deux pieds : un grand qui est celui de l&rsquo;Ariane 6, lanceur lourd, et Vega C qui est un lanceur un peu plus petit mais qui compl\u00e8te bien la capacit\u00e9 europ\u00e9enne d&rsquo;acc\u00e8s \u00e0 l&rsquo;espace\u00a0\u00bb, r\u00e9sume Philippe Baptiste, PDG du Cnes (centre national d&rsquo;\u00e9tudes spatiales) dans un entretien \u00e0 l&rsquo;AFP. (2 d\u00e9cembre 2024)<\/p>\n","protected":false},"excerpt":{"rendered":"<p>La petite fus\u00e9e Vega C, l&rsquo;autre pilier de la souverainet\u00e9 spatiale europ\u00e9enne avec Ariane 6, doit d\u00e9coller le 4 d\u00e9cembre, deux ans apr\u00e8s l&rsquo;\u00e9chec de sa premi\u00e8re mission commerciale, qui a caus\u00e9 la perte de deux satellites. <\/p>\n","protected":false},"author":21,"featured_media":705592,"comment_status":"closed","ping_status":"closed","sticky":false,"template":"","format":"standard","meta":{"_acf_changed":false,"_et_pb_use_builder":"","_et_pb_old_content":"","_et_gb_content_width":"","footnotes":""},"categories":[45],"tags":[],"class_list":["post-705591","post","type-post","status-publish","format-standard","has-post-thumbnail","hentry","category-europe-in-brief"],"acf":[],"_links":{"self":[{"href":"https:\/\/europeannewsroom.com\/fr\/wp-json\/wp\/v2\/posts\/705591","targetHints":{"allow":["GET"]}}],"collection":[{"href":"https:\/\/europeannewsroom.com\/fr\/wp-json\/wp\/v2\/posts"}],"about":[{"href":"https:\/\/europeannewsroom.com\/fr\/wp-json\/wp\/v2\/types\/post"}],"author":[{"embeddable":true,"href":"https:\/\/europeannewsroom.com\/fr\/wp-json\/wp\/v2\/users\/21"}],"replies":[{"embeddable":true,"href":"https:\/\/europeannewsroom.com\/fr\/wp-json\/wp\/v2\/comments?post=705591"}],"version-history":[{"count":0,"href":"https:\/\/europeannewsroom.com\/fr\/wp-json\/wp\/v2\/posts\/705591\/revisions"}],"wp:featuredmedia":[{"embeddable":true,"href":"https:\/\/europeannewsroom.com\/fr\/wp-json\/wp\/v2\/media\/705592"}],"wp:attachment":[{"href":"https:\/\/europeannewsroom.com\/fr\/wp-json\/wp\/v2\/media?parent=705591"}],"wp:term":[{"taxonomy":"category","embeddable":true,"href":"https:\/\/europeannewsroom.com\/fr\/wp-json\/wp\/v2\/categories?post=705591"},{"taxonomy":"post_tag","embeddable":true,"href":"https:\/\/europeannewsroom.com\/fr\/wp-json\/wp\/v2\/tags?post=705591"}],"curies":[{"name":"wp","href":"https:\/\/api.w.org\/{rel}","templated":true}]}}