{"id":709895,"date":"2024-12-03T18:33:37","date_gmt":"2024-12-03T17:33:37","guid":{"rendered":"https:\/\/europeannewsroom.com\/?p=709895"},"modified":"2024-12-03T18:33:42","modified_gmt":"2024-12-03T17:33:42","slug":"leurope-defendra-son-industrie-contre-la-concurrence-deloyale-declare-sejourne","status":"publish","type":"post","link":"https:\/\/europeannewsroom.com\/fr\/leurope-defendra-son-industrie-contre-la-concurrence-deloyale-declare-sejourne\/","title":{"rendered":"L&rsquo;Europe d\u00e9fendra son industrie contre la concurrence d\u00e9loyale, d\u00e9clare S\u00e9journ\u00e9"},"content":{"rendered":"\n<p class=\"wp-block-paragraph\">Gand (Belgique) &#8211; L&rsquo;Europe est pr\u00eate \u00e0 d\u00e9fendre son industrie contre les pratiques d\u00e9loyales de pays \u00e9trangers, a averti mardi le nouveau  vice-pr\u00e9sident de la Commission charg\u00e9 de la Prosp\u00e9rit\u00e9 et de la Strat\u00e9gie industrielle St\u00e9phane S\u00e9journ\u00e9, lors d&rsquo;une visite \u00e0 l&rsquo;aci\u00e9rie d&rsquo;ArcelorMittal \u00e0 Gand (nord-ouest de la Belgique).<\/p>\n\n\n\n<p class=\"wp-block-paragraph\">\u00ab\u00a0On ne peut pas \u00eatre le seul march\u00e9 ouvert. Je le dis aux Am\u00e9ricains : s&rsquo;ils veulent avoir acc\u00e8s au march\u00e9 europ\u00e9en, il faudra qu&rsquo;on ait acc\u00e8s au march\u00e9 am\u00e9ricain\u00a0\u00bb, a d\u00e9clar\u00e9 \u00e0 l&rsquo;AFP le responsable fran\u00e7ais, interrog\u00e9 sur la menace de droits de douane brandie par le pr\u00e9sident \u00e9lu Donald Trump.<\/p>\n\n\n\n<p class=\"wp-block-paragraph\">Ce d\u00e9placement dans une usine sid\u00e9rurgique qui emploie cinq mille personnes marque la priorit\u00e9 donn\u00e9e \u00e0 la comp\u00e9titivit\u00e9 \u00e9conomique par le nouvel ex\u00e9cutif europ\u00e9en.<\/p>\n\n\n\n<p class=\"wp-block-paragraph\">\u00ab&nbsp;La Commission travaille depuis des semaines sur un plan pour l&rsquo;industrie de l&rsquo;acier&nbsp;\u00bb, a expliqu\u00e9 St\u00e9phane S\u00e9journ\u00e9.<\/p>\n\n\n\n<p class=\"wp-block-paragraph\">La fili\u00e8re sid\u00e9rurgique europ\u00e9enne est plomb\u00e9e par la concurrence chinoise et embarqu\u00e9e dans une transition \u00e9cologique co\u00fbteuse. Elle paie son \u00e9nergie plus cher que ses concurrents am\u00e9ricains ou asiatiques. <\/p>\n\n\n\n<p class=\"wp-block-paragraph\">Soutenir l&rsquo;industrie n&rsquo;est \u00ab\u00a0pas contradictoire avec les objectifs pour l&rsquo;environnement, au contraire\u00a0\u00bb, a estim\u00e9 l&rsquo;Espagnole Teresa Ribera, vice-pr\u00e9sidente de la Commission charg\u00e9e de la Transition \u00e9cologique et de la Concurrence, \u00e9galement pr\u00e9sente \u00e0 Gand mardi.(3 d\u00e9cembre 2024)<\/p>\n","protected":false},"excerpt":{"rendered":"<p>Le nouveau commissaire europ\u00e9en charg\u00e9 du March\u00e9 int\u00e9rieur, St\u00e9phane S\u00e9journ\u00e9, a d\u00e9clar\u00e9 que l\u2019UE d\u00e9fendrait son industrie, et notamment sa sid\u00e9rurgie, contre la concurrence d\u00e9loyale de pays \u00e9trangers. <\/p>\n","protected":false},"author":21,"featured_media":709942,"comment_status":"closed","ping_status":"closed","sticky":false,"template":"","format":"standard","meta":{"_acf_changed":false,"_et_pb_use_builder":"","_et_pb_old_content":"","_et_gb_content_width":"","footnotes":""},"categories":[45],"tags":[],"class_list":["post-709895","post","type-post","status-publish","format-standard","has-post-thumbnail","hentry","category-europe-in-brief"],"acf":[],"_links":{"self":[{"href":"https:\/\/europeannewsroom.com\/fr\/wp-json\/wp\/v2\/posts\/709895","targetHints":{"allow":["GET"]}}],"collection":[{"href":"https:\/\/europeannewsroom.com\/fr\/wp-json\/wp\/v2\/posts"}],"about":[{"href":"https:\/\/europeannewsroom.com\/fr\/wp-json\/wp\/v2\/types\/post"}],"author":[{"embeddable":true,"href":"https:\/\/europeannewsroom.com\/fr\/wp-json\/wp\/v2\/users\/21"}],"replies":[{"embeddable":true,"href":"https:\/\/europeannewsroom.com\/fr\/wp-json\/wp\/v2\/comments?post=709895"}],"version-history":[{"count":0,"href":"https:\/\/europeannewsroom.com\/fr\/wp-json\/wp\/v2\/posts\/709895\/revisions"}],"wp:featuredmedia":[{"embeddable":true,"href":"https:\/\/europeannewsroom.com\/fr\/wp-json\/wp\/v2\/media\/709942"}],"wp:attachment":[{"href":"https:\/\/europeannewsroom.com\/fr\/wp-json\/wp\/v2\/media?parent=709895"}],"wp:term":[{"taxonomy":"category","embeddable":true,"href":"https:\/\/europeannewsroom.com\/fr\/wp-json\/wp\/v2\/categories?post=709895"},{"taxonomy":"post_tag","embeddable":true,"href":"https:\/\/europeannewsroom.com\/fr\/wp-json\/wp\/v2\/tags?post=709895"}],"curies":[{"name":"wp","href":"https:\/\/api.w.org\/{rel}","templated":true}]}}