{"id":713558,"date":"2024-12-04T19:10:04","date_gmt":"2024-12-04T18:10:04","guid":{"rendered":"https:\/\/europeannewsroom.com\/?p=713558"},"modified":"2024-12-04T19:10:09","modified_gmt":"2024-12-04T18:10:09","slug":"mercosur-reve-dune-signature-historique-avec-lue","status":"publish","type":"post","link":"https:\/\/europeannewsroom.com\/fr\/mercosur-reve-dune-signature-historique-avec-lue\/","title":{"rendered":"Mercosur r\u00eave d&rsquo;une signature \u00ab\u00a0historique\u00a0\u00bb avec l&rsquo;UE"},"content":{"rendered":"\n<p class=\"wp-block-paragraph\">Montevideo \u2013 La conclusion d&rsquo;un accord de libre-\u00e9change entre l\u2019UE et cinq pays latinoam\u00e9ricains du Mercosur est r\u00e9clam\u00e9e avec insistance par l&rsquo;Allemagne, malgr\u00e9 les r\u00e9ticences de la France et de la Pologne.<\/p>\n\n\n\n<p class=\"wp-block-paragraph\">Les contours de ce pacte commercial entre l&rsquo;Argentine, le Br\u00e9sil, le Paraguay et l&rsquo;Uruguay, rejoints par la Bolivie, et l&rsquo;UE, en n\u00e9gociations depuis 25 ans, ont \u00e9t\u00e9 arr\u00eat\u00e9s en 2019. Et pour la cheffe de la diplomatie allemande Annalena Baerbock il est temps que \u00ab\u00a0la Commission europ\u00e9enne (le) finalise politiquement\u00a0\u00bb, car selon elle c\u2019\u00ab\u00a0est probablement la derni\u00e8re chance de le faire\u00a0\u00bb.<\/p>\n\n\n\n<p class=\"wp-block-paragraph\">Le pr\u00e9sident br\u00e9silien Luiz Inacio Lula da Silva, est fervent d\u00e9fenseur de l&rsquo;accord qu&rsquo;il voudrait \u00ab&nbsp;signer d&rsquo;ici la fin de l&rsquo;ann\u00e9e\u00a0\u00bb. \u00ab\u00a0Si les Fran\u00e7ais ne veulent pas de cet accord&#8230; ils ne d\u00e9cident plus de rien, c&rsquo;est la Commission europ\u00e9enne qui d\u00e9cide&nbsp;\u00bb, avait-il d\u00e9clar\u00e9 fin novembre.<\/p>\n\n\n\n<p class=\"wp-block-paragraph\">Paris s&rsquo;oppose \u00ab&nbsp;pleinement, r\u00e9solument&nbsp;\u00bb \u00e0 tout accord \u00ab&nbsp;dans les conditions actuelles&nbsp;\u00bb car il ne garantit pas des \u00ab&nbsp;conditions de concurrence loyale pour nos agriculteurs&nbsp;\u00bb, selon la ministre de l&rsquo;Agriculture Annie Genevard. (4 d\u00e9cembre 2024) &nbsp;&nbsp;<\/p>\n","protected":false},"excerpt":{"rendered":"<p>Les pays du Mercosur esp\u00e8rent une finalisation \u00ab\u00a0historique\u00a0\u00bb de l&rsquo;accord commercial avec l&rsquo;Union europ\u00e9enne lors du 65e sommet qui s&rsquo;ouvre vendredi \u00e0 Montevideo.<\/p>\n","protected":false},"author":21,"featured_media":713628,"comment_status":"closed","ping_status":"closed","sticky":false,"template":"","format":"standard","meta":{"_acf_changed":false,"_et_pb_use_builder":"","_et_pb_old_content":"","_et_gb_content_width":"","footnotes":""},"categories":[45],"tags":[],"class_list":["post-713558","post","type-post","status-publish","format-standard","has-post-thumbnail","hentry","category-europe-in-brief"],"acf":[],"_links":{"self":[{"href":"https:\/\/europeannewsroom.com\/fr\/wp-json\/wp\/v2\/posts\/713558","targetHints":{"allow":["GET"]}}],"collection":[{"href":"https:\/\/europeannewsroom.com\/fr\/wp-json\/wp\/v2\/posts"}],"about":[{"href":"https:\/\/europeannewsroom.com\/fr\/wp-json\/wp\/v2\/types\/post"}],"author":[{"embeddable":true,"href":"https:\/\/europeannewsroom.com\/fr\/wp-json\/wp\/v2\/users\/21"}],"replies":[{"embeddable":true,"href":"https:\/\/europeannewsroom.com\/fr\/wp-json\/wp\/v2\/comments?post=713558"}],"version-history":[{"count":0,"href":"https:\/\/europeannewsroom.com\/fr\/wp-json\/wp\/v2\/posts\/713558\/revisions"}],"wp:featuredmedia":[{"embeddable":true,"href":"https:\/\/europeannewsroom.com\/fr\/wp-json\/wp\/v2\/media\/713628"}],"wp:attachment":[{"href":"https:\/\/europeannewsroom.com\/fr\/wp-json\/wp\/v2\/media?parent=713558"}],"wp:term":[{"taxonomy":"category","embeddable":true,"href":"https:\/\/europeannewsroom.com\/fr\/wp-json\/wp\/v2\/categories?post=713558"},{"taxonomy":"post_tag","embeddable":true,"href":"https:\/\/europeannewsroom.com\/fr\/wp-json\/wp\/v2\/tags?post=713558"}],"curies":[{"name":"wp","href":"https:\/\/api.w.org\/{rel}","templated":true}]}}