{"id":718533,"date":"2024-12-05T19:24:30","date_gmt":"2024-12-05T18:24:30","guid":{"rendered":"https:\/\/europeannewsroom.com\/?p=718533"},"modified":"2024-12-05T19:25:27","modified_gmt":"2024-12-05T18:25:27","slug":"accord-ue-mercosur-von-der-leyen-prend-un-risque-si-elle-conclut-les-negociations-source-diplomatique-francaise","status":"publish","type":"post","link":"https:\/\/europeannewsroom.com\/fr\/accord-ue-mercosur-von-der-leyen-prend-un-risque-si-elle-conclut-les-negociations-source-diplomatique-francaise\/","title":{"rendered":"Accord UE-Mercosur : von der Leyen prend \u00ab\u00a0un risque\u00a0\u00bb si elle conclut les n\u00e9gociations\u00a0(source diplomatique fran\u00e7aise)"},"content":{"rendered":"\n<p class=\"wp-block-paragraph\">Paris &#8211; La pr\u00e9sidente de la Commission europ\u00e9enne Ursula von der Leyen \u00ab&nbsp;prend une responsabilit\u00e9 et un risque&nbsp;\u00bb si elle conclut \u00e0 Montevideo les n\u00e9gociations d&rsquo;un accord de libre-\u00e9change entre l&rsquo;UE et le bloc sud-am\u00e9ricain du Mercosur, a pr\u00e9venu jeudi une source diplomatique fran\u00e7aise.<\/p>\n\n\n\n<p class=\"wp-block-paragraph\">\u00ab&nbsp;Le contenu final de l&rsquo;accord n\u00e9goci\u00e9 n&rsquo;a encore \u00e9t\u00e9 pr\u00e9sent\u00e9 \u00e0 aucun Etat membre&nbsp;\u00bb, a ajout\u00e9 cette source. La Commission \u00ab&nbsp;devra juridiquement obtenir l&rsquo;accord du Conseil&nbsp;\u00bb, qui r\u00e9unit les chefs d&rsquo;Etat ou de gouvernement des Vingt-Sept, \u00ab&nbsp;pour \u00eatre autoris\u00e9e \u00e0 le signer&nbsp;\u00bb, a-t-elle soulign\u00e9.<\/p>\n\n\n\n<p class=\"wp-block-paragraph\">Ursula von der Leyen \u00e9tait attendue jeudi \u00e0 Montevideo au sommet des pays du Mercosur. \u00ab&nbsp;La ligne d&rsquo;arriv\u00e9e de l&rsquo;accord UE-Mercosur est en vue. Travaillons ensemble, franchissons-la&nbsp;\u00bb, a-t-elle \u00e9crit sur X en route vers l&rsquo;Uruguay.<\/p>\n\n\n\n<p class=\"wp-block-paragraph\">Dans un appel t\u00e9l\u00e9phonique jeudi matin, le pr\u00e9sident fran\u00e7ais Emmanuel Macron lui a \u00ab\u00a0redit\u00a0\u00bb que le texte \u00e9tait \u00ab\u00a0inacceptable en l&rsquo;\u00e9tat\u00a0\u00bb pour la France, a annonc\u00e9 dans la foul\u00e9e l&rsquo;Elys\u00e9e sur son compte X. (5 d\u00e9cembre 2024)<\/p>\n","protected":false},"excerpt":{"rendered":"<p>Paris a mis en garde Ursula von der Leyen contre une \u00e9ventuelle annonce de la conclusion des n\u00e9gociations sur l\u2019accord UE-Mercosur lors du sommet de cette organisation sud-am\u00e9ricaine qui s&rsquo;est ouvert en Uruguay.<\/p>\n","protected":false},"author":21,"featured_media":718580,"comment_status":"closed","ping_status":"closed","sticky":false,"template":"","format":"standard","meta":{"_acf_changed":false,"_et_pb_use_builder":"","_et_pb_old_content":"","_et_gb_content_width":"","footnotes":""},"categories":[45],"tags":[],"class_list":["post-718533","post","type-post","status-publish","format-standard","has-post-thumbnail","hentry","category-europe-in-brief"],"acf":[],"_links":{"self":[{"href":"https:\/\/europeannewsroom.com\/fr\/wp-json\/wp\/v2\/posts\/718533","targetHints":{"allow":["GET"]}}],"collection":[{"href":"https:\/\/europeannewsroom.com\/fr\/wp-json\/wp\/v2\/posts"}],"about":[{"href":"https:\/\/europeannewsroom.com\/fr\/wp-json\/wp\/v2\/types\/post"}],"author":[{"embeddable":true,"href":"https:\/\/europeannewsroom.com\/fr\/wp-json\/wp\/v2\/users\/21"}],"replies":[{"embeddable":true,"href":"https:\/\/europeannewsroom.com\/fr\/wp-json\/wp\/v2\/comments?post=718533"}],"version-history":[{"count":0,"href":"https:\/\/europeannewsroom.com\/fr\/wp-json\/wp\/v2\/posts\/718533\/revisions"}],"wp:featuredmedia":[{"embeddable":true,"href":"https:\/\/europeannewsroom.com\/fr\/wp-json\/wp\/v2\/media\/718580"}],"wp:attachment":[{"href":"https:\/\/europeannewsroom.com\/fr\/wp-json\/wp\/v2\/media?parent=718533"}],"wp:term":[{"taxonomy":"category","embeddable":true,"href":"https:\/\/europeannewsroom.com\/fr\/wp-json\/wp\/v2\/categories?post=718533"},{"taxonomy":"post_tag","embeddable":true,"href":"https:\/\/europeannewsroom.com\/fr\/wp-json\/wp\/v2\/tags?post=718533"}],"curies":[{"name":"wp","href":"https:\/\/api.w.org\/{rel}","templated":true}]}}