{"id":720672,"date":"2024-12-06T15:54:50","date_gmt":"2024-12-06T14:54:50","guid":{"rendered":"https:\/\/europeannewsroom.com\/?p=720672"},"modified":"2024-12-06T15:54:55","modified_gmt":"2024-12-06T14:54:55","slug":"mercosur-laccord-annonce-par-la-commission-europeenne-nengage-quelle-ministre-demissionnaire-francaise","status":"publish","type":"post","link":"https:\/\/europeannewsroom.com\/fr\/mercosur-laccord-annonce-par-la-commission-europeenne-nengage-quelle-ministre-demissionnaire-francaise\/","title":{"rendered":"Mercosur : l&rsquo;accord annonc\u00e9 par la Commission europ\u00e9enne \u00ab\u00a0n&rsquo;engage qu&rsquo;elle\u00a0\u00bb (ministre d\u00e9missionnaire fran\u00e7aise)"},"content":{"rendered":"\n<p class=\"wp-block-paragraph\">Paris &#8211; L&rsquo;annonce d&rsquo;un accord par la Commission europ\u00e9enne entre les pays de l&rsquo;Union europ\u00e9enne et ceux du Mercosur sur un trait\u00e9 commercial \u00ab&nbsp;n&rsquo;engage qu&rsquo;elle&nbsp;\u00bb, a comment\u00e9 vendredi la ministre d\u00e9l\u00e9gu\u00e9e au Commerce ext\u00e9rieur d\u00e9missionnaire de la France, Sophie Primas.<\/p>\n\n\n\n<p class=\"wp-block-paragraph\">\u00ab&nbsp;Ce qu&rsquo;il se passe \u00e0 Montevideo n&rsquo;est pas une signature de l&rsquo;accord mais simplement la conclusion politique de la n\u00e9gociation. Celle-ci n&rsquo;engage que la Commission, pas les Etats membres&nbsp;\u00bb, a affirm\u00e9 la ministre dans une d\u00e9claration transmise \u00e0 l&rsquo;AFP, ajoutant que \u00ab&nbsp;la Commission prend ses responsabilit\u00e9s de n\u00e9gociatrice, mais cela n&rsquo;engage qu&rsquo;elle&nbsp;\u00bb.<\/p>\n\n\n\n<p class=\"wp-block-paragraph\">L\u2019alliance syndicale agricole majoritaire fran\u00e7aise a d\u00e9nonc\u00e9 un accord qui \u00ab&nbsp;trahit les agriculteurs europ\u00e9ens&nbsp;\u00bb.<\/p>\n\n\n\n<p class=\"wp-block-paragraph\">De son c\u00f4t\u00e9, le chancelier allemand Olaf Scholz s&rsquo;est f\u00e9licit\u00e9 de la conclusion des n\u00e9gociations. \u00ab&nbsp;L&rsquo;accord politique entre les pays du Mercosur et l&rsquo;UE est l\u00e0. Un obstacle important a \u00e9t\u00e9 lev\u00e9&nbsp;\u00bb, a \u00e9crit le chancelier sur X. \u00ab&nbsp;Plus de 700 millions de personnes pourront b\u00e9n\u00e9ficier d&rsquo;un march\u00e9 libre, de plus de croissance et de comp\u00e9titivit\u00e9&nbsp;\u00bb, a-t-il ajout\u00e9. (6 d\u00e9cembre 2024)<\/p>\n","protected":false},"excerpt":{"rendered":"<p>Une ministre fran\u00e7aise a estim\u00e9 vendredi que l\u2019annonce \u00e0 Montevideo d\u2019un accord entre l\u2019UE et le Mercosur engage uniquement la Commission europ\u00e9enne et non les pays membres. <\/p>\n","protected":false},"author":21,"featured_media":720679,"comment_status":"closed","ping_status":"closed","sticky":false,"template":"","format":"standard","meta":{"_acf_changed":false,"_et_pb_use_builder":"","_et_pb_old_content":"","_et_gb_content_width":"","footnotes":""},"categories":[45],"tags":[],"class_list":["post-720672","post","type-post","status-publish","format-standard","has-post-thumbnail","hentry","category-europe-in-brief"],"acf":[],"_links":{"self":[{"href":"https:\/\/europeannewsroom.com\/fr\/wp-json\/wp\/v2\/posts\/720672","targetHints":{"allow":["GET"]}}],"collection":[{"href":"https:\/\/europeannewsroom.com\/fr\/wp-json\/wp\/v2\/posts"}],"about":[{"href":"https:\/\/europeannewsroom.com\/fr\/wp-json\/wp\/v2\/types\/post"}],"author":[{"embeddable":true,"href":"https:\/\/europeannewsroom.com\/fr\/wp-json\/wp\/v2\/users\/21"}],"replies":[{"embeddable":true,"href":"https:\/\/europeannewsroom.com\/fr\/wp-json\/wp\/v2\/comments?post=720672"}],"version-history":[{"count":0,"href":"https:\/\/europeannewsroom.com\/fr\/wp-json\/wp\/v2\/posts\/720672\/revisions"}],"wp:featuredmedia":[{"embeddable":true,"href":"https:\/\/europeannewsroom.com\/fr\/wp-json\/wp\/v2\/media\/720679"}],"wp:attachment":[{"href":"https:\/\/europeannewsroom.com\/fr\/wp-json\/wp\/v2\/media?parent=720672"}],"wp:term":[{"taxonomy":"category","embeddable":true,"href":"https:\/\/europeannewsroom.com\/fr\/wp-json\/wp\/v2\/categories?post=720672"},{"taxonomy":"post_tag","embeddable":true,"href":"https:\/\/europeannewsroom.com\/fr\/wp-json\/wp\/v2\/tags?post=720672"}],"curies":[{"name":"wp","href":"https:\/\/api.w.org\/{rel}","templated":true}]}}