{"id":726325,"date":"2024-12-09T16:35:21","date_gmt":"2024-12-09T15:35:21","guid":{"rendered":"https:\/\/europeannewsroom.com\/?p=726325"},"modified":"2024-12-09T16:35:26","modified_gmt":"2024-12-09T15:35:26","slug":"laccord-ue-mercosur-beneficiera-principalement-a-leurope-assure-le-president-du-paraguay","status":"publish","type":"post","link":"https:\/\/europeannewsroom.com\/fr\/laccord-ue-mercosur-beneficiera-principalement-a-leurope-assure-le-president-du-paraguay\/","title":{"rendered":"L&rsquo;accord UE-Mercosur\u00a0b\u00e9n\u00e9ficiera \u00ab\u00a0principalement\u00a0\u00bb \u00e0 l&rsquo;Europe, assure le pr\u00e9sident du Paraguay"},"content":{"rendered":"\n<p class=\"wp-block-paragraph\">Paris &#8211; L&rsquo;accord de libre-\u00e9change, conclu vendredi entre l&rsquo;Union europ\u00e9enne et le Mercosur, b\u00e9n\u00e9ficiera \u00ab\u00a0principalement\u00a0\u00bb \u00e0 l&rsquo;Europe, a assur\u00e9 lundi \u00e0 Paris Santiago Pe\u00f1a, le pr\u00e9sident du Paraguay, un Etat membre du Mercosur, en visite en France.<\/p>\n\n\n\n<p class=\"wp-block-paragraph\">Cet accord, critiqu\u00e9 par plusieurs pays europ\u00e9ens, particuli\u00e8rement la France, \u00ab\u00a0va apporter des b\u00e9n\u00e9fices principalement \u00e0 l&rsquo;Europe, et aussi \u00e0 l&rsquo;Am\u00e9rique latine\u00a0\u00bb, a d\u00e9clar\u00e9 M. Pe\u00f1a \u00e0 l&rsquo;AFP, avant une rencontre pr\u00e9vue lundi apr\u00e8s-midi avec son homologue fran\u00e7ais Emmanuel Macron.<\/p>\n\n\n\n<p class=\"wp-block-paragraph\">\u00ab\u00a0Il faut essayer de mieux comprendre, il faut d\u00e9passer nos peurs\u00a0\u00bb, a encore estim\u00e9 le pr\u00e9sident paraguayen, pour qui \u00ab\u00a0les processus de changement sont toujours difficiles, car ceux qui sentent qu&rsquo;ils vont perdre un privil\u00e8ge sont les premiers \u00e0 le d\u00e9couvrir et la grande majorit\u00e9 de ceux qui en b\u00e9n\u00e9ficieront sont les derniers \u00e0 le savoir\u00a0\u00bb.<\/p>\n\n\n\n<p class=\"wp-block-paragraph\">D&rsquo;o\u00f9 le besoin selon lui que \u00ab\u00a0l&rsquo;information circule correctement dans tous les secteurs\u00a0\u00bb, afin que ceux qui ont peur se tranquillisent et que les gagnants de l&rsquo;accord sachent qu&rsquo;ils vont \u00ab\u00a0gagner \u00e9norm\u00e9ment\u00a0\u00bb. (9 d\u00e9cembre 2024)<\/p>\n","protected":false},"excerpt":{"rendered":"<p>Le pr\u00e9sident du Paraguay, pays membre du Mercosur, estime que l\u2019accord de libre-\u00e9change entre l\u2019UE et ce groupe d\u2019Etats latinoam\u00e9ricains \u2013 critiqu\u00e9 par la France et la Pologne &#8211; sera profitable pour l\u2019Europe.  <\/p>\n","protected":false},"author":21,"featured_media":726327,"comment_status":"closed","ping_status":"closed","sticky":false,"template":"","format":"standard","meta":{"_acf_changed":false,"_et_pb_use_builder":"","_et_pb_old_content":"","_et_gb_content_width":"","footnotes":""},"categories":[45],"tags":[],"class_list":["post-726325","post","type-post","status-publish","format-standard","has-post-thumbnail","hentry","category-europe-in-brief"],"acf":[],"_links":{"self":[{"href":"https:\/\/europeannewsroom.com\/fr\/wp-json\/wp\/v2\/posts\/726325","targetHints":{"allow":["GET"]}}],"collection":[{"href":"https:\/\/europeannewsroom.com\/fr\/wp-json\/wp\/v2\/posts"}],"about":[{"href":"https:\/\/europeannewsroom.com\/fr\/wp-json\/wp\/v2\/types\/post"}],"author":[{"embeddable":true,"href":"https:\/\/europeannewsroom.com\/fr\/wp-json\/wp\/v2\/users\/21"}],"replies":[{"embeddable":true,"href":"https:\/\/europeannewsroom.com\/fr\/wp-json\/wp\/v2\/comments?post=726325"}],"version-history":[{"count":0,"href":"https:\/\/europeannewsroom.com\/fr\/wp-json\/wp\/v2\/posts\/726325\/revisions"}],"wp:featuredmedia":[{"embeddable":true,"href":"https:\/\/europeannewsroom.com\/fr\/wp-json\/wp\/v2\/media\/726327"}],"wp:attachment":[{"href":"https:\/\/europeannewsroom.com\/fr\/wp-json\/wp\/v2\/media?parent=726325"}],"wp:term":[{"taxonomy":"category","embeddable":true,"href":"https:\/\/europeannewsroom.com\/fr\/wp-json\/wp\/v2\/categories?post=726325"},{"taxonomy":"post_tag","embeddable":true,"href":"https:\/\/europeannewsroom.com\/fr\/wp-json\/wp\/v2\/tags?post=726325"}],"curies":[{"name":"wp","href":"https:\/\/api.w.org\/{rel}","templated":true}]}}