{"id":738713,"date":"2024-12-11T16:08:13","date_gmt":"2024-12-11T15:08:13","guid":{"rendered":"https:\/\/europeannewsroom.com\/?p=738713"},"modified":"2024-12-11T16:08:18","modified_gmt":"2024-12-11T15:08:18","slug":"selon-lue-les-etats-peuvent-limiter-les-droits-des-demandeurs-dasile-instrumentalises-par-la-russie","status":"publish","type":"post","link":"https:\/\/europeannewsroom.com\/fr\/selon-lue-les-etats-peuvent-limiter-les-droits-des-demandeurs-dasile-instrumentalises-par-la-russie\/","title":{"rendered":"Selon l\u2019UE, les Etats peuvent limiter les droits des demandeurs d&rsquo;asile \u00ab\u00a0instrumentalis\u00e9s\u00a0\u00bb par la Russie"},"content":{"rendered":"\n<p class=\"wp-block-paragraph\">Bruxelles &#8211; La Commission europ\u00e9enne a estim\u00e9 mercredi que les Etats europ\u00e9ens pouvaient limiter les droits des demandeurs d&rsquo;asile \u00ab&nbsp;instrumentalis\u00e9s&nbsp;\u00bb par la Russie, apportant un soutien clair \u00e0 la Pologne face aux \u00ab&nbsp;attaques hybrides&nbsp;\u00bb.<\/p>\n\n\n\n<p class=\"wp-block-paragraph\">En cas \u00ab&nbsp;d&rsquo;instrumentalisation&nbsp;\u00bb des migrants,&nbsp;les Etats membres peuvent exceptionnellement limiter l&rsquo;exercice des \u00ab&nbsp;droits fondamentaux&nbsp;\u00bb comme le droit d&rsquo;asile, a annonc\u00e9 la commissaire Henna Virkkunen. Ces mesures doivent \u00eatre \u00ab&nbsp;exceptionnelles, temporaires, proportionn\u00e9es&nbsp;\u00bb.<\/p>\n\n\n\n<p class=\"wp-block-paragraph\">La Pologne accuse Moscou et Minsk d&rsquo;utiliser les migrants \u00e0 sa fronti\u00e8re pour d\u00e9stabiliser la r\u00e9gion et avait demand\u00e9 \u00e0 Bruxelles de pouvoir suspendre partiellement le droit d&rsquo;asile.<\/p>\n\n\n\n<p class=\"wp-block-paragraph\">\u00ab&nbsp;Nous soutenons nos \u00c9tats membres qui subissent cette pression \u00e0 leurs fronti\u00e8res&nbsp;\u00bb et ils peuvent prendre \u00ab&nbsp;certaines mesures exceptionnelles&nbsp;\u00bb, a d\u00e9clar\u00e9 Mme Virkkunen, vice-pr\u00e9sidente de la Commission en charge de la s\u00e9curit\u00e9 notamment.<\/p>\n\n\n\n<p class=\"wp-block-paragraph\">\u00ab&nbsp;Nous ne laisserons jamais les autocrates utiliser nos valeurs europ\u00e9ennes contre nous&nbsp;\u00bb, a lanc\u00e9 sur X la pr\u00e9sidente de la Commission, Ursula von der Leyen. (11 d\u00e9cembre 2024)&nbsp;<\/p>\n","protected":false},"excerpt":{"rendered":"<p>Bruxelles &#8211; La Commission europ\u00e9enne a estim\u00e9 mercredi que les Etats europ\u00e9ens pouvaient limiter les droits des demandeurs d&rsquo;asile \u00ab&nbsp;instrumentalis\u00e9s&nbsp;\u00bb par la Russie, apportant un soutien clair \u00e0 la Pologne face aux \u00ab&nbsp;attaques hybrides&nbsp;\u00bb. En cas \u00ab&nbsp;d&rsquo;instrumentalisation&nbsp;\u00bb des migrants,&nbsp;les Etats membres peuvent exceptionnellement limiter l&rsquo;exercice des \u00ab&nbsp;droits fondamentaux&nbsp;\u00bb comme le droit d&rsquo;asile, a annonc\u00e9 la [&hellip;]<\/p>\n","protected":false},"author":21,"featured_media":738714,"comment_status":"closed","ping_status":"closed","sticky":false,"template":"","format":"standard","meta":{"_acf_changed":false,"_et_pb_use_builder":"","_et_pb_old_content":"","_et_gb_content_width":"","footnotes":""},"categories":[45],"tags":[],"class_list":["post-738713","post","type-post","status-publish","format-standard","has-post-thumbnail","hentry","category-europe-in-brief"],"acf":[],"_links":{"self":[{"href":"https:\/\/europeannewsroom.com\/fr\/wp-json\/wp\/v2\/posts\/738713","targetHints":{"allow":["GET"]}}],"collection":[{"href":"https:\/\/europeannewsroom.com\/fr\/wp-json\/wp\/v2\/posts"}],"about":[{"href":"https:\/\/europeannewsroom.com\/fr\/wp-json\/wp\/v2\/types\/post"}],"author":[{"embeddable":true,"href":"https:\/\/europeannewsroom.com\/fr\/wp-json\/wp\/v2\/users\/21"}],"replies":[{"embeddable":true,"href":"https:\/\/europeannewsroom.com\/fr\/wp-json\/wp\/v2\/comments?post=738713"}],"version-history":[{"count":0,"href":"https:\/\/europeannewsroom.com\/fr\/wp-json\/wp\/v2\/posts\/738713\/revisions"}],"wp:featuredmedia":[{"embeddable":true,"href":"https:\/\/europeannewsroom.com\/fr\/wp-json\/wp\/v2\/media\/738714"}],"wp:attachment":[{"href":"https:\/\/europeannewsroom.com\/fr\/wp-json\/wp\/v2\/media?parent=738713"}],"wp:term":[{"taxonomy":"category","embeddable":true,"href":"https:\/\/europeannewsroom.com\/fr\/wp-json\/wp\/v2\/categories?post=738713"},{"taxonomy":"post_tag","embeddable":true,"href":"https:\/\/europeannewsroom.com\/fr\/wp-json\/wp\/v2\/tags?post=738713"}],"curies":[{"name":"wp","href":"https:\/\/api.w.org\/{rel}","templated":true}]}}