{"id":750998,"date":"2024-12-13T19:41:10","date_gmt":"2024-12-13T18:41:10","guid":{"rendered":"https:\/\/europeannewsroom.com\/les-representants-des-chambres-agroalimentaires-v4-rejettent-laccord-ue-mercosur\/"},"modified":"2024-12-13T19:41:10","modified_gmt":"2024-12-13T18:41:10","slug":"les-representants-des-chambres-agroalimentaires-v4-rejettent-laccord-ue-mercosur","status":"publish","type":"post","link":"https:\/\/europeannewsroom.com\/fr\/les-representants-des-chambres-agroalimentaires-v4-rejettent-laccord-ue-mercosur\/","title":{"rendered":"Les repr\u00e9sentants des chambres agroalimentaires V4 rejettent l&rsquo;accord UE-Mercosur"},"content":{"rendered":"<p>\u00ab\u00a0`html<\/p>\n<h4 class=\"wp-block-heading\">Bratislava\/Vysok\u00e9 Tatry &#8211; Les chambres agricoles et alimentaires de Slovaquie, R\u00e9publique tch\u00e8que, Hongrie et Pologne rejettent l&rsquo;accord commercial UE-Mercosur. Il est tr\u00e8s probable qu&rsquo;une s\u00e9rie de manifestations d\u00e9butera \u00e0 nouveau \u00e0 Bruxelles et d&rsquo;autres actions individuelles dans ces pays apr\u00e8s le Nouvel An. TASR a \u00e9t\u00e9 inform\u00e9 par la porte-parole de la Chambre agricole et alimentaire slovaque (SPPK) Jana Hol\u00e9ciov\u00e1.<\/h4>\n<p>Hol\u00e9ciov\u00e1 a pr\u00e9cis\u00e9 que les repr\u00e9sentants des quatre chambres agricoles et alimentaires des pays d&rsquo;Europe centrale se sont r\u00e9unis lors de la 86e r\u00e9union des chambres agricoles et alimentaires du Groupe de Visegr\u00e1d (V4), qui s&rsquo;est tenue jeudi et vendredi \u00e0 \u0160trbsk\u00e9 Pleso, et ont convenu que le public et les politiciens doivent savoir quel danger l&rsquo;accord avec le Mercosur repr\u00e9sente pour la sant\u00e9 de la population.<\/p>\n<p>Selon elle, l&rsquo;accord commercial avec les pays d&rsquo;Am\u00e9rique latine a particuli\u00e8rement inqui\u00e9t\u00e9 les agriculteurs et les industriels alimentaires europ\u00e9ens. Suite \u00e0 la position ferme de l&rsquo;organisation europ\u00e9enne COPA &#8211; COGECA et aux manifestations \u00e0 Bruxelles ces derniers jours, les producteurs alimentaires du V4 se joignent \u00e9galement \u00e0 l&rsquo;opposition \u00e0 la lib\u00e9ralisation du commerce avec le Br\u00e9sil, l&rsquo;Argentine, le Paraguay et l&rsquo;Uruguay (Mercosur).<\/p>\n<p>Les repr\u00e9sentants des chambres agricoles et alimentaires des pays du V4 ne voient pas, selon Hol\u00e9ciov\u00e1, l&rsquo;opportunit\u00e9 de d\u00e9veloppement dans cet accord, mais un niveau de risque exceptionnellement \u00e9lev\u00e9 pour les consommateurs et agriculteurs europ\u00e9ens. Un impact d\u00e9favorable est pr\u00e9vu notamment dans les segments de la viande bovine et de volaille, du miel ou du sucre. Les produits latino-am\u00e9ricains non seulement d\u00e9savantageront la production alimentaire dans l&rsquo;UE, mais l&rsquo;afflux d&rsquo;aliments bon march\u00e9 et de mauvaise qualit\u00e9 d&rsquo;outre-mer menacera la sant\u00e9 des Europ\u00e9ens et multipliera l&rsquo;impact n\u00e9gatif sur l&rsquo;environnement.<\/p>\n<p>\u00ab\u00a0Les agriculteurs des pays du V4 s&rsquo;attendent \u00e0 ce que la Commission europ\u00e9enne prenne davantage en compte les int\u00e9r\u00eats des producteurs locaux. Pour l&rsquo;instant, seuls les int\u00e9r\u00eats industriels dominent. C\u2019est pourquoi nous demanderons aux gouvernements et aux politiciens europ\u00e9ens d&rsquo;exclure le chapitre agricole de l&rsquo;accord Mercosur,\u00a0\u00bb a d\u00e9clar\u00e9 apr\u00e8s la r\u00e9union le pr\u00e9sident de la SPPK Andrej Gajdo\u0161.<\/p>\n<p>\u00ab\u00a0L&rsquo;UE veut d&rsquo;une part ouvrir les portes aux grandes fermes br\u00e9siliennes. Je ne comprends pas alors comment nous devons expliquer \u00e0 nos agriculteurs de r\u00e9duire les \u00e9missions de CO2 dans leurs activit\u00e9s, tout en permettant des importations massives de produits agricoles de la r\u00e9gion du Mercosur, qui r\u00e9sultent de zones d\u00e9bois\u00e9es des for\u00eats tropicales br\u00e9siliennes,\u00a0\u00bb a ajout\u00e9 le pr\u00e9sident de la Chambre agricole tch\u00e8que, Jan Dole\u017eal.<\/p>\n<p>\u00ab\u00a0Une s\u00e9rie de manifestations \u00e0 travers la Pologne a lieu depuis jeudi. Nous sommes inquiets de la direction que prend la lib\u00e9ralisation du commerce de l&rsquo;UE,\u00a0\u00bb a d\u00e9clar\u00e9 le vice-pr\u00e9sident du Conseil national des chambres agricoles de Pologne, Robert Nowak.<\/p>\n<p>En Hongrie, une grande campagne d&rsquo;information expliquant les risques de cet accord a d\u00e9j\u00e0 commenc\u00e9. \u00ab\u00a0Nous avons r\u00e9ussi \u00e0 atteindre une grande partie de nos agriculteurs et du public. \u00c0 ce jour, nous avons recueilli plus de 200 000 signatures. Nous voulons atteindre 250 000 signatures et remettre cette position oppos\u00e9e au Premier ministre,\u00a0\u00bb a d\u00e9clar\u00e9 le pr\u00e9sident de la Chambre agricole hongroise, Zsolt Papp.<\/p>\n<p>Selon Hol\u00e9ciov\u00e1, les chambres agricoles et alimentaires du V4 sont d\u00e9termin\u00e9es \u00e0 rejoindre les manifestations et \u00e0 organiser en parall\u00e8le leurs propres campagnes d&rsquo;information dans leurs pays d&rsquo;origine. L&rsquo;une d&rsquo;entre elles sera une initiative citoyenne europ\u00e9enne intitul\u00e9e Stop fake food, origin on label. La SPPK souhaite la lancer au Nouvel An. Ils recueilleront \u00e9galement des signatures dans les autres pays du V4. L&rsquo;objectif de l&rsquo;initiative est de recueillir un million de signatures de citoyens europ\u00e9ens pour que la Commission europ\u00e9enne soit oblig\u00e9e de s&rsquo;en occuper. (13 d\u00e9cembre)<\/p>\n<p>\u00ab\u00a0`<\/p>\n","protected":false},"excerpt":{"rendered":"<p>La porte-parole de la SPPK, Jana Hol\u00e9ciov\u00e1, a averti que les agroalimentaires des pays V4 craignent l&rsquo;accord de l&rsquo;UE avec le Mercosur.<\/p>\n","protected":false},"author":0,"featured_media":750999,"comment_status":"closed","ping_status":"closed","sticky":false,"template":"","format":"standard","meta":{"_acf_changed":false,"_et_pb_use_builder":"","_et_pb_old_content":"","_et_gb_content_width":"","footnotes":""},"categories":[],"tags":[],"class_list":["post-750998","post","type-post","status-publish","format-standard","has-post-thumbnail","hentry"],"acf":[],"_links":{"self":[{"href":"https:\/\/europeannewsroom.com\/fr\/wp-json\/wp\/v2\/posts\/750998","targetHints":{"allow":["GET"]}}],"collection":[{"href":"https:\/\/europeannewsroom.com\/fr\/wp-json\/wp\/v2\/posts"}],"about":[{"href":"https:\/\/europeannewsroom.com\/fr\/wp-json\/wp\/v2\/types\/post"}],"replies":[{"embeddable":true,"href":"https:\/\/europeannewsroom.com\/fr\/wp-json\/wp\/v2\/comments?post=750998"}],"version-history":[{"count":0,"href":"https:\/\/europeannewsroom.com\/fr\/wp-json\/wp\/v2\/posts\/750998\/revisions"}],"wp:featuredmedia":[{"embeddable":true,"href":"https:\/\/europeannewsroom.com\/fr\/wp-json\/wp\/v2\/media\/750999"}],"wp:attachment":[{"href":"https:\/\/europeannewsroom.com\/fr\/wp-json\/wp\/v2\/media?parent=750998"}],"wp:term":[{"taxonomy":"category","embeddable":true,"href":"https:\/\/europeannewsroom.com\/fr\/wp-json\/wp\/v2\/categories?post=750998"},{"taxonomy":"post_tag","embeddable":true,"href":"https:\/\/europeannewsroom.com\/fr\/wp-json\/wp\/v2\/tags?post=750998"}],"curies":[{"name":"wp","href":"https:\/\/api.w.org\/{rel}","templated":true}]}}