{"id":759919,"date":"2024-12-16T22:20:55","date_gmt":"2024-12-16T21:20:55","guid":{"rendered":"https:\/\/europeannewsroom.com\/?p=759919"},"modified":"2024-12-18T11:18:03","modified_gmt":"2024-12-18T10:18:03","slug":"cyclone-a-mayotte-solidarite-europeenne","status":"publish","type":"post","link":"https:\/\/europeannewsroom.com\/fr\/cyclone-a-mayotte-solidarite-europeenne\/","title":{"rendered":"Cyclone \u00e0 Mayotte : solidarit\u00e9 europ\u00e9enne"},"content":{"rendered":"\n<p class=\"wp-block-paragraph\"><\/p>\n\n\n\n<p class=\"wp-block-paragraph\">Parlement europ\u00e9en (Strasbourg, France) &#8211; Le Parlement europ\u00e9en, r\u00e9uni en session pl\u00e9ni\u00e8re \u00e0 Strasbourg, a observ\u00e9 lundi une minute de silence en hommage aux victimes du cyclone qui a d\u00e9vast\u00e9 l&rsquo;archipel de Mayotte.<\/p>\n\n\n\n<p class=\"wp-block-paragraph\">\u00ab&nbsp;Mayotte c&rsquo;est l&rsquo;Europe et l&rsquo;Europe ne vous abandonnera pas. Nous sommes d\u00e9termin\u00e9s \u00e0 vous apporter tout le soutien n\u00e9cessaire&nbsp;\u00bb, a d\u00e9clar\u00e9 la pr\u00e9sidente du Parlement europ\u00e9en, Roberta Metsola, dans une allocution \u00e0 l&rsquo;ouverture de la derni\u00e8re session de l&rsquo;ann\u00e9e.<\/p>\n\n\n\n<p class=\"wp-block-paragraph\">Mayotte, archipel fran\u00e7ais de l&rsquo;oc\u00e9an Indien, a \u00e9t\u00e9 ravag\u00e9 ce week-end par le cyclone Chido. Les autorit\u00e9s redoutent un bilan de \u00ab&nbsp;plusieurs centaines de morts&nbsp;\u00bb et une course contre la montre est engag\u00e9e pour venir en aide aux sinistr\u00e9s.<\/p>\n\n\n\n<p class=\"wp-block-paragraph\">\u00ab&nbsp;Le cyclone d\u00e9vastateur qui a frapp\u00e9 Mayotte a laiss\u00e9 sur son passage chagrin et destruction, des centaines de vies perdues, des maisons d\u00e9truites et des communaut\u00e9s profond\u00e9ment \u00e9branl\u00e9es mais qui demeurent debout&nbsp;\u00bb, a soulign\u00e9 Roberta Metsola devant les eurod\u00e9put\u00e9s.<\/p>\n\n\n\n<p class=\"wp-block-paragraph\">La pr\u00e9sidente de la Commission europ\u00e9enne, Ursula von der Leyen, avait d\u00e9j\u00e0 assur\u00e9 dimanche que l\u2019UE \u00e9tait pr\u00eate \u00e0 aider Mayotte. (16 d\u00e9cembre 2024)<\/p>\n","protected":false},"excerpt":{"rendered":"<p>Le Parlement europ\u00e9en et la pr\u00e9sidente de la Commission ont exprim\u00e9 leur solidarit\u00e9 avec la population de l\u2019archipel fran\u00e7ais de Mayotte, d\u00e9vast\u00e9 par le cyclone Chido qui a fait de nombreux morts et bless\u00e9s.<\/p>\n","protected":false},"author":21,"featured_media":759943,"comment_status":"closed","ping_status":"closed","sticky":false,"template":"","format":"standard","meta":{"_acf_changed":false,"_et_pb_use_builder":"","_et_pb_old_content":"","_et_gb_content_width":"","footnotes":""},"categories":[45],"tags":[],"class_list":["post-759919","post","type-post","status-publish","format-standard","has-post-thumbnail","hentry","category-europe-in-brief"],"acf":[],"_links":{"self":[{"href":"https:\/\/europeannewsroom.com\/fr\/wp-json\/wp\/v2\/posts\/759919","targetHints":{"allow":["GET"]}}],"collection":[{"href":"https:\/\/europeannewsroom.com\/fr\/wp-json\/wp\/v2\/posts"}],"about":[{"href":"https:\/\/europeannewsroom.com\/fr\/wp-json\/wp\/v2\/types\/post"}],"author":[{"embeddable":true,"href":"https:\/\/europeannewsroom.com\/fr\/wp-json\/wp\/v2\/users\/21"}],"replies":[{"embeddable":true,"href":"https:\/\/europeannewsroom.com\/fr\/wp-json\/wp\/v2\/comments?post=759919"}],"version-history":[{"count":0,"href":"https:\/\/europeannewsroom.com\/fr\/wp-json\/wp\/v2\/posts\/759919\/revisions"}],"wp:featuredmedia":[{"embeddable":true,"href":"https:\/\/europeannewsroom.com\/fr\/wp-json\/wp\/v2\/media\/759943"}],"wp:attachment":[{"href":"https:\/\/europeannewsroom.com\/fr\/wp-json\/wp\/v2\/media?parent=759919"}],"wp:term":[{"taxonomy":"category","embeddable":true,"href":"https:\/\/europeannewsroom.com\/fr\/wp-json\/wp\/v2\/categories?post=759919"},{"taxonomy":"post_tag","embeddable":true,"href":"https:\/\/europeannewsroom.com\/fr\/wp-json\/wp\/v2\/tags?post=759919"}],"curies":[{"name":"wp","href":"https:\/\/api.w.org\/{rel}","templated":true}]}}