{"id":761755,"date":"2024-12-17T14:03:45","date_gmt":"2024-12-17T13:03:45","guid":{"rendered":"https:\/\/europeannewsroom.com\/?p=761755"},"modified":"2024-12-17T14:03:57","modified_gmt":"2024-12-17T13:03:57","slug":"syrie-lue-doit-intensifier-sa-relation-avec-hts-dit-von-der-leyen","status":"publish","type":"post","link":"https:\/\/europeannewsroom.com\/fr\/syrie-lue-doit-intensifier-sa-relation-avec-hts-dit-von-der-leyen\/","title":{"rendered":"Syrie : l\u2019UE doit \u00ab\u00a0intensifier\u00a0\u00bb sa relation avec HTS, dit von der Leyen"},"content":{"rendered":"\n<p class=\"wp-block-paragraph\">Ankara \u2013 \u00ab\u00a0Nous devons maintenant intensifier notre engagement direct avec (le groupe islamiste) HTS et d&rsquo;autres factions\u00a0\u00bb en Syrie, a dit Ursula von der Leyen \u00e0 l&rsquo;issue d&rsquo;un entretien \u00e0 Ankara avec le pr\u00e9sident turc Recep Tayyip Erdogan.<\/p>\n\n\n\n<p class=\"wp-block-paragraph\">La cheffe de la diplomatie europ\u00e9enne, Kaja Kallas, avait indiqu\u00e9 peu avant depuis Strasbourg que l\u2019UE \u00e9tait \u00ab&nbsp;pr\u00eate&nbsp;\u00bb \u00e0 rouvrir son ambassade \u00e0 Damas, un peu plus d&rsquo;une semaine apr\u00e8s la chute de Bachar al-Assad.<\/p>\n\n\n\n<p class=\"wp-block-paragraph\">Ursula von der Leyen a par ailleurs jug\u00e9 que l\u2019UE et ses alli\u00e9s ne \u00ab&nbsp;peuvent pas permettr&nbsp;\u00bb la \u00ab&nbsp;r\u00e9surgence&nbsp;\u00bb en Syrie du groupe jihadiste \u00c9tat islamique (EI), qui n&rsquo;a jamais \u00e9t\u00e9 totalement \u00e9radiqu\u00e9.<\/p>\n\n\n\n<p class=\"wp-block-paragraph\">\u00ab&nbsp;Le risque d&rsquo;une r\u00e9surgence est r\u00e9el&nbsp;\u00bb, a-t-elle estim\u00e9 en soulignant que \u00ab&nbsp;l&rsquo;unit\u00e9 de la nation (syrienne) doit \u00eatre respect\u00e9e et les minorit\u00e9s prot\u00e9g\u00e9es&nbsp;\u00bb.<\/p>\n\n\n\n<p class=\"wp-block-paragraph\">L&rsquo;Union europ\u00e9enne va d\u00e9bloquer un milliard d&rsquo;euros suppl\u00e9mentaire pour financer l&rsquo;aide aux r\u00e9fugi\u00e9s en Turquie, a par ailleurs annonc\u00e9 la pr\u00e9sidente de la Commission. (17 d\u00e9cembre 2024)<\/p>\n","protected":false},"excerpt":{"rendered":"<p>L&rsquo;Union europ\u00e9enne doit \u00ab intensifier \u00bb sa relation avec le groupe islamiste Hayat Tahrir al-Sham (HTS) au pouvoir en Syrie depuis l&rsquo;\u00e9viction de Bachar al-Assad, a d\u00e9clar\u00e9 mardi la pr\u00e9sidente de la Commission.<\/p>\n","protected":false},"author":21,"featured_media":761808,"comment_status":"closed","ping_status":"closed","sticky":false,"template":"","format":"standard","meta":{"_acf_changed":false,"_et_pb_use_builder":"","_et_pb_old_content":"","_et_gb_content_width":"","footnotes":""},"categories":[45],"tags":[],"class_list":["post-761755","post","type-post","status-publish","format-standard","has-post-thumbnail","hentry","category-europe-in-brief"],"acf":[],"_links":{"self":[{"href":"https:\/\/europeannewsroom.com\/fr\/wp-json\/wp\/v2\/posts\/761755","targetHints":{"allow":["GET"]}}],"collection":[{"href":"https:\/\/europeannewsroom.com\/fr\/wp-json\/wp\/v2\/posts"}],"about":[{"href":"https:\/\/europeannewsroom.com\/fr\/wp-json\/wp\/v2\/types\/post"}],"author":[{"embeddable":true,"href":"https:\/\/europeannewsroom.com\/fr\/wp-json\/wp\/v2\/users\/21"}],"replies":[{"embeddable":true,"href":"https:\/\/europeannewsroom.com\/fr\/wp-json\/wp\/v2\/comments?post=761755"}],"version-history":[{"count":0,"href":"https:\/\/europeannewsroom.com\/fr\/wp-json\/wp\/v2\/posts\/761755\/revisions"}],"wp:featuredmedia":[{"embeddable":true,"href":"https:\/\/europeannewsroom.com\/fr\/wp-json\/wp\/v2\/media\/761808"}],"wp:attachment":[{"href":"https:\/\/europeannewsroom.com\/fr\/wp-json\/wp\/v2\/media?parent=761755"}],"wp:term":[{"taxonomy":"category","embeddable":true,"href":"https:\/\/europeannewsroom.com\/fr\/wp-json\/wp\/v2\/categories?post=761755"},{"taxonomy":"post_tag","embeddable":true,"href":"https:\/\/europeannewsroom.com\/fr\/wp-json\/wp\/v2\/tags?post=761755"}],"curies":[{"name":"wp","href":"https:\/\/api.w.org\/{rel}","templated":true}]}}